
			
				

					
				

			
		{"items":"\n\t\t\t\t\t\t\t\t\t\t\t\t\t\t<link rel=\"stylesheet\" id=\"wd-post-types-mod-categories-style-bg-css\" href=\"https:\/\/revistaexpofrio.com\/wp-content\/themes\/woodmart\/css\/parts\/post-types-mod-categories-style-bg.min.css?ver=8.3.4\" type=\"text\/css\" media=\"all\" \/> \t\t\t\n<article id=\"post-22347\" class=\"wd-post blog-design-masonry blog-post-loop blog-style-bg wd-add-shadow wd-col post-22347 post type-post status-publish format-standard has-post-thumbnail hentry category-mundo-hvacr category-noticias tag-alemania tag-mitsubishi-electric tag-nombramiento\">\n\t<div class=\"wd-post-inner article-inner\">\n\t\t\t\t\t<div class=\"wd-post-thumb entry-header\">\n\t\t\t\t\t\t\t\t\t<div class=\"wd-post-img post-img-wrapp\">\n\t\t\t\t\t\t<img width=\"1024\" height=\"576\" src=\"https:\/\/revistaexpofrio.com\/wp-content\/uploads\/2026\/04\/Mitsubishi-Electric-presidente-Alemania-1024x576.webp\" class=\"attachment-large size-large\" alt=\"Mitsubishi Electric presidente Alemania\" decoding=\"async\" fetchpriority=\"high\" srcset=\"https:\/\/revistaexpofrio.com\/wp-content\/uploads\/2026\/04\/Mitsubishi-Electric-presidente-Alemania-1024x576.webp 1024w, https:\/\/revistaexpofrio.com\/wp-content\/uploads\/2026\/04\/Mitsubishi-Electric-presidente-Alemania-300x169.webp 300w, https:\/\/revistaexpofrio.com\/wp-content\/uploads\/2026\/04\/Mitsubishi-Electric-presidente-Alemania-768x432.webp 768w, https:\/\/revistaexpofrio.com\/wp-content\/uploads\/2026\/04\/Mitsubishi-Electric-presidente-Alemania-1536x864.webp 1536w, https:\/\/revistaexpofrio.com\/wp-content\/uploads\/2026\/04\/Mitsubishi-Electric-presidente-Alemania.webp 1920w\" sizes=\"(max-width: 1024px) 100vw, 1024px\" \/>\t\t\t\t\t<\/div>\n\t\t\t\t\t\t\t\t\t\t<a class=\"wd-fill\" tabindex=\"-1\" href=\"https:\/\/revistaexpofrio.com\/mitsubishi-electric-nombra-a-mario-poltronieri-presidente-en-alemania\/\" aria-label=\"Link on post Mitsubishi Electric nombra a Mario Poltronieri presidente en Alemania\"><\/a>\n\t\t\t\t\n\t\t\t\t\t\t\t\t\t\t\t\t<link rel=\"stylesheet\" id=\"wd-post-types-mod-date-style-bg-css\" href=\"https:\/\/revistaexpofrio.com\/wp-content\/themes\/woodmart\/css\/parts\/post-types-mod-date-style-bg.min.css?ver=8.3.4\" type=\"text\/css\" media=\"all\" \/> \t\t\t\t\t\t<div class=\"wd-post-date wd-style-with-bg\">\n\t\t\t\t<span class=\"post-date-day\">\n\t\t\t\t\t22\t\t\t\t<\/span>\n\t\t\t\t<span class=\"post-date-month\">\n\t\t\t\t\tAbr\t\t\t\t<\/span>\n\t\t\t<\/div>\n\t\t\t\t\t\t\t\t\t<\/div>\n\t\t\n\t\t<div class=\"wd-post-content article-body-container\">\n\t\t\t\t\t\t\t<div class=\"wd-post-cat wd-style-with-bg meta-post-categories\">\n\t\t\t\t\t<a href=\"https:\/\/revistaexpofrio.com\/category\/mundo-hvacr\/\" rel=\"category tag\">Internacional<\/a>, <a href=\"https:\/\/revistaexpofrio.com\/category\/noticias\/\" rel=\"category tag\">Noticias HVAC-R<\/a>\t\t\t\t<\/div>\n\t\t\t\n\t\t\t\t\t\t\t<h3 class=\"wd-post-title wd-entities-title title post-title\">\n\t\t\t\t\t<a href=\"https:\/\/revistaexpofrio.com\/mitsubishi-electric-nombra-a-mario-poltronieri-presidente-en-alemania\/\" rel=\"bookmark\">Mitsubishi Electric nombra a Mario Poltronieri presidente en Alemania<\/a>\n\t\t\t\t<\/h3>\n\t\t\t\n\t\t\t\t\t\t\t<div class=\"wd-post-meta\">\n\t\t\t\t\t\t\t\t\t\t\t\t\t<link rel=\"stylesheet\" id=\"wd-blog-mod-author-css\" href=\"https:\/\/revistaexpofrio.com\/wp-content\/themes\/woodmart\/css\/parts\/blog-mod-author.min.css?ver=8.3.4\" type=\"text\/css\" media=\"all\" \/> \t\t\t\t\t\t\t\t<div class=\"wd-post-author\">\n\t\t\t\t\t\t\t\t\t\t\t<span>Posted by<\/span>\n\t\t\n\t\t\t\t\t<img width=\"18\" height=\"18\" src=\"https:\/\/revistaexpofrio.com\/wp-content\/themes\/woodmart\/images\/lazy.svg\" class=\"avatar avatar-18 photo\" alt=\"author-avatar\" decoding=\"async\" srcset=\"\" sizes=\"(max-width: 18px) 100vw, 18px\" data-src=\"https:\/\/revistaexpofrio.com\/wp-content\/uploads\/2026\/01\/Foto-carnet.jpg-150x150.jpeg\" data-srcset=\"https:\/\/revistaexpofrio.com\/wp-content\/uploads\/2026\/01\/Foto-carnet.jpg-150x150.jpeg 150w, https:\/\/revistaexpofrio.com\/wp-content\/uploads\/2026\/01\/Foto-carnet.jpg-300x300.jpeg 300w, https:\/\/revistaexpofrio.com\/wp-content\/uploads\/2026\/01\/Foto-carnet.jpg-768x768.jpeg 768w, https:\/\/revistaexpofrio.com\/wp-content\/uploads\/2026\/01\/Foto-carnet.jpg.jpeg 800w\" \/>\t\t\n\t\t\t\t\t<a href=\"https:\/\/revistaexpofrio.com\/author\/carlos-hijar\/\" class=\"author\" rel=\"author\">Carlos H\u00edjar<\/a>\n\t\t\t\t\t\t\t\t\t<\/div>\n\t\t\t\t\t<div class=\"wd-modified-date\">\n\t\t\t\t\t\t\t\t<time class=\"updated\" datetime=\"2026-04-22T17:16:12-05:00\">\n\t\t\t22 abril, 2026\t\t<\/time>\n\t\t\t\t\t\t\t<\/div>\n\n\t\t\t\t\t\t\t\t\t\t\t<div tabindex=\"0\" class=\"wd-post-share wd-tltp\">\n\t\t\t\t\t\t\t<div class=\"tooltip top\">\n\t\t\t\t\t\t\t\t<div class=\"tooltip-inner\">\n\t\t\t\t\t\t\t\t\t\t\t\t<link rel=\"stylesheet\" id=\"wd-social-icons-css\" href=\"https:\/\/revistaexpofrio.com\/wp-content\/themes\/woodmart\/css\/parts\/el-social-icons.min.css?ver=8.3.4\" type=\"text\/css\" media=\"all\" \/> \t\t\t\t\t\t<div\n\t\t\t\t\t\tclass=\" wd-social-icons wd-style-default wd-size-small social-share wd-shape-circle color-scheme-light text-center\">\n\t\t\t\t\n\t\t\t\t\n\t\t\t\t\t\t\t\t\t<a rel=\"noopener noreferrer nofollow\" href=\"https:\/\/www.facebook.com\/sharer\/sharer.php?u=https:\/\/revistaexpofrio.com\/mitsubishi-electric-nombra-a-mario-poltronieri-presidente-en-alemania\/\" target=\"_blank\" class=\" wd-social-icon social-facebook\" aria-label=\"Facebook social link\">\n\t\t\t\t\t\t<span class=\"wd-icon\"><\/span>\n\t\t\t\t\t\t\t\t\t\t\t<\/a>\n\t\t\t\t\n\t\t\t\t\t\t\t\t\t<a rel=\"noopener noreferrer nofollow\" href=\"https:\/\/x.com\/share?url=https:\/\/revistaexpofrio.com\/mitsubishi-electric-nombra-a-mario-poltronieri-presidente-en-alemania\/\" target=\"_blank\" class=\" wd-social-icon social-twitter\" aria-label=\"X social link\">\n\t\t\t\t\t\t<span class=\"wd-icon\"><\/span>\n\t\t\t\t\t\t\t\t\t\t\t<\/a>\n\t\t\t\t\n\t\t\t\t\n\t\t\t\t\n\t\t\t\t\n\t\t\t\t\n\t\t\t\t\n\t\t\t\t\t\t\t\t\t<a rel=\"noopener noreferrer nofollow\" href=\"https:\/\/pinterest.com\/pin\/create\/button\/?url=https:\/\/revistaexpofrio.com\/mitsubishi-electric-nombra-a-mario-poltronieri-presidente-en-alemania\/&media=https:\/\/revistaexpofrio.com\/wp-content\/uploads\/2026\/04\/Mitsubishi-Electric-presidente-Alemania.webp&description=Mitsubishi+Electric+nombra+a+Mario+Poltronieri+presidente+en+Alemania\" target=\"_blank\" class=\" wd-social-icon social-pinterest\" aria-label=\"Pinterest social link\">\n\t\t\t\t\t\t<span class=\"wd-icon\"><\/span>\n\t\t\t\t\t\t\t\t\t\t\t<\/a>\n\t\t\t\t\n\t\t\t\t\n\t\t\t\t\t\t\t\t\t<a rel=\"noopener noreferrer nofollow\" href=\"https:\/\/www.linkedin.com\/shareArticle?mini=true&url=https:\/\/revistaexpofrio.com\/mitsubishi-electric-nombra-a-mario-poltronieri-presidente-en-alemania\/\" target=\"_blank\" class=\" wd-social-icon social-linkedin\" aria-label=\"Linkedin social link\">\n\t\t\t\t\t\t<span class=\"wd-icon\"><\/span>\n\t\t\t\t\t\t\t\t\t\t\t<\/a>\n\t\t\t\t\n\t\t\t\t\n\t\t\t\t\n\t\t\t\t\n\t\t\t\t\n\t\t\t\t\n\t\t\t\t\n\t\t\t\t\n\t\t\t\t\n\t\t\t\t\n\t\t\t\t\n\t\t\t\t\n\t\t\t\t\n\t\t\t\t\n\t\t\t\t\n\t\t\t\t\t\t\t\t\t<a rel=\"noopener noreferrer nofollow\" href=\"https:\/\/telegram.me\/share\/url?url=https:\/\/revistaexpofrio.com\/mitsubishi-electric-nombra-a-mario-poltronieri-presidente-en-alemania\/\" target=\"_blank\" class=\" wd-social-icon social-tg\" aria-label=\"Telegram social link\">\n\t\t\t\t\t\t<span class=\"wd-icon\"><\/span>\n\t\t\t\t\t\t\t\t\t\t\t<\/a>\n\t\t\t\t\n\t\t\t\t\n\t\t\t<\/div>\n\n\t\t\t\t\t\t\t\t\t\t<\/div>\n\t\t\t\t\t\t\t\t<div class=\"tooltip-arrow\"><\/div>\n\t\t\t\t\t\t\t<\/div>\n\t\t\t\t\t\t<\/div>\n\t\t\t\t\t\n\t\t\t\t\t\t\t\t\t\t\t\t\t\t<link rel=\"stylesheet\" id=\"wd-blog-mod-comments-button-css\" href=\"https:\/\/revistaexpofrio.com\/wp-content\/themes\/woodmart\/css\/parts\/blog-mod-comments-button.min.css?ver=8.3.4\" type=\"text\/css\" media=\"all\" \/> \t\t\t\t\t\t\t\t\t<div class=\"wd-post-reply wd-style-1\">\n\t\t\t\t\t\t\t<a href=\"https:\/\/revistaexpofrio.com\/mitsubishi-electric-nombra-a-mario-poltronieri-presidente-en-alemania\/#respond\"><span class=\"wd-replies-count\">0<\/span><\/a>\t\t\t\t\t\t<\/div>\n\t\t\t\t\t\t\t\t\t<\/div>\n\t\t\t\n\t\t\t\t\t\t\t\t\t\t\t\t<div class=\"wd-post-excerpt entry-content\">\n\t\t\t\t\t\tEl ejecutivo asume el cargo tras liderar Italia, reforzando la estrategia de crecimiento e integraci\u00f3n europea de la compa\u00f1\u00eda.\n\n\n\nMitsu...\t\t\t\t\t<\/div>\n\t\t\t\t\n\t\t\t\t\t\t\t\t\t\t\t\t\t\t<div class=\"wd-post-read-more wd-style-link read-more-section\">\n\t\t\t\t\t\t<a class=\"\" href=\"https:\/\/revistaexpofrio.com\/mitsubishi-electric-nombra-a-mario-poltronieri-presidente-en-alemania\/\">Continue reading<\/a>\t\t\t\t\t<\/div>\n\t\t\t\t\t\t\t\t\t\t\t\t\t<\/div>\n\t<\/div>\n<\/article>\n\n\t\t\t\t\t\t\t\t\t\t\t\n<article id=\"post-22344\" class=\"wd-post blog-design-masonry blog-post-loop blog-style-bg wd-add-shadow wd-col post-22344 post type-post status-publish format-standard has-post-thumbnail hentry category-noticias category-tecnologia tag-arneg tag-refrigeracion-comercial\">\n\t<div class=\"wd-post-inner article-inner\">\n\t\t\t\t\t<div class=\"wd-post-thumb entry-header\">\n\t\t\t\t\t\t\t\t\t<div class=\"wd-post-img post-img-wrapp\">\n\t\t\t\t\t\t<img width=\"1024\" height=\"576\" src=\"https:\/\/revistaexpofrio.com\/wp-content\/themes\/woodmart\/images\/lazy.svg\" class=\"attachment-large size-large\" alt=\"Arneg vitrinas Faro\" decoding=\"async\" srcset=\"\" sizes=\"(max-width: 1024px) 100vw, 1024px\" data-src=\"https:\/\/revistaexpofrio.com\/wp-content\/uploads\/2026\/04\/maxresdefault-1024x576.webp\" data-srcset=\"https:\/\/revistaexpofrio.com\/wp-content\/uploads\/2026\/04\/maxresdefault-1024x576.webp 1024w, https:\/\/revistaexpofrio.com\/wp-content\/uploads\/2026\/04\/maxresdefault-300x169.webp 300w, https:\/\/revistaexpofrio.com\/wp-content\/uploads\/2026\/04\/maxresdefault-768x432.webp 768w, https:\/\/revistaexpofrio.com\/wp-content\/uploads\/2026\/04\/maxresdefault.webp 1280w\" \/>\t\t\t\t\t<\/div>\n\t\t\t\t\t\t\t\t\t\t<a class=\"wd-fill\" tabindex=\"-1\" href=\"https:\/\/revistaexpofrio.com\/arneg-introduce-vitrinas-faro-enchufables-con-refrigerante-natural-r290\/\" aria-label=\"Link on post Arneg introduce vitrinas Faro enchufables con refrigerante natural R290\"><\/a>\n\t\t\t\t\n\t\t\t\t\t\t\t\t\t\t\t\t<div class=\"wd-post-date wd-style-with-bg\">\n\t\t\t\t<span class=\"post-date-day\">\n\t\t\t\t\t22\t\t\t\t<\/span>\n\t\t\t\t<span class=\"post-date-month\">\n\t\t\t\t\tAbr\t\t\t\t<\/span>\n\t\t\t<\/div>\n\t\t\t\t\t\t\t\t\t<\/div>\n\t\t\n\t\t<div class=\"wd-post-content article-body-container\">\n\t\t\t\t\t\t\t<div class=\"wd-post-cat wd-style-with-bg meta-post-categories\">\n\t\t\t\t\t<a href=\"https:\/\/revistaexpofrio.com\/category\/noticias\/\" rel=\"category tag\">Noticias HVAC-R<\/a>, <a href=\"https:\/\/revistaexpofrio.com\/category\/tecnologia\/\" rel=\"category tag\">Tecnolog\u00eda<\/a>\t\t\t\t<\/div>\n\t\t\t\n\t\t\t\t\t\t\t<h3 class=\"wd-post-title wd-entities-title title post-title\">\n\t\t\t\t\t<a href=\"https:\/\/revistaexpofrio.com\/arneg-introduce-vitrinas-faro-enchufables-con-refrigerante-natural-r290\/\" rel=\"bookmark\">Arneg introduce vitrinas Faro enchufables con refrigerante natural R290<\/a>\n\t\t\t\t<\/h3>\n\t\t\t\n\t\t\t\t\t\t\t<div class=\"wd-post-meta\">\n\t\t\t\t\t\t\t\t\t\t\t\t\t\t\t<div class=\"wd-post-author\">\n\t\t\t\t\t\t\t\t\t\t\t<span>Posted by<\/span>\n\t\t\n\t\t\t\t\t<img width=\"18\" height=\"18\" src=\"https:\/\/revistaexpofrio.com\/wp-content\/themes\/woodmart\/images\/lazy.svg\" class=\"avatar avatar-18 photo\" alt=\"author-avatar\" decoding=\"async\" srcset=\"\" sizes=\"(max-width: 18px) 100vw, 18px\" data-src=\"https:\/\/revistaexpofrio.com\/wp-content\/uploads\/2026\/01\/Foto-carnet.jpg-150x150.jpeg\" data-srcset=\"https:\/\/revistaexpofrio.com\/wp-content\/uploads\/2026\/01\/Foto-carnet.jpg-150x150.jpeg 150w, https:\/\/revistaexpofrio.com\/wp-content\/uploads\/2026\/01\/Foto-carnet.jpg-300x300.jpeg 300w, https:\/\/revistaexpofrio.com\/wp-content\/uploads\/2026\/01\/Foto-carnet.jpg-768x768.jpeg 768w, https:\/\/revistaexpofrio.com\/wp-content\/uploads\/2026\/01\/Foto-carnet.jpg.jpeg 800w\" \/>\t\t\n\t\t\t\t\t<a href=\"https:\/\/revistaexpofrio.com\/author\/carlos-hijar\/\" class=\"author\" rel=\"author\">Carlos H\u00edjar<\/a>\n\t\t\t\t\t\t\t\t\t<\/div>\n\t\t\t\t\t<div class=\"wd-modified-date\">\n\t\t\t\t\t\t\t\t<time class=\"updated\" datetime=\"2026-04-22T14:46:58-05:00\">\n\t\t\t22 abril, 2026\t\t<\/time>\n\t\t\t\t\t\t\t<\/div>\n\n\t\t\t\t\t\t\t\t\t\t\t<div tabindex=\"0\" class=\"wd-post-share wd-tltp\">\n\t\t\t\t\t\t\t<div class=\"tooltip top\">\n\t\t\t\t\t\t\t\t<div class=\"tooltip-inner\">\n\t\t\t\t\t\t\t\t\t\t\t\t<div\n\t\t\t\t\t\tclass=\" wd-social-icons wd-style-default wd-size-small social-share wd-shape-circle color-scheme-light text-center\">\n\t\t\t\t\n\t\t\t\t\n\t\t\t\t\t\t\t\t\t<a rel=\"noopener noreferrer nofollow\" href=\"https:\/\/www.facebook.com\/sharer\/sharer.php?u=https:\/\/revistaexpofrio.com\/arneg-introduce-vitrinas-faro-enchufables-con-refrigerante-natural-r290\/\" target=\"_blank\" class=\" wd-social-icon social-facebook\" aria-label=\"Facebook social link\">\n\t\t\t\t\t\t<span class=\"wd-icon\"><\/span>\n\t\t\t\t\t\t\t\t\t\t\t<\/a>\n\t\t\t\t\n\t\t\t\t\t\t\t\t\t<a rel=\"noopener noreferrer nofollow\" href=\"https:\/\/x.com\/share?url=https:\/\/revistaexpofrio.com\/arneg-introduce-vitrinas-faro-enchufables-con-refrigerante-natural-r290\/\" target=\"_blank\" class=\" wd-social-icon social-twitter\" aria-label=\"X social link\">\n\t\t\t\t\t\t<span class=\"wd-icon\"><\/span>\n\t\t\t\t\t\t\t\t\t\t\t<\/a>\n\t\t\t\t\n\t\t\t\t\n\t\t\t\t\n\t\t\t\t\n\t\t\t\t\n\t\t\t\t\n\t\t\t\t\t\t\t\t\t<a rel=\"noopener noreferrer nofollow\" href=\"https:\/\/pinterest.com\/pin\/create\/button\/?url=https:\/\/revistaexpofrio.com\/arneg-introduce-vitrinas-faro-enchufables-con-refrigerante-natural-r290\/&media=https:\/\/revistaexpofrio.com\/wp-content\/uploads\/2026\/04\/maxresdefault.webp&description=Arneg+introduce+vitrinas+Faro+enchufables+con+refrigerante+natural+R290\" target=\"_blank\" class=\" wd-social-icon social-pinterest\" aria-label=\"Pinterest social link\">\n\t\t\t\t\t\t<span class=\"wd-icon\"><\/span>\n\t\t\t\t\t\t\t\t\t\t\t<\/a>\n\t\t\t\t\n\t\t\t\t\n\t\t\t\t\t\t\t\t\t<a rel=\"noopener noreferrer nofollow\" href=\"https:\/\/www.linkedin.com\/shareArticle?mini=true&url=https:\/\/revistaexpofrio.com\/arneg-introduce-vitrinas-faro-enchufables-con-refrigerante-natural-r290\/\" target=\"_blank\" class=\" wd-social-icon social-linkedin\" aria-label=\"Linkedin social link\">\n\t\t\t\t\t\t<span class=\"wd-icon\"><\/span>\n\t\t\t\t\t\t\t\t\t\t\t<\/a>\n\t\t\t\t\n\t\t\t\t\n\t\t\t\t\n\t\t\t\t\n\t\t\t\t\n\t\t\t\t\n\t\t\t\t\n\t\t\t\t\n\t\t\t\t\n\t\t\t\t\n\t\t\t\t\n\t\t\t\t\n\t\t\t\t\n\t\t\t\t\n\t\t\t\t\n\t\t\t\t\t\t\t\t\t<a rel=\"noopener noreferrer nofollow\" href=\"https:\/\/telegram.me\/share\/url?url=https:\/\/revistaexpofrio.com\/arneg-introduce-vitrinas-faro-enchufables-con-refrigerante-natural-r290\/\" target=\"_blank\" class=\" wd-social-icon social-tg\" aria-label=\"Telegram social link\">\n\t\t\t\t\t\t<span class=\"wd-icon\"><\/span>\n\t\t\t\t\t\t\t\t\t\t\t<\/a>\n\t\t\t\t\n\t\t\t\t\n\t\t\t<\/div>\n\n\t\t\t\t\t\t\t\t\t\t<\/div>\n\t\t\t\t\t\t\t\t<div class=\"tooltip-arrow\"><\/div>\n\t\t\t\t\t\t\t<\/div>\n\t\t\t\t\t\t<\/div>\n\t\t\t\t\t\n\t\t\t\t\t\t\t\t\t\t\t\t\t\t\t\t\t<div class=\"wd-post-reply wd-style-1\">\n\t\t\t\t\t\t\t<a href=\"https:\/\/revistaexpofrio.com\/arneg-introduce-vitrinas-faro-enchufables-con-refrigerante-natural-r290\/#respond\"><span class=\"wd-replies-count\">0<\/span><\/a>\t\t\t\t\t\t<\/div>\n\t\t\t\t\t\t\t\t\t<\/div>\n\t\t\t\n\t\t\t\t\t\t\t\t\t\t\t\t<div class=\"wd-post-excerpt entry-content\">\n\t\t\t\t\t\tDise\u00f1adas para comercios, optimizan espacio, consumo energ\u00e9tico y facilitan instalaci\u00f3n con sistema plug-and-play y alta visibilidad.\n\n...\t\t\t\t\t<\/div>\n\t\t\t\t\n\t\t\t\t\t\t\t\t\t\t\t\t\t\t<div class=\"wd-post-read-more wd-style-link read-more-section\">\n\t\t\t\t\t\t<a class=\"\" href=\"https:\/\/revistaexpofrio.com\/arneg-introduce-vitrinas-faro-enchufables-con-refrigerante-natural-r290\/\">Continue reading<\/a>\t\t\t\t\t<\/div>\n\t\t\t\t\t\t\t\t\t\t\t\t\t<\/div>\n\t<\/div>\n<\/article>\n\n\t\t\t\t\t\t\t\t\t\t\t\n<article id=\"post-22340\" class=\"wd-post blog-design-masonry blog-post-loop blog-style-bg wd-add-shadow wd-col post-22340 post type-post status-publish format-standard has-post-thumbnail hentry category-noticias category-sostenibilidad tag-johnson-controls tag-sostenibilidad\">\n\t<div class=\"wd-post-inner article-inner\">\n\t\t\t\t\t<div class=\"wd-post-thumb entry-header\">\n\t\t\t\t\t\t\t\t\t<div class=\"wd-post-img post-img-wrapp\">\n\t\t\t\t\t\t<img width=\"1024\" height=\"576\" src=\"https:\/\/revistaexpofrio.com\/wp-content\/themes\/woodmart\/images\/lazy.svg\" class=\"attachment-large size-large\" alt=\"Johnson Controls informe 2026\" decoding=\"async\" srcset=\"\" sizes=\"(max-width: 1024px) 100vw, 1024px\" data-src=\"https:\/\/revistaexpofrio.com\/wp-content\/uploads\/2026\/04\/Johnson-Controls-informe-2026-1024x576.webp\" data-srcset=\"https:\/\/revistaexpofrio.com\/wp-content\/uploads\/2026\/04\/Johnson-Controls-informe-2026-1024x576.webp 1024w, https:\/\/revistaexpofrio.com\/wp-content\/uploads\/2026\/04\/Johnson-Controls-informe-2026-300x169.webp 300w, https:\/\/revistaexpofrio.com\/wp-content\/uploads\/2026\/04\/Johnson-Controls-informe-2026-768x432.webp 768w, https:\/\/revistaexpofrio.com\/wp-content\/uploads\/2026\/04\/Johnson-Controls-informe-2026-1536x864.webp 1536w, https:\/\/revistaexpofrio.com\/wp-content\/uploads\/2026\/04\/Johnson-Controls-informe-2026.webp 1920w\" \/>\t\t\t\t\t<\/div>\n\t\t\t\t\t\t\t\t\t\t<a class=\"wd-fill\" tabindex=\"-1\" href=\"https:\/\/revistaexpofrio.com\/johnson-controls-presenta-informe-2026-con-avances-en-sostenibilidad\/\" aria-label=\"Link on post Johnson Controls presenta Informe 2026 con avances en sostenibilidad\"><\/a>\n\t\t\t\t\n\t\t\t\t\t\t\t\t\t\t\t\t<div class=\"wd-post-date wd-style-with-bg\">\n\t\t\t\t<span class=\"post-date-day\">\n\t\t\t\t\t22\t\t\t\t<\/span>\n\t\t\t\t<span class=\"post-date-month\">\n\t\t\t\t\tAbr\t\t\t\t<\/span>\n\t\t\t<\/div>\n\t\t\t\t\t\t\t\t\t<\/div>\n\t\t\n\t\t<div class=\"wd-post-content article-body-container\">\n\t\t\t\t\t\t\t<div class=\"wd-post-cat wd-style-with-bg meta-post-categories\">\n\t\t\t\t\t<a href=\"https:\/\/revistaexpofrio.com\/category\/noticias\/\" rel=\"category tag\">Noticias HVAC-R<\/a>, <a href=\"https:\/\/revistaexpofrio.com\/category\/sostenibilidad\/\" rel=\"category tag\">Sostenibilidad<\/a>\t\t\t\t<\/div>\n\t\t\t\n\t\t\t\t\t\t\t<h3 class=\"wd-post-title wd-entities-title title post-title\">\n\t\t\t\t\t<a href=\"https:\/\/revistaexpofrio.com\/johnson-controls-presenta-informe-2026-con-avances-en-sostenibilidad\/\" rel=\"bookmark\">Johnson Controls presenta Informe 2026 con avances en sostenibilidad<\/a>\n\t\t\t\t<\/h3>\n\t\t\t\n\t\t\t\t\t\t\t<div class=\"wd-post-meta\">\n\t\t\t\t\t\t\t\t\t\t\t\t\t\t\t<div class=\"wd-post-author\">\n\t\t\t\t\t\t\t\t\t\t\t<span>Posted by<\/span>\n\t\t\n\t\t\t\t\t<img width=\"18\" height=\"18\" src=\"https:\/\/revistaexpofrio.com\/wp-content\/themes\/woodmart\/images\/lazy.svg\" class=\"avatar avatar-18 photo\" alt=\"author-avatar\" decoding=\"async\" srcset=\"\" sizes=\"(max-width: 18px) 100vw, 18px\" data-src=\"https:\/\/revistaexpofrio.com\/wp-content\/uploads\/2026\/01\/Foto-carnet.jpg-150x150.jpeg\" data-srcset=\"https:\/\/revistaexpofrio.com\/wp-content\/uploads\/2026\/01\/Foto-carnet.jpg-150x150.jpeg 150w, https:\/\/revistaexpofrio.com\/wp-content\/uploads\/2026\/01\/Foto-carnet.jpg-300x300.jpeg 300w, https:\/\/revistaexpofrio.com\/wp-content\/uploads\/2026\/01\/Foto-carnet.jpg-768x768.jpeg 768w, https:\/\/revistaexpofrio.com\/wp-content\/uploads\/2026\/01\/Foto-carnet.jpg.jpeg 800w\" \/>\t\t\n\t\t\t\t\t<a href=\"https:\/\/revistaexpofrio.com\/author\/carlos-hijar\/\" class=\"author\" rel=\"author\">Carlos H\u00edjar<\/a>\n\t\t\t\t\t\t\t\t\t<\/div>\n\t\t\t\t\t<div class=\"wd-modified-date\">\n\t\t\t\t\t\t\t\t<time class=\"updated\" datetime=\"2026-04-22T11:49:23-05:00\">\n\t\t\t22 abril, 2026\t\t<\/time>\n\t\t\t\t\t\t\t<\/div>\n\n\t\t\t\t\t\t\t\t\t\t\t<div tabindex=\"0\" class=\"wd-post-share wd-tltp\">\n\t\t\t\t\t\t\t<div class=\"tooltip top\">\n\t\t\t\t\t\t\t\t<div class=\"tooltip-inner\">\n\t\t\t\t\t\t\t\t\t\t\t\t<div\n\t\t\t\t\t\tclass=\" wd-social-icons wd-style-default wd-size-small social-share wd-shape-circle color-scheme-light text-center\">\n\t\t\t\t\n\t\t\t\t\n\t\t\t\t\t\t\t\t\t<a rel=\"noopener noreferrer nofollow\" href=\"https:\/\/www.facebook.com\/sharer\/sharer.php?u=https:\/\/revistaexpofrio.com\/johnson-controls-presenta-informe-2026-con-avances-en-sostenibilidad\/\" target=\"_blank\" class=\" wd-social-icon social-facebook\" aria-label=\"Facebook social link\">\n\t\t\t\t\t\t<span class=\"wd-icon\"><\/span>\n\t\t\t\t\t\t\t\t\t\t\t<\/a>\n\t\t\t\t\n\t\t\t\t\t\t\t\t\t<a rel=\"noopener noreferrer nofollow\" href=\"https:\/\/x.com\/share?url=https:\/\/revistaexpofrio.com\/johnson-controls-presenta-informe-2026-con-avances-en-sostenibilidad\/\" target=\"_blank\" class=\" wd-social-icon social-twitter\" aria-label=\"X social link\">\n\t\t\t\t\t\t<span class=\"wd-icon\"><\/span>\n\t\t\t\t\t\t\t\t\t\t\t<\/a>\n\t\t\t\t\n\t\t\t\t\n\t\t\t\t\n\t\t\t\t\n\t\t\t\t\n\t\t\t\t\n\t\t\t\t\t\t\t\t\t<a rel=\"noopener noreferrer nofollow\" href=\"https:\/\/pinterest.com\/pin\/create\/button\/?url=https:\/\/revistaexpofrio.com\/johnson-controls-presenta-informe-2026-con-avances-en-sostenibilidad\/&media=https:\/\/revistaexpofrio.com\/wp-content\/uploads\/2026\/04\/Johnson-Controls-informe-2026.webp&description=Johnson+Controls+presenta+Informe+2026+con+avances+en+sostenibilidad\" target=\"_blank\" class=\" wd-social-icon social-pinterest\" aria-label=\"Pinterest social link\">\n\t\t\t\t\t\t<span class=\"wd-icon\"><\/span>\n\t\t\t\t\t\t\t\t\t\t\t<\/a>\n\t\t\t\t\n\t\t\t\t\n\t\t\t\t\t\t\t\t\t<a rel=\"noopener noreferrer nofollow\" href=\"https:\/\/www.linkedin.com\/shareArticle?mini=true&url=https:\/\/revistaexpofrio.com\/johnson-controls-presenta-informe-2026-con-avances-en-sostenibilidad\/\" target=\"_blank\" class=\" wd-social-icon social-linkedin\" aria-label=\"Linkedin social link\">\n\t\t\t\t\t\t<span class=\"wd-icon\"><\/span>\n\t\t\t\t\t\t\t\t\t\t\t<\/a>\n\t\t\t\t\n\t\t\t\t\n\t\t\t\t\n\t\t\t\t\n\t\t\t\t\n\t\t\t\t\n\t\t\t\t\n\t\t\t\t\n\t\t\t\t\n\t\t\t\t\n\t\t\t\t\n\t\t\t\t\n\t\t\t\t\n\t\t\t\t\n\t\t\t\t\n\t\t\t\t\t\t\t\t\t<a rel=\"noopener noreferrer nofollow\" href=\"https:\/\/telegram.me\/share\/url?url=https:\/\/revistaexpofrio.com\/johnson-controls-presenta-informe-2026-con-avances-en-sostenibilidad\/\" target=\"_blank\" class=\" wd-social-icon social-tg\" aria-label=\"Telegram social link\">\n\t\t\t\t\t\t<span class=\"wd-icon\"><\/span>\n\t\t\t\t\t\t\t\t\t\t\t<\/a>\n\t\t\t\t\n\t\t\t\t\n\t\t\t<\/div>\n\n\t\t\t\t\t\t\t\t\t\t<\/div>\n\t\t\t\t\t\t\t\t<div class=\"tooltip-arrow\"><\/div>\n\t\t\t\t\t\t\t<\/div>\n\t\t\t\t\t\t<\/div>\n\t\t\t\t\t\n\t\t\t\t\t\t\t\t\t\t\t\t\t\t\t\t\t<div class=\"wd-post-reply wd-style-1\">\n\t\t\t\t\t\t\t<a href=\"https:\/\/revistaexpofrio.com\/johnson-controls-presenta-informe-2026-con-avances-en-sostenibilidad\/#respond\"><span class=\"wd-replies-count\">0<\/span><\/a>\t\t\t\t\t\t<\/div>\n\t\t\t\t\t\t\t\t\t<\/div>\n\t\t\t\n\t\t\t\t\t\t\t\t\t\t\t\t<div class=\"wd-post-excerpt entry-content\">\n\t\t\t\t\t\tDestaca ahorros energ\u00e9ticos millonarios, reducci\u00f3n de emisiones y avances en innovaci\u00f3n para sectores cr\u00edticos y centros de datos.\n\n\n\nJ...\t\t\t\t\t<\/div>\n\t\t\t\t\n\t\t\t\t\t\t\t\t\t\t\t\t\t\t<div class=\"wd-post-read-more wd-style-link read-more-section\">\n\t\t\t\t\t\t<a class=\"\" href=\"https:\/\/revistaexpofrio.com\/johnson-controls-presenta-informe-2026-con-avances-en-sostenibilidad\/\">Continue reading<\/a>\t\t\t\t\t<\/div>\n\t\t\t\t\t\t\t\t\t\t\t\t\t<\/div>\n\t<\/div>\n<\/article>\n\n\t\t\t\t\t\t\t\t\t\t\t\n<article id=\"post-22337\" class=\"wd-post blog-design-masonry blog-post-loop blog-style-bg wd-add-shadow wd-col post-22337 post type-post status-publish format-standard has-post-thumbnail hentry category-noticias category-sostenibilidad category-tecnologia tag-danfoss tag-eficiencia-energetica tag-refrigeracion-comercial\">\n\t<div class=\"wd-post-inner article-inner\">\n\t\t\t\t\t<div class=\"wd-post-thumb entry-header\">\n\t\t\t\t\t\t\t\t\t<div class=\"wd-post-img post-img-wrapp\">\n\t\t\t\t\t\t<img width=\"1024\" height=\"576\" src=\"https:\/\/revistaexpofrio.com\/wp-content\/themes\/woodmart\/images\/lazy.svg\" class=\"attachment-large size-large\" alt=\"Danfoss Optyma\" decoding=\"async\" srcset=\"\" sizes=\"(max-width: 1024px) 100vw, 1024px\" data-src=\"https:\/\/revistaexpofrio.com\/wp-content\/uploads\/2026\/04\/Danfoss-Optyma-1024x576.webp\" data-srcset=\"https:\/\/revistaexpofrio.com\/wp-content\/uploads\/2026\/04\/Danfoss-Optyma-1024x576.webp 1024w, https:\/\/revistaexpofrio.com\/wp-content\/uploads\/2026\/04\/Danfoss-Optyma-300x169.webp 300w, https:\/\/revistaexpofrio.com\/wp-content\/uploads\/2026\/04\/Danfoss-Optyma-768x432.webp 768w, https:\/\/revistaexpofrio.com\/wp-content\/uploads\/2026\/04\/Danfoss-Optyma-1536x864.webp 1536w, https:\/\/revistaexpofrio.com\/wp-content\/uploads\/2026\/04\/Danfoss-Optyma.webp 1920w\" \/>\t\t\t\t\t<\/div>\n\t\t\t\t\t\t\t\t\t\t<a class=\"wd-fill\" tabindex=\"-1\" href=\"https:\/\/revistaexpofrio.com\/danfoss-amplia-linea-optyma-ico2-con-nueva-unidad\/\" aria-label=\"Link on post Danfoss ampl\u00eda l\u00ednea Optyma iCO2 con nueva unidad\"><\/a>\n\t\t\t\t\n\t\t\t\t\t\t\t\t\t\t\t\t<div class=\"wd-post-date wd-style-with-bg\">\n\t\t\t\t<span class=\"post-date-day\">\n\t\t\t\t\t22\t\t\t\t<\/span>\n\t\t\t\t<span class=\"post-date-month\">\n\t\t\t\t\tAbr\t\t\t\t<\/span>\n\t\t\t<\/div>\n\t\t\t\t\t\t\t\t\t<\/div>\n\t\t\n\t\t<div class=\"wd-post-content article-body-container\">\n\t\t\t\t\t\t\t<div class=\"wd-post-cat wd-style-with-bg meta-post-categories\">\n\t\t\t\t\t<a href=\"https:\/\/revistaexpofrio.com\/category\/noticias\/\" rel=\"category tag\">Noticias HVAC-R<\/a>, <a href=\"https:\/\/revistaexpofrio.com\/category\/sostenibilidad\/\" rel=\"category tag\">Sostenibilidad<\/a>, <a href=\"https:\/\/revistaexpofrio.com\/category\/tecnologia\/\" rel=\"category tag\">Tecnolog\u00eda<\/a>\t\t\t\t<\/div>\n\t\t\t\n\t\t\t\t\t\t\t<h3 class=\"wd-post-title wd-entities-title title post-title\">\n\t\t\t\t\t<a href=\"https:\/\/revistaexpofrio.com\/danfoss-amplia-linea-optyma-ico2-con-nueva-unidad\/\" rel=\"bookmark\">Danfoss ampl\u00eda l\u00ednea Optyma iCO2 con nueva unidad<\/a>\n\t\t\t\t<\/h3>\n\t\t\t\n\t\t\t\t\t\t\t<div class=\"wd-post-meta\">\n\t\t\t\t\t\t\t\t\t\t\t\t\t\t\t<div class=\"wd-post-author\">\n\t\t\t\t\t\t\t\t\t\t\t<span>Posted by<\/span>\n\t\t\n\t\t\t\t\t<img width=\"18\" height=\"18\" src=\"https:\/\/revistaexpofrio.com\/wp-content\/themes\/woodmart\/images\/lazy.svg\" class=\"avatar avatar-18 photo\" alt=\"author-avatar\" decoding=\"async\" srcset=\"\" sizes=\"(max-width: 18px) 100vw, 18px\" data-src=\"https:\/\/revistaexpofrio.com\/wp-content\/uploads\/2026\/01\/Foto-carnet.jpg-150x150.jpeg\" data-srcset=\"https:\/\/revistaexpofrio.com\/wp-content\/uploads\/2026\/01\/Foto-carnet.jpg-150x150.jpeg 150w, https:\/\/revistaexpofrio.com\/wp-content\/uploads\/2026\/01\/Foto-carnet.jpg-300x300.jpeg 300w, https:\/\/revistaexpofrio.com\/wp-content\/uploads\/2026\/01\/Foto-carnet.jpg-768x768.jpeg 768w, https:\/\/revistaexpofrio.com\/wp-content\/uploads\/2026\/01\/Foto-carnet.jpg.jpeg 800w\" \/>\t\t\n\t\t\t\t\t<a href=\"https:\/\/revistaexpofrio.com\/author\/carlos-hijar\/\" class=\"author\" rel=\"author\">Carlos H\u00edjar<\/a>\n\t\t\t\t\t\t\t\t\t<\/div>\n\t\t\t\t\t<div class=\"wd-modified-date\">\n\t\t\t\t\t\t\t\t<time class=\"updated\" datetime=\"2026-04-22T11:16:14-05:00\">\n\t\t\t22 abril, 2026\t\t<\/time>\n\t\t\t\t\t\t\t<\/div>\n\n\t\t\t\t\t\t\t\t\t\t\t<div tabindex=\"0\" class=\"wd-post-share wd-tltp\">\n\t\t\t\t\t\t\t<div class=\"tooltip top\">\n\t\t\t\t\t\t\t\t<div class=\"tooltip-inner\">\n\t\t\t\t\t\t\t\t\t\t\t\t<div\n\t\t\t\t\t\tclass=\" wd-social-icons wd-style-default wd-size-small social-share wd-shape-circle color-scheme-light text-center\">\n\t\t\t\t\n\t\t\t\t\n\t\t\t\t\t\t\t\t\t<a rel=\"noopener noreferrer nofollow\" href=\"https:\/\/www.facebook.com\/sharer\/sharer.php?u=https:\/\/revistaexpofrio.com\/danfoss-amplia-linea-optyma-ico2-con-nueva-unidad\/\" target=\"_blank\" class=\" wd-social-icon social-facebook\" aria-label=\"Facebook social link\">\n\t\t\t\t\t\t<span class=\"wd-icon\"><\/span>\n\t\t\t\t\t\t\t\t\t\t\t<\/a>\n\t\t\t\t\n\t\t\t\t\t\t\t\t\t<a rel=\"noopener noreferrer nofollow\" href=\"https:\/\/x.com\/share?url=https:\/\/revistaexpofrio.com\/danfoss-amplia-linea-optyma-ico2-con-nueva-unidad\/\" target=\"_blank\" class=\" wd-social-icon social-twitter\" aria-label=\"X social link\">\n\t\t\t\t\t\t<span class=\"wd-icon\"><\/span>\n\t\t\t\t\t\t\t\t\t\t\t<\/a>\n\t\t\t\t\n\t\t\t\t\n\t\t\t\t\n\t\t\t\t\n\t\t\t\t\n\t\t\t\t\n\t\t\t\t\t\t\t\t\t<a rel=\"noopener noreferrer nofollow\" href=\"https:\/\/pinterest.com\/pin\/create\/button\/?url=https:\/\/revistaexpofrio.com\/danfoss-amplia-linea-optyma-ico2-con-nueva-unidad\/&media=https:\/\/revistaexpofrio.com\/wp-content\/uploads\/2026\/04\/Danfoss-Optyma.webp&description=Danfoss+ampl%C3%ADa+l%C3%ADnea+Optyma+iCO2+con+nueva+unidad\" target=\"_blank\" class=\" wd-social-icon social-pinterest\" aria-label=\"Pinterest social link\">\n\t\t\t\t\t\t<span class=\"wd-icon\"><\/span>\n\t\t\t\t\t\t\t\t\t\t\t<\/a>\n\t\t\t\t\n\t\t\t\t\n\t\t\t\t\t\t\t\t\t<a rel=\"noopener noreferrer nofollow\" href=\"https:\/\/www.linkedin.com\/shareArticle?mini=true&url=https:\/\/revistaexpofrio.com\/danfoss-amplia-linea-optyma-ico2-con-nueva-unidad\/\" target=\"_blank\" class=\" wd-social-icon social-linkedin\" aria-label=\"Linkedin social link\">\n\t\t\t\t\t\t<span class=\"wd-icon\"><\/span>\n\t\t\t\t\t\t\t\t\t\t\t<\/a>\n\t\t\t\t\n\t\t\t\t\n\t\t\t\t\n\t\t\t\t\n\t\t\t\t\n\t\t\t\t\n\t\t\t\t\n\t\t\t\t\n\t\t\t\t\n\t\t\t\t\n\t\t\t\t\n\t\t\t\t\n\t\t\t\t\n\t\t\t\t\n\t\t\t\t\n\t\t\t\t\t\t\t\t\t<a rel=\"noopener noreferrer nofollow\" href=\"https:\/\/telegram.me\/share\/url?url=https:\/\/revistaexpofrio.com\/danfoss-amplia-linea-optyma-ico2-con-nueva-unidad\/\" target=\"_blank\" class=\" wd-social-icon social-tg\" aria-label=\"Telegram social link\">\n\t\t\t\t\t\t<span class=\"wd-icon\"><\/span>\n\t\t\t\t\t\t\t\t\t\t\t<\/a>\n\t\t\t\t\n\t\t\t\t\n\t\t\t<\/div>\n\n\t\t\t\t\t\t\t\t\t\t<\/div>\n\t\t\t\t\t\t\t\t<div class=\"tooltip-arrow\"><\/div>\n\t\t\t\t\t\t\t<\/div>\n\t\t\t\t\t\t<\/div>\n\t\t\t\t\t\n\t\t\t\t\t\t\t\t\t\t\t\t\t\t\t\t\t<div class=\"wd-post-reply wd-style-1\">\n\t\t\t\t\t\t\t<a href=\"https:\/\/revistaexpofrio.com\/danfoss-amplia-linea-optyma-ico2-con-nueva-unidad\/#respond\"><span class=\"wd-replies-count\">0<\/span><\/a>\t\t\t\t\t\t<\/div>\n\t\t\t\t\t\t\t\t\t<\/div>\n\t\t\t\n\t\t\t\t\t\t\t\t\t\t\t\t<div class=\"wd-post-excerpt entry-content\">\n\t\t\t\t\t\tNueva unidad con refrigerante R744 mejora eficiencia, reduce consumo energ\u00e9tico y facilita instalaci\u00f3n en refrigeraci\u00f3n comercial.\n\n\n\nD...\t\t\t\t\t<\/div>\n\t\t\t\t\n\t\t\t\t\t\t\t\t\t\t\t\t\t\t<div class=\"wd-post-read-more wd-style-link read-more-section\">\n\t\t\t\t\t\t<a class=\"\" href=\"https:\/\/revistaexpofrio.com\/danfoss-amplia-linea-optyma-ico2-con-nueva-unidad\/\">Continue reading<\/a>\t\t\t\t\t<\/div>\n\t\t\t\t\t\t\t\t\t\t\t\t\t<\/div>\n\t<\/div>\n<\/article>\n\n\t\t\t\t\t\t\t\t\t\t\t\n<article id=\"post-22334\" class=\"wd-post blog-design-masonry blog-post-loop blog-style-bg wd-add-shadow wd-col post-22334 post type-post status-publish format-standard has-post-thumbnail hentry category-noticias category-tecnologia tag-ahri tag-hvac-2 tag-laminaire\">\n\t<div class=\"wd-post-inner article-inner\">\n\t\t\t\t\t<div class=\"wd-post-thumb entry-header\">\n\t\t\t\t\t\t\t\t\t<div class=\"wd-post-img post-img-wrapp\">\n\t\t\t\t\t\t<img width=\"1024\" height=\"576\" src=\"https:\/\/revistaexpofrio.com\/wp-content\/themes\/woodmart\/images\/lazy.svg\" class=\"attachment-large size-large\" alt=\"Laminaire y AHRI\" decoding=\"async\" srcset=\"\" sizes=\"(max-width: 1024px) 100vw, 1024px\" data-src=\"https:\/\/revistaexpofrio.com\/wp-content\/uploads\/2026\/04\/Laminaire-y-AHRI-1024x576.webp\" data-srcset=\"https:\/\/revistaexpofrio.com\/wp-content\/uploads\/2026\/04\/Laminaire-y-AHRI-1024x576.webp 1024w, https:\/\/revistaexpofrio.com\/wp-content\/uploads\/2026\/04\/Laminaire-y-AHRI-300x169.webp 300w, https:\/\/revistaexpofrio.com\/wp-content\/uploads\/2026\/04\/Laminaire-y-AHRI-768x432.webp 768w, https:\/\/revistaexpofrio.com\/wp-content\/uploads\/2026\/04\/Laminaire-y-AHRI-1536x864.webp 1536w, https:\/\/revistaexpofrio.com\/wp-content\/uploads\/2026\/04\/Laminaire-y-AHRI.webp 1920w\" \/>\t\t\t\t\t<\/div>\n\t\t\t\t\t\t\t\t\t\t<a class=\"wd-fill\" tabindex=\"-1\" href=\"https:\/\/revistaexpofrio.com\/laminaire-obtiene-certificacion-ahri-para-sus-cajas-vav-y-proyecta-expansion\/\" aria-label=\"Link on post Laminaire obtiene certificaci\u00f3n AHRI para sus cajas VAV y proyecta expansi\u00f3n\"><\/a>\n\t\t\t\t\n\t\t\t\t\t\t\t\t\t\t\t\t<div class=\"wd-post-date wd-style-with-bg\">\n\t\t\t\t<span class=\"post-date-day\">\n\t\t\t\t\t21\t\t\t\t<\/span>\n\t\t\t\t<span class=\"post-date-month\">\n\t\t\t\t\tAbr\t\t\t\t<\/span>\n\t\t\t<\/div>\n\t\t\t\t\t\t\t\t\t<\/div>\n\t\t\n\t\t<div class=\"wd-post-content article-body-container\">\n\t\t\t\t\t\t\t<div class=\"wd-post-cat wd-style-with-bg meta-post-categories\">\n\t\t\t\t\t<a href=\"https:\/\/revistaexpofrio.com\/category\/noticias\/\" rel=\"category tag\">Noticias HVAC-R<\/a>, <a href=\"https:\/\/revistaexpofrio.com\/category\/tecnologia\/\" rel=\"category tag\">Tecnolog\u00eda<\/a>\t\t\t\t<\/div>\n\t\t\t\n\t\t\t\t\t\t\t<h3 class=\"wd-post-title wd-entities-title title post-title\">\n\t\t\t\t\t<a href=\"https:\/\/revistaexpofrio.com\/laminaire-obtiene-certificacion-ahri-para-sus-cajas-vav-y-proyecta-expansion\/\" rel=\"bookmark\">Laminaire obtiene certificaci\u00f3n AHRI para sus cajas VAV y proyecta expansi\u00f3n<\/a>\n\t\t\t\t<\/h3>\n\t\t\t\n\t\t\t\t\t\t\t<div class=\"wd-post-meta\">\n\t\t\t\t\t\t\t\t\t\t\t\t\t\t\t<div class=\"wd-post-author\">\n\t\t\t\t\t\t\t\t\t\t\t<span>Posted by<\/span>\n\t\t\n\t\t\t\t\t<img width=\"18\" height=\"18\" src=\"https:\/\/revistaexpofrio.com\/wp-content\/themes\/woodmart\/images\/lazy.svg\" class=\"avatar avatar-18 photo\" alt=\"author-avatar\" decoding=\"async\" srcset=\"\" sizes=\"(max-width: 18px) 100vw, 18px\" data-src=\"https:\/\/revistaexpofrio.com\/wp-content\/uploads\/2026\/01\/Foto-carnet.jpg-150x150.jpeg\" data-srcset=\"https:\/\/revistaexpofrio.com\/wp-content\/uploads\/2026\/01\/Foto-carnet.jpg-150x150.jpeg 150w, https:\/\/revistaexpofrio.com\/wp-content\/uploads\/2026\/01\/Foto-carnet.jpg-300x300.jpeg 300w, https:\/\/revistaexpofrio.com\/wp-content\/uploads\/2026\/01\/Foto-carnet.jpg-768x768.jpeg 768w, https:\/\/revistaexpofrio.com\/wp-content\/uploads\/2026\/01\/Foto-carnet.jpg.jpeg 800w\" \/>\t\t\n\t\t\t\t\t<a href=\"https:\/\/revistaexpofrio.com\/author\/carlos-hijar\/\" class=\"author\" rel=\"author\">Carlos H\u00edjar<\/a>\n\t\t\t\t\t\t\t\t\t<\/div>\n\t\t\t\t\t<div class=\"wd-modified-date\">\n\t\t\t\t\t\t\t\t<time class=\"updated\" datetime=\"2026-04-21T18:46:50-05:00\">\n\t\t\t21 abril, 2026\t\t<\/time>\n\t\t\t\t\t\t\t<\/div>\n\n\t\t\t\t\t\t\t\t\t\t\t<div tabindex=\"0\" class=\"wd-post-share wd-tltp\">\n\t\t\t\t\t\t\t<div class=\"tooltip top\">\n\t\t\t\t\t\t\t\t<div class=\"tooltip-inner\">\n\t\t\t\t\t\t\t\t\t\t\t\t<div\n\t\t\t\t\t\tclass=\" wd-social-icons wd-style-default wd-size-small social-share wd-shape-circle color-scheme-light text-center\">\n\t\t\t\t\n\t\t\t\t\n\t\t\t\t\t\t\t\t\t<a rel=\"noopener noreferrer nofollow\" href=\"https:\/\/www.facebook.com\/sharer\/sharer.php?u=https:\/\/revistaexpofrio.com\/laminaire-obtiene-certificacion-ahri-para-sus-cajas-vav-y-proyecta-expansion\/\" target=\"_blank\" class=\" wd-social-icon social-facebook\" aria-label=\"Facebook social link\">\n\t\t\t\t\t\t<span class=\"wd-icon\"><\/span>\n\t\t\t\t\t\t\t\t\t\t\t<\/a>\n\t\t\t\t\n\t\t\t\t\t\t\t\t\t<a rel=\"noopener noreferrer nofollow\" href=\"https:\/\/x.com\/share?url=https:\/\/revistaexpofrio.com\/laminaire-obtiene-certificacion-ahri-para-sus-cajas-vav-y-proyecta-expansion\/\" target=\"_blank\" class=\" wd-social-icon social-twitter\" aria-label=\"X social link\">\n\t\t\t\t\t\t<span class=\"wd-icon\"><\/span>\n\t\t\t\t\t\t\t\t\t\t\t<\/a>\n\t\t\t\t\n\t\t\t\t\n\t\t\t\t\n\t\t\t\t\n\t\t\t\t\n\t\t\t\t\n\t\t\t\t\t\t\t\t\t<a rel=\"noopener noreferrer nofollow\" href=\"https:\/\/pinterest.com\/pin\/create\/button\/?url=https:\/\/revistaexpofrio.com\/laminaire-obtiene-certificacion-ahri-para-sus-cajas-vav-y-proyecta-expansion\/&media=https:\/\/revistaexpofrio.com\/wp-content\/uploads\/2026\/04\/Laminaire-y-AHRI.webp&description=Laminaire+obtiene+certificaci%C3%B3n+AHRI+para+sus+cajas+VAV+y+proyecta+expansi%C3%B3n\" target=\"_blank\" class=\" wd-social-icon social-pinterest\" aria-label=\"Pinterest social link\">\n\t\t\t\t\t\t<span class=\"wd-icon\"><\/span>\n\t\t\t\t\t\t\t\t\t\t\t<\/a>\n\t\t\t\t\n\t\t\t\t\n\t\t\t\t\t\t\t\t\t<a rel=\"noopener noreferrer nofollow\" href=\"https:\/\/www.linkedin.com\/shareArticle?mini=true&url=https:\/\/revistaexpofrio.com\/laminaire-obtiene-certificacion-ahri-para-sus-cajas-vav-y-proyecta-expansion\/\" target=\"_blank\" class=\" wd-social-icon social-linkedin\" aria-label=\"Linkedin social link\">\n\t\t\t\t\t\t<span class=\"wd-icon\"><\/span>\n\t\t\t\t\t\t\t\t\t\t\t<\/a>\n\t\t\t\t\n\t\t\t\t\n\t\t\t\t\n\t\t\t\t\n\t\t\t\t\n\t\t\t\t\n\t\t\t\t\n\t\t\t\t\n\t\t\t\t\n\t\t\t\t\n\t\t\t\t\n\t\t\t\t\n\t\t\t\t\n\t\t\t\t\n\t\t\t\t\n\t\t\t\t\t\t\t\t\t<a rel=\"noopener noreferrer nofollow\" href=\"https:\/\/telegram.me\/share\/url?url=https:\/\/revistaexpofrio.com\/laminaire-obtiene-certificacion-ahri-para-sus-cajas-vav-y-proyecta-expansion\/\" target=\"_blank\" class=\" wd-social-icon social-tg\" aria-label=\"Telegram social link\">\n\t\t\t\t\t\t<span class=\"wd-icon\"><\/span>\n\t\t\t\t\t\t\t\t\t\t\t<\/a>\n\t\t\t\t\n\t\t\t\t\n\t\t\t<\/div>\n\n\t\t\t\t\t\t\t\t\t\t<\/div>\n\t\t\t\t\t\t\t\t<div class=\"tooltip-arrow\"><\/div>\n\t\t\t\t\t\t\t<\/div>\n\t\t\t\t\t\t<\/div>\n\t\t\t\t\t\n\t\t\t\t\t\t\t\t\t\t\t\t\t\t\t\t\t<div class=\"wd-post-reply wd-style-1\">\n\t\t\t\t\t\t\t<a href=\"https:\/\/revistaexpofrio.com\/laminaire-obtiene-certificacion-ahri-para-sus-cajas-vav-y-proyecta-expansion\/#respond\"><span class=\"wd-replies-count\">0<\/span><\/a>\t\t\t\t\t\t<\/div>\n\t\t\t\t\t\t\t\t\t<\/div>\n\t\t\t\n\t\t\t\t\t\t\t\t\t\t\t\t<div class=\"wd-post-excerpt entry-content\">\n\t\t\t\t\t\tEl logro valida su desarrollo t\u00e9cnico y abre oportunidades en nuevos mercados, fortaleciendo la confianza en sus soluciones HVAC.\n\n\n\nRe...\t\t\t\t\t<\/div>\n\t\t\t\t\n\t\t\t\t\t\t\t\t\t\t\t\t\t\t<div class=\"wd-post-read-more wd-style-link read-more-section\">\n\t\t\t\t\t\t<a class=\"\" href=\"https:\/\/revistaexpofrio.com\/laminaire-obtiene-certificacion-ahri-para-sus-cajas-vav-y-proyecta-expansion\/\">Continue reading<\/a>\t\t\t\t\t<\/div>\n\t\t\t\t\t\t\t\t\t\t\t\t\t<\/div>\n\t<\/div>\n<\/article>\n\n\t\t\t\t\t\t\t\t\t\t\t\n<article id=\"post-22329\" class=\"wd-post blog-design-masonry blog-post-loop blog-style-bg wd-add-shadow wd-col post-22329 post type-post status-publish format-standard has-post-thumbnail hentry category-actualidad category-noticias tag-bosch tag-hitachi tag-hvac-2\">\n\t<div class=\"wd-post-inner article-inner\">\n\t\t\t\t\t<div class=\"wd-post-thumb entry-header\">\n\t\t\t\t\t\t\t\t\t<div class=\"wd-post-img post-img-wrapp\">\n\t\t\t\t\t\t<img width=\"1024\" height=\"576\" src=\"https:\/\/revistaexpofrio.com\/wp-content\/themes\/woodmart\/images\/lazy.svg\" class=\"attachment-large size-large\" alt=\"Hitachi en Bosch\" decoding=\"async\" srcset=\"\" sizes=\"(max-width: 1024px) 100vw, 1024px\" data-src=\"https:\/\/revistaexpofrio.com\/wp-content\/uploads\/2026\/04\/Hitachi-en-Bosch-1024x576.webp\" data-srcset=\"https:\/\/revistaexpofrio.com\/wp-content\/uploads\/2026\/04\/Hitachi-en-Bosch-1024x576.webp 1024w, https:\/\/revistaexpofrio.com\/wp-content\/uploads\/2026\/04\/Hitachi-en-Bosch-300x169.webp 300w, https:\/\/revistaexpofrio.com\/wp-content\/uploads\/2026\/04\/Hitachi-en-Bosch-768x432.webp 768w, https:\/\/revistaexpofrio.com\/wp-content\/uploads\/2026\/04\/Hitachi-en-Bosch-1536x864.webp 1536w, https:\/\/revistaexpofrio.com\/wp-content\/uploads\/2026\/04\/Hitachi-en-Bosch.webp 1920w\" \/>\t\t\t\t\t<\/div>\n\t\t\t\t\t\t\t\t\t\t<a class=\"wd-fill\" tabindex=\"-1\" href=\"https:\/\/revistaexpofrio.com\/hitachi-cooling-heating-inicia-nueva-etapa-en-latinoamerica-con-bosch\/\" aria-label=\"Link on post Hitachi Cooling &amp; Heating inicia nueva etapa en Latinoam\u00e9rica con Bosch\"><\/a>\n\t\t\t\t\n\t\t\t\t\t\t\t\t\t\t\t\t<div class=\"wd-post-date wd-style-with-bg\">\n\t\t\t\t<span class=\"post-date-day\">\n\t\t\t\t\t21\t\t\t\t<\/span>\n\t\t\t\t<span class=\"post-date-month\">\n\t\t\t\t\tAbr\t\t\t\t<\/span>\n\t\t\t<\/div>\n\t\t\t\t\t\t\t\t\t<\/div>\n\t\t\n\t\t<div class=\"wd-post-content article-body-container\">\n\t\t\t\t\t\t\t<div class=\"wd-post-cat wd-style-with-bg meta-post-categories\">\n\t\t\t\t\t<a href=\"https:\/\/revistaexpofrio.com\/category\/actualidad\/\" rel=\"category tag\">Actualidad<\/a>, <a href=\"https:\/\/revistaexpofrio.com\/category\/noticias\/\" rel=\"category tag\">Noticias HVAC-R<\/a>\t\t\t\t<\/div>\n\t\t\t\n\t\t\t\t\t\t\t<h3 class=\"wd-post-title wd-entities-title title post-title\">\n\t\t\t\t\t<a href=\"https:\/\/revistaexpofrio.com\/hitachi-cooling-heating-inicia-nueva-etapa-en-latinoamerica-con-bosch\/\" rel=\"bookmark\">Hitachi Cooling &amp; Heating inicia nueva etapa en Latinoam\u00e9rica con Bosch<\/a>\n\t\t\t\t<\/h3>\n\t\t\t\n\t\t\t\t\t\t\t<div class=\"wd-post-meta\">\n\t\t\t\t\t\t\t\t\t\t\t\t\t\t\t<div class=\"wd-post-author\">\n\t\t\t\t\t\t\t\t\t\t\t<span>Posted by<\/span>\n\t\t\n\t\t\t\t\t<img width=\"18\" height=\"18\" src=\"https:\/\/revistaexpofrio.com\/wp-content\/themes\/woodmart\/images\/lazy.svg\" class=\"avatar avatar-18 photo\" alt=\"author-avatar\" decoding=\"async\" srcset=\"\" sizes=\"(max-width: 18px) 100vw, 18px\" data-src=\"https:\/\/revistaexpofrio.com\/wp-content\/uploads\/2026\/01\/Foto-carnet.jpg-150x150.jpeg\" data-srcset=\"https:\/\/revistaexpofrio.com\/wp-content\/uploads\/2026\/01\/Foto-carnet.jpg-150x150.jpeg 150w, https:\/\/revistaexpofrio.com\/wp-content\/uploads\/2026\/01\/Foto-carnet.jpg-300x300.jpeg 300w, https:\/\/revistaexpofrio.com\/wp-content\/uploads\/2026\/01\/Foto-carnet.jpg-768x768.jpeg 768w, https:\/\/revistaexpofrio.com\/wp-content\/uploads\/2026\/01\/Foto-carnet.jpg.jpeg 800w\" \/>\t\t\n\t\t\t\t\t<a href=\"https:\/\/revistaexpofrio.com\/author\/carlos-hijar\/\" class=\"author\" rel=\"author\">Carlos H\u00edjar<\/a>\n\t\t\t\t\t\t\t\t\t<\/div>\n\t\t\t\t\t<div class=\"wd-modified-date\">\n\t\t\t\t\t\t\t\t<time class=\"updated\" datetime=\"2026-04-21T18:14:15-05:00\">\n\t\t\t21 abril, 2026\t\t<\/time>\n\t\t\t\t\t\t\t<\/div>\n\n\t\t\t\t\t\t\t\t\t\t\t<div tabindex=\"0\" class=\"wd-post-share wd-tltp\">\n\t\t\t\t\t\t\t<div class=\"tooltip top\">\n\t\t\t\t\t\t\t\t<div class=\"tooltip-inner\">\n\t\t\t\t\t\t\t\t\t\t\t\t<div\n\t\t\t\t\t\tclass=\" wd-social-icons wd-style-default wd-size-small social-share wd-shape-circle color-scheme-light text-center\">\n\t\t\t\t\n\t\t\t\t\n\t\t\t\t\t\t\t\t\t<a rel=\"noopener noreferrer nofollow\" href=\"https:\/\/www.facebook.com\/sharer\/sharer.php?u=https:\/\/revistaexpofrio.com\/hitachi-cooling-heating-inicia-nueva-etapa-en-latinoamerica-con-bosch\/\" target=\"_blank\" class=\" wd-social-icon social-facebook\" aria-label=\"Facebook social link\">\n\t\t\t\t\t\t<span class=\"wd-icon\"><\/span>\n\t\t\t\t\t\t\t\t\t\t\t<\/a>\n\t\t\t\t\n\t\t\t\t\t\t\t\t\t<a rel=\"noopener noreferrer nofollow\" href=\"https:\/\/x.com\/share?url=https:\/\/revistaexpofrio.com\/hitachi-cooling-heating-inicia-nueva-etapa-en-latinoamerica-con-bosch\/\" target=\"_blank\" class=\" wd-social-icon social-twitter\" aria-label=\"X social link\">\n\t\t\t\t\t\t<span class=\"wd-icon\"><\/span>\n\t\t\t\t\t\t\t\t\t\t\t<\/a>\n\t\t\t\t\n\t\t\t\t\n\t\t\t\t\n\t\t\t\t\n\t\t\t\t\n\t\t\t\t\n\t\t\t\t\t\t\t\t\t<a rel=\"noopener noreferrer nofollow\" href=\"https:\/\/pinterest.com\/pin\/create\/button\/?url=https:\/\/revistaexpofrio.com\/hitachi-cooling-heating-inicia-nueva-etapa-en-latinoamerica-con-bosch\/&media=https:\/\/revistaexpofrio.com\/wp-content\/uploads\/2026\/04\/Hitachi-en-Bosch.webp&description=Hitachi+Cooling+%26amp%3B+Heating+inicia+nueva+etapa+en+Latinoam%C3%A9rica+con+Bosch\" target=\"_blank\" class=\" wd-social-icon social-pinterest\" aria-label=\"Pinterest social link\">\n\t\t\t\t\t\t<span class=\"wd-icon\"><\/span>\n\t\t\t\t\t\t\t\t\t\t\t<\/a>\n\t\t\t\t\n\t\t\t\t\n\t\t\t\t\t\t\t\t\t<a rel=\"noopener noreferrer nofollow\" href=\"https:\/\/www.linkedin.com\/shareArticle?mini=true&url=https:\/\/revistaexpofrio.com\/hitachi-cooling-heating-inicia-nueva-etapa-en-latinoamerica-con-bosch\/\" target=\"_blank\" class=\" wd-social-icon social-linkedin\" aria-label=\"Linkedin social link\">\n\t\t\t\t\t\t<span class=\"wd-icon\"><\/span>\n\t\t\t\t\t\t\t\t\t\t\t<\/a>\n\t\t\t\t\n\t\t\t\t\n\t\t\t\t\n\t\t\t\t\n\t\t\t\t\n\t\t\t\t\n\t\t\t\t\n\t\t\t\t\n\t\t\t\t\n\t\t\t\t\n\t\t\t\t\n\t\t\t\t\n\t\t\t\t\n\t\t\t\t\n\t\t\t\t\n\t\t\t\t\t\t\t\t\t<a rel=\"noopener noreferrer nofollow\" href=\"https:\/\/telegram.me\/share\/url?url=https:\/\/revistaexpofrio.com\/hitachi-cooling-heating-inicia-nueva-etapa-en-latinoamerica-con-bosch\/\" target=\"_blank\" class=\" wd-social-icon social-tg\" aria-label=\"Telegram social link\">\n\t\t\t\t\t\t<span class=\"wd-icon\"><\/span>\n\t\t\t\t\t\t\t\t\t\t\t<\/a>\n\t\t\t\t\n\t\t\t\t\n\t\t\t<\/div>\n\n\t\t\t\t\t\t\t\t\t\t<\/div>\n\t\t\t\t\t\t\t\t<div class=\"tooltip-arrow\"><\/div>\n\t\t\t\t\t\t\t<\/div>\n\t\t\t\t\t\t<\/div>\n\t\t\t\t\t\n\t\t\t\t\t\t\t\t\t\t\t\t\t\t\t\t\t<div class=\"wd-post-reply wd-style-1\">\n\t\t\t\t\t\t\t<a href=\"https:\/\/revistaexpofrio.com\/hitachi-cooling-heating-inicia-nueva-etapa-en-latinoamerica-con-bosch\/#respond\"><span class=\"wd-replies-count\">0<\/span><\/a>\t\t\t\t\t\t<\/div>\n\t\t\t\t\t\t\t\t\t<\/div>\n\t\t\t\n\t\t\t\t\t\t\t\t\t\t\t\t<div class=\"wd-post-excerpt entry-content\">\n\t\t\t\t\t\tLa integraci\u00f3n al grupo Bosch fortalece su presencia regional y acelera la innovaci\u00f3n en soluciones HVAC eficientes y sostenibles.\n\n\n\nH...\t\t\t\t\t<\/div>\n\t\t\t\t\n\t\t\t\t\t\t\t\t\t\t\t\t\t\t<div class=\"wd-post-read-more wd-style-link read-more-section\">\n\t\t\t\t\t\t<a class=\"\" href=\"https:\/\/revistaexpofrio.com\/hitachi-cooling-heating-inicia-nueva-etapa-en-latinoamerica-con-bosch\/\">Continue reading<\/a>\t\t\t\t\t<\/div>\n\t\t\t\t\t\t\t\t\t\t\t\t\t<\/div>\n\t<\/div>\n<\/article>\n\n\t\t\t\t\t\t\t\t\t\t\t\n<article id=\"post-22326\" class=\"wd-post blog-design-masonry blog-post-loop blog-style-bg wd-add-shadow wd-col post-22326 post type-post status-publish format-standard has-post-thumbnail hentry category-tecnologia\">\n\t<div class=\"wd-post-inner article-inner\">\n\t\t\t\t\t<div class=\"wd-post-thumb entry-header\">\n\t\t\t\t\t\t\t\t\t<div class=\"wd-post-img post-img-wrapp\">\n\t\t\t\t\t\t<img width=\"1024\" height=\"576\" src=\"https:\/\/revistaexpofrio.com\/wp-content\/themes\/woodmart\/images\/lazy.svg\" class=\"attachment-large size-large\" alt=\"Cosmoplas Chile y CSJ SUZHOU\" decoding=\"async\" srcset=\"\" sizes=\"(max-width: 1024px) 100vw, 1024px\" data-src=\"https:\/\/revistaexpofrio.com\/wp-content\/uploads\/2026\/04\/Cosmoplas-Chile-y-CSJ-SUZHOU-1024x576.webp\" data-srcset=\"https:\/\/revistaexpofrio.com\/wp-content\/uploads\/2026\/04\/Cosmoplas-Chile-y-CSJ-SUZHOU-1024x576.webp 1024w, https:\/\/revistaexpofrio.com\/wp-content\/uploads\/2026\/04\/Cosmoplas-Chile-y-CSJ-SUZHOU-300x169.webp 300w, https:\/\/revistaexpofrio.com\/wp-content\/uploads\/2026\/04\/Cosmoplas-Chile-y-CSJ-SUZHOU-768x432.webp 768w, https:\/\/revistaexpofrio.com\/wp-content\/uploads\/2026\/04\/Cosmoplas-Chile-y-CSJ-SUZHOU-1536x864.webp 1536w, https:\/\/revistaexpofrio.com\/wp-content\/uploads\/2026\/04\/Cosmoplas-Chile-y-CSJ-SUZHOU.webp 1920w\" \/>\t\t\t\t\t<\/div>\n\t\t\t\t\t\t\t\t\t\t<a class=\"wd-fill\" tabindex=\"-1\" href=\"https:\/\/revistaexpofrio.com\/cosmoplas-chile-fortalece-alianzas-internacionales-en-redes-contra-incendio\/\" aria-label=\"Link on post Cosmoplas Chile fortalece alianzas internacionales en redes contra incendio\"><\/a>\n\t\t\t\t\n\t\t\t\t\t\t\t\t\t\t\t\t<div class=\"wd-post-date wd-style-with-bg\">\n\t\t\t\t<span class=\"post-date-day\">\n\t\t\t\t\t21\t\t\t\t<\/span>\n\t\t\t\t<span class=\"post-date-month\">\n\t\t\t\t\tAbr\t\t\t\t<\/span>\n\t\t\t<\/div>\n\t\t\t\t\t\t\t\t\t<\/div>\n\t\t\n\t\t<div class=\"wd-post-content article-body-container\">\n\t\t\t\t\t\t\t<div class=\"wd-post-cat wd-style-with-bg meta-post-categories\">\n\t\t\t\t\t<a href=\"https:\/\/revistaexpofrio.com\/category\/tecnologia\/\" rel=\"category tag\">Tecnolog\u00eda<\/a>\t\t\t\t<\/div>\n\t\t\t\n\t\t\t\t\t\t\t<h3 class=\"wd-post-title wd-entities-title title post-title\">\n\t\t\t\t\t<a href=\"https:\/\/revistaexpofrio.com\/cosmoplas-chile-fortalece-alianzas-internacionales-en-redes-contra-incendio\/\" rel=\"bookmark\">Cosmoplas Chile fortalece alianzas internacionales en redes contra incendio<\/a>\n\t\t\t\t<\/h3>\n\t\t\t\n\t\t\t\t\t\t\t<div class=\"wd-post-meta\">\n\t\t\t\t\t\t\t\t\t\t\t\t\t\t\t<div class=\"wd-post-author\">\n\t\t\t\t\t\t\t\t\t\t\t<span>Posted by<\/span>\n\t\t\n\t\t\t\t\t<img width=\"18\" height=\"18\" src=\"https:\/\/revistaexpofrio.com\/wp-content\/themes\/woodmart\/images\/lazy.svg\" class=\"avatar avatar-18 photo\" alt=\"author-avatar\" decoding=\"async\" srcset=\"\" sizes=\"(max-width: 18px) 100vw, 18px\" data-src=\"https:\/\/revistaexpofrio.com\/wp-content\/uploads\/2026\/01\/Foto-carnet.jpg-150x150.jpeg\" data-srcset=\"https:\/\/revistaexpofrio.com\/wp-content\/uploads\/2026\/01\/Foto-carnet.jpg-150x150.jpeg 150w, https:\/\/revistaexpofrio.com\/wp-content\/uploads\/2026\/01\/Foto-carnet.jpg-300x300.jpeg 300w, https:\/\/revistaexpofrio.com\/wp-content\/uploads\/2026\/01\/Foto-carnet.jpg-768x768.jpeg 768w, https:\/\/revistaexpofrio.com\/wp-content\/uploads\/2026\/01\/Foto-carnet.jpg.jpeg 800w\" \/>\t\t\n\t\t\t\t\t<a href=\"https:\/\/revistaexpofrio.com\/author\/carlos-hijar\/\" class=\"author\" rel=\"author\">Carlos H\u00edjar<\/a>\n\t\t\t\t\t\t\t\t\t<\/div>\n\t\t\t\t\t<div class=\"wd-modified-date\">\n\t\t\t\t\t\t\t\t<time class=\"updated\" datetime=\"2026-04-21T10:15:36-05:00\">\n\t\t\t21 abril, 2026\t\t<\/time>\n\t\t\t\t\t\t\t<\/div>\n\n\t\t\t\t\t\t\t\t\t\t\t<div tabindex=\"0\" class=\"wd-post-share wd-tltp\">\n\t\t\t\t\t\t\t<div class=\"tooltip top\">\n\t\t\t\t\t\t\t\t<div class=\"tooltip-inner\">\n\t\t\t\t\t\t\t\t\t\t\t\t<div\n\t\t\t\t\t\tclass=\" wd-social-icons wd-style-default wd-size-small social-share wd-shape-circle color-scheme-light text-center\">\n\t\t\t\t\n\t\t\t\t\n\t\t\t\t\t\t\t\t\t<a rel=\"noopener noreferrer nofollow\" href=\"https:\/\/www.facebook.com\/sharer\/sharer.php?u=https:\/\/revistaexpofrio.com\/cosmoplas-chile-fortalece-alianzas-internacionales-en-redes-contra-incendio\/\" target=\"_blank\" class=\" wd-social-icon social-facebook\" aria-label=\"Facebook social link\">\n\t\t\t\t\t\t<span class=\"wd-icon\"><\/span>\n\t\t\t\t\t\t\t\t\t\t\t<\/a>\n\t\t\t\t\n\t\t\t\t\t\t\t\t\t<a rel=\"noopener noreferrer nofollow\" href=\"https:\/\/x.com\/share?url=https:\/\/revistaexpofrio.com\/cosmoplas-chile-fortalece-alianzas-internacionales-en-redes-contra-incendio\/\" target=\"_blank\" class=\" wd-social-icon social-twitter\" aria-label=\"X social link\">\n\t\t\t\t\t\t<span class=\"wd-icon\"><\/span>\n\t\t\t\t\t\t\t\t\t\t\t<\/a>\n\t\t\t\t\n\t\t\t\t\n\t\t\t\t\n\t\t\t\t\n\t\t\t\t\n\t\t\t\t\n\t\t\t\t\t\t\t\t\t<a rel=\"noopener noreferrer nofollow\" href=\"https:\/\/pinterest.com\/pin\/create\/button\/?url=https:\/\/revistaexpofrio.com\/cosmoplas-chile-fortalece-alianzas-internacionales-en-redes-contra-incendio\/&media=https:\/\/revistaexpofrio.com\/wp-content\/uploads\/2026\/04\/Cosmoplas-Chile-y-CSJ-SUZHOU.webp&description=Cosmoplas+Chile+fortalece+alianzas+internacionales+en+redes+contra+incendio\" target=\"_blank\" class=\" wd-social-icon social-pinterest\" aria-label=\"Pinterest social link\">\n\t\t\t\t\t\t<span class=\"wd-icon\"><\/span>\n\t\t\t\t\t\t\t\t\t\t\t<\/a>\n\t\t\t\t\n\t\t\t\t\n\t\t\t\t\t\t\t\t\t<a rel=\"noopener noreferrer nofollow\" href=\"https:\/\/www.linkedin.com\/shareArticle?mini=true&url=https:\/\/revistaexpofrio.com\/cosmoplas-chile-fortalece-alianzas-internacionales-en-redes-contra-incendio\/\" target=\"_blank\" class=\" wd-social-icon social-linkedin\" aria-label=\"Linkedin social link\">\n\t\t\t\t\t\t<span class=\"wd-icon\"><\/span>\n\t\t\t\t\t\t\t\t\t\t\t<\/a>\n\t\t\t\t\n\t\t\t\t\n\t\t\t\t\n\t\t\t\t\n\t\t\t\t\n\t\t\t\t\n\t\t\t\t\n\t\t\t\t\n\t\t\t\t\n\t\t\t\t\n\t\t\t\t\n\t\t\t\t\n\t\t\t\t\n\t\t\t\t\n\t\t\t\t\n\t\t\t\t\t\t\t\t\t<a rel=\"noopener noreferrer nofollow\" href=\"https:\/\/telegram.me\/share\/url?url=https:\/\/revistaexpofrio.com\/cosmoplas-chile-fortalece-alianzas-internacionales-en-redes-contra-incendio\/\" target=\"_blank\" class=\" wd-social-icon social-tg\" aria-label=\"Telegram social link\">\n\t\t\t\t\t\t<span class=\"wd-icon\"><\/span>\n\t\t\t\t\t\t\t\t\t\t\t<\/a>\n\t\t\t\t\n\t\t\t\t\n\t\t\t<\/div>\n\n\t\t\t\t\t\t\t\t\t\t<\/div>\n\t\t\t\t\t\t\t\t<div class=\"tooltip-arrow\"><\/div>\n\t\t\t\t\t\t\t<\/div>\n\t\t\t\t\t\t<\/div>\n\t\t\t\t\t\n\t\t\t\t\t\t\t\t\t\t\t\t\t\t\t\t\t<div class=\"wd-post-reply wd-style-1\">\n\t\t\t\t\t\t\t<a href=\"https:\/\/revistaexpofrio.com\/cosmoplas-chile-fortalece-alianzas-internacionales-en-redes-contra-incendio\/#respond\"><span class=\"wd-replies-count\">0<\/span><\/a>\t\t\t\t\t\t<\/div>\n\t\t\t\t\t\t\t\t\t<\/div>\n\t\t\t\n\t\t\t\t\t\t\t\t\t\t\t\t<div class=\"wd-post-excerpt entry-content\">\n\t\t\t\t\t\tLa reuni\u00f3n con CSJ Suzhou permiti\u00f3 evaluar soluciones certificadas para fortalecer su oferta en protecci\u00f3n contra incendios en Chile.\n\n...\t\t\t\t\t<\/div>\n\t\t\t\t\n\t\t\t\t\t\t\t\t\t\t\t\t\t\t<div class=\"wd-post-read-more wd-style-link read-more-section\">\n\t\t\t\t\t\t<a class=\"\" href=\"https:\/\/revistaexpofrio.com\/cosmoplas-chile-fortalece-alianzas-internacionales-en-redes-contra-incendio\/\">Continue reading<\/a>\t\t\t\t\t<\/div>\n\t\t\t\t\t\t\t\t\t\t\t\t\t<\/div>\n\t<\/div>\n<\/article>\n\n\t\t\t\t\t\t\t\t\t\t\t\n<article id=\"post-22322\" class=\"wd-post blog-design-masonry blog-post-loop blog-style-bg wd-add-shadow wd-col post-22322 post type-post status-publish format-standard has-post-thumbnail hentry category-aire-acondicionado category-mundo-hvacr category-noticias tag-bombas-de-calor tag-hvac-2 tag-lg-electronics\">\n\t<div class=\"wd-post-inner article-inner\">\n\t\t\t\t\t<div class=\"wd-post-thumb entry-header\">\n\t\t\t\t\t\t\t\t\t<div class=\"wd-post-img post-img-wrapp\">\n\t\t\t\t\t\t<img width=\"1024\" height=\"576\" src=\"https:\/\/revistaexpofrio.com\/wp-content\/themes\/woodmart\/images\/lazy.svg\" class=\"attachment-large size-large\" alt=\"LG Electronics academia California\" decoding=\"async\" srcset=\"\" sizes=\"(max-width: 1024px) 100vw, 1024px\" data-src=\"https:\/\/revistaexpofrio.com\/wp-content\/uploads\/2026\/04\/LG-Electronics-academia-California-1024x576.webp\" data-srcset=\"https:\/\/revistaexpofrio.com\/wp-content\/uploads\/2026\/04\/LG-Electronics-academia-California-1024x576.webp 1024w, https:\/\/revistaexpofrio.com\/wp-content\/uploads\/2026\/04\/LG-Electronics-academia-California-300x169.webp 300w, https:\/\/revistaexpofrio.com\/wp-content\/uploads\/2026\/04\/LG-Electronics-academia-California-768x432.webp 768w, https:\/\/revistaexpofrio.com\/wp-content\/uploads\/2026\/04\/LG-Electronics-academia-California-1536x864.webp 1536w, https:\/\/revistaexpofrio.com\/wp-content\/uploads\/2026\/04\/LG-Electronics-academia-California.webp 1920w\" \/>\t\t\t\t\t<\/div>\n\t\t\t\t\t\t\t\t\t\t<a class=\"wd-fill\" tabindex=\"-1\" href=\"https:\/\/revistaexpofrio.com\/lg-inaugura-academia-hvac-en-california-para-formacion-tecnica-especializada\/\" aria-label=\"Link on post LG inaugura academia HVAC en California para formaci\u00f3n t\u00e9cnica especializada\"><\/a>\n\t\t\t\t\n\t\t\t\t\t\t\t\t\t\t\t\t<div class=\"wd-post-date wd-style-with-bg\">\n\t\t\t\t<span class=\"post-date-day\">\n\t\t\t\t\t21\t\t\t\t<\/span>\n\t\t\t\t<span class=\"post-date-month\">\n\t\t\t\t\tAbr\t\t\t\t<\/span>\n\t\t\t<\/div>\n\t\t\t\t\t\t\t\t\t<\/div>\n\t\t\n\t\t<div class=\"wd-post-content article-body-container\">\n\t\t\t\t\t\t\t<div class=\"wd-post-cat wd-style-with-bg meta-post-categories\">\n\t\t\t\t\t<a href=\"https:\/\/revistaexpofrio.com\/category\/aire-acondicionado\/\" rel=\"category tag\">Aire Acondicionado<\/a>, <a href=\"https:\/\/revistaexpofrio.com\/category\/mundo-hvacr\/\" rel=\"category tag\">Internacional<\/a>, <a href=\"https:\/\/revistaexpofrio.com\/category\/noticias\/\" rel=\"category tag\">Noticias HVAC-R<\/a>\t\t\t\t<\/div>\n\t\t\t\n\t\t\t\t\t\t\t<h3 class=\"wd-post-title wd-entities-title title post-title\">\n\t\t\t\t\t<a href=\"https:\/\/revistaexpofrio.com\/lg-inaugura-academia-hvac-en-california-para-formacion-tecnica-especializada\/\" rel=\"bookmark\">LG inaugura academia HVAC en California para formaci\u00f3n t\u00e9cnica especializada<\/a>\n\t\t\t\t<\/h3>\n\t\t\t\n\t\t\t\t\t\t\t<div class=\"wd-post-meta\">\n\t\t\t\t\t\t\t\t\t\t\t\t\t\t\t<div class=\"wd-post-author\">\n\t\t\t\t\t\t\t\t\t\t\t<span>Posted by<\/span>\n\t\t\n\t\t\t\t\t<img width=\"18\" height=\"18\" src=\"https:\/\/revistaexpofrio.com\/wp-content\/themes\/woodmart\/images\/lazy.svg\" class=\"avatar avatar-18 photo\" alt=\"author-avatar\" decoding=\"async\" srcset=\"\" sizes=\"(max-width: 18px) 100vw, 18px\" data-src=\"https:\/\/revistaexpofrio.com\/wp-content\/uploads\/2026\/01\/Foto-carnet.jpg-150x150.jpeg\" data-srcset=\"https:\/\/revistaexpofrio.com\/wp-content\/uploads\/2026\/01\/Foto-carnet.jpg-150x150.jpeg 150w, https:\/\/revistaexpofrio.com\/wp-content\/uploads\/2026\/01\/Foto-carnet.jpg-300x300.jpeg 300w, https:\/\/revistaexpofrio.com\/wp-content\/uploads\/2026\/01\/Foto-carnet.jpg-768x768.jpeg 768w, https:\/\/revistaexpofrio.com\/wp-content\/uploads\/2026\/01\/Foto-carnet.jpg.jpeg 800w\" \/>\t\t\n\t\t\t\t\t<a href=\"https:\/\/revistaexpofrio.com\/author\/carlos-hijar\/\" class=\"author\" rel=\"author\">Carlos H\u00edjar<\/a>\n\t\t\t\t\t\t\t\t\t<\/div>\n\t\t\t\t\t<div class=\"wd-modified-date\">\n\t\t\t\t\t\t\t\t<time class=\"updated\" datetime=\"2026-04-21T09:53:22-05:00\">\n\t\t\t21 abril, 2026\t\t<\/time>\n\t\t\t\t\t\t\t<\/div>\n\n\t\t\t\t\t\t\t\t\t\t\t<div tabindex=\"0\" class=\"wd-post-share wd-tltp\">\n\t\t\t\t\t\t\t<div class=\"tooltip top\">\n\t\t\t\t\t\t\t\t<div class=\"tooltip-inner\">\n\t\t\t\t\t\t\t\t\t\t\t\t<div\n\t\t\t\t\t\tclass=\" wd-social-icons wd-style-default wd-size-small social-share wd-shape-circle color-scheme-light text-center\">\n\t\t\t\t\n\t\t\t\t\n\t\t\t\t\t\t\t\t\t<a rel=\"noopener noreferrer nofollow\" href=\"https:\/\/www.facebook.com\/sharer\/sharer.php?u=https:\/\/revistaexpofrio.com\/lg-inaugura-academia-hvac-en-california-para-formacion-tecnica-especializada\/\" target=\"_blank\" class=\" wd-social-icon social-facebook\" aria-label=\"Facebook social link\">\n\t\t\t\t\t\t<span class=\"wd-icon\"><\/span>\n\t\t\t\t\t\t\t\t\t\t\t<\/a>\n\t\t\t\t\n\t\t\t\t\t\t\t\t\t<a rel=\"noopener noreferrer nofollow\" href=\"https:\/\/x.com\/share?url=https:\/\/revistaexpofrio.com\/lg-inaugura-academia-hvac-en-california-para-formacion-tecnica-especializada\/\" target=\"_blank\" class=\" wd-social-icon social-twitter\" aria-label=\"X social link\">\n\t\t\t\t\t\t<span class=\"wd-icon\"><\/span>\n\t\t\t\t\t\t\t\t\t\t\t<\/a>\n\t\t\t\t\n\t\t\t\t\n\t\t\t\t\n\t\t\t\t\n\t\t\t\t\n\t\t\t\t\n\t\t\t\t\t\t\t\t\t<a rel=\"noopener noreferrer nofollow\" href=\"https:\/\/pinterest.com\/pin\/create\/button\/?url=https:\/\/revistaexpofrio.com\/lg-inaugura-academia-hvac-en-california-para-formacion-tecnica-especializada\/&media=https:\/\/revistaexpofrio.com\/wp-content\/uploads\/2026\/04\/LG-Electronics-academia-California.webp&description=LG+inaugura+academia+HVAC+en+California+para+formaci%C3%B3n+t%C3%A9cnica+especializada\" target=\"_blank\" class=\" wd-social-icon social-pinterest\" aria-label=\"Pinterest social link\">\n\t\t\t\t\t\t<span class=\"wd-icon\"><\/span>\n\t\t\t\t\t\t\t\t\t\t\t<\/a>\n\t\t\t\t\n\t\t\t\t\n\t\t\t\t\t\t\t\t\t<a rel=\"noopener noreferrer nofollow\" href=\"https:\/\/www.linkedin.com\/shareArticle?mini=true&url=https:\/\/revistaexpofrio.com\/lg-inaugura-academia-hvac-en-california-para-formacion-tecnica-especializada\/\" target=\"_blank\" class=\" wd-social-icon social-linkedin\" aria-label=\"Linkedin social link\">\n\t\t\t\t\t\t<span class=\"wd-icon\"><\/span>\n\t\t\t\t\t\t\t\t\t\t\t<\/a>\n\t\t\t\t\n\t\t\t\t\n\t\t\t\t\n\t\t\t\t\n\t\t\t\t\n\t\t\t\t\n\t\t\t\t\n\t\t\t\t\n\t\t\t\t\n\t\t\t\t\n\t\t\t\t\n\t\t\t\t\n\t\t\t\t\n\t\t\t\t\n\t\t\t\t\n\t\t\t\t\t\t\t\t\t<a rel=\"noopener noreferrer nofollow\" href=\"https:\/\/telegram.me\/share\/url?url=https:\/\/revistaexpofrio.com\/lg-inaugura-academia-hvac-en-california-para-formacion-tecnica-especializada\/\" target=\"_blank\" class=\" wd-social-icon social-tg\" aria-label=\"Telegram social link\">\n\t\t\t\t\t\t<span class=\"wd-icon\"><\/span>\n\t\t\t\t\t\t\t\t\t\t\t<\/a>\n\t\t\t\t\n\t\t\t\t\n\t\t\t<\/div>\n\n\t\t\t\t\t\t\t\t\t\t<\/div>\n\t\t\t\t\t\t\t\t<div class=\"tooltip-arrow\"><\/div>\n\t\t\t\t\t\t\t<\/div>\n\t\t\t\t\t\t<\/div>\n\t\t\t\t\t\n\t\t\t\t\t\t\t\t\t\t\t\t\t\t\t\t\t<div class=\"wd-post-reply wd-style-1\">\n\t\t\t\t\t\t\t<a href=\"https:\/\/revistaexpofrio.com\/lg-inaugura-academia-hvac-en-california-para-formacion-tecnica-especializada\/#respond\"><span class=\"wd-replies-count\">0<\/span><\/a>\t\t\t\t\t\t<\/div>\n\t\t\t\t\t\t\t\t\t<\/div>\n\t\t\t\n\t\t\t\t\t\t\t\t\t\t\t\t<div class=\"wd-post-excerpt entry-content\">\n\t\t\t\t\t\tCapacitar\u00e1 a instaladores en bombas de calor y soluciones eficientes, impulsando la adopci\u00f3n tecnol\u00f3gica en el sector HVAC.\n\n\n\nLG Elect...\t\t\t\t\t<\/div>\n\t\t\t\t\n\t\t\t\t\t\t\t\t\t\t\t\t\t\t<div class=\"wd-post-read-more wd-style-link read-more-section\">\n\t\t\t\t\t\t<a class=\"\" href=\"https:\/\/revistaexpofrio.com\/lg-inaugura-academia-hvac-en-california-para-formacion-tecnica-especializada\/\">Continue reading<\/a>\t\t\t\t\t<\/div>\n\t\t\t\t\t\t\t\t\t\t\t\t\t<\/div>\n\t<\/div>\n<\/article>\n\n\t\t\t\t\t\t\t\t\t\t\t\n<article id=\"post-22318\" class=\"wd-post blog-design-masonry blog-post-loop blog-style-bg wd-add-shadow wd-col post-22318 post type-post status-publish format-standard has-post-thumbnail hentry category-tecnologia\">\n\t<div class=\"wd-post-inner article-inner\">\n\t\t\t\t\t<div class=\"wd-post-thumb entry-header\">\n\t\t\t\t\t\t\t\t\t<div class=\"wd-post-img post-img-wrapp\">\n\t\t\t\t\t\t<img width=\"1024\" height=\"576\" src=\"https:\/\/revistaexpofrio.com\/wp-content\/themes\/woodmart\/images\/lazy.svg\" class=\"attachment-large size-large\" alt=\"AAA Entalp\u00eda realiza Elitech Day\" decoding=\"async\" srcset=\"\" sizes=\"(max-width: 1024px) 100vw, 1024px\" data-src=\"https:\/\/revistaexpofrio.com\/wp-content\/uploads\/2026\/04\/AAA-Entalpia-realiza-Elitech-Day-2-1024x576.webp\" data-srcset=\"https:\/\/revistaexpofrio.com\/wp-content\/uploads\/2026\/04\/AAA-Entalpia-realiza-Elitech-Day-2-1024x576.webp 1024w, https:\/\/revistaexpofrio.com\/wp-content\/uploads\/2026\/04\/AAA-Entalpia-realiza-Elitech-Day-2-300x169.webp 300w, https:\/\/revistaexpofrio.com\/wp-content\/uploads\/2026\/04\/AAA-Entalpia-realiza-Elitech-Day-2-768x432.webp 768w, https:\/\/revistaexpofrio.com\/wp-content\/uploads\/2026\/04\/AAA-Entalpia-realiza-Elitech-Day-2-1536x864.webp 1536w, https:\/\/revistaexpofrio.com\/wp-content\/uploads\/2026\/04\/AAA-Entalpia-realiza-Elitech-Day-2.webp 1920w\" \/>\t\t\t\t\t<\/div>\n\t\t\t\t\t\t\t\t\t\t<a class=\"wd-fill\" tabindex=\"-1\" href=\"https:\/\/revistaexpofrio.com\/aaa-entalpia-realiza-elitech-day-en-lima-y-fortalece-capacitacion-hvac-r\/\" aria-label=\"Link on post AAA Entalp\u00eda realiza ELITECH DAY en Lima y fortalece capacitaci\u00f3n HVAC-R\"><\/a>\n\t\t\t\t\n\t\t\t\t\t\t\t\t\t\t\t\t<div class=\"wd-post-date wd-style-with-bg\">\n\t\t\t\t<span class=\"post-date-day\">\n\t\t\t\t\t20\t\t\t\t<\/span>\n\t\t\t\t<span class=\"post-date-month\">\n\t\t\t\t\tAbr\t\t\t\t<\/span>\n\t\t\t<\/div>\n\t\t\t\t\t\t\t\t\t<\/div>\n\t\t\n\t\t<div class=\"wd-post-content article-body-container\">\n\t\t\t\t\t\t\t<div class=\"wd-post-cat wd-style-with-bg meta-post-categories\">\n\t\t\t\t\t<a href=\"https:\/\/revistaexpofrio.com\/category\/tecnologia\/\" rel=\"category tag\">Tecnolog\u00eda<\/a>\t\t\t\t<\/div>\n\t\t\t\n\t\t\t\t\t\t\t<h3 class=\"wd-post-title wd-entities-title title post-title\">\n\t\t\t\t\t<a href=\"https:\/\/revistaexpofrio.com\/aaa-entalpia-realiza-elitech-day-en-lima-y-fortalece-capacitacion-hvac-r\/\" rel=\"bookmark\">AAA Entalp\u00eda realiza ELITECH DAY en Lima y fortalece capacitaci\u00f3n HVAC-R<\/a>\n\t\t\t\t<\/h3>\n\t\t\t\n\t\t\t\t\t\t\t<div class=\"wd-post-meta\">\n\t\t\t\t\t\t\t\t\t\t\t\t\t\t\t<div class=\"wd-post-author\">\n\t\t\t\t\t\t\t\t\t\t\t<span>Posted by<\/span>\n\t\t\n\t\t\t\t\t<img width=\"18\" height=\"18\" src=\"https:\/\/revistaexpofrio.com\/wp-content\/themes\/woodmart\/images\/lazy.svg\" class=\"avatar avatar-18 photo\" alt=\"author-avatar\" decoding=\"async\" srcset=\"\" sizes=\"(max-width: 18px) 100vw, 18px\" data-src=\"https:\/\/revistaexpofrio.com\/wp-content\/uploads\/2026\/01\/Foto-carnet.jpg-150x150.jpeg\" data-srcset=\"https:\/\/revistaexpofrio.com\/wp-content\/uploads\/2026\/01\/Foto-carnet.jpg-150x150.jpeg 150w, https:\/\/revistaexpofrio.com\/wp-content\/uploads\/2026\/01\/Foto-carnet.jpg-300x300.jpeg 300w, https:\/\/revistaexpofrio.com\/wp-content\/uploads\/2026\/01\/Foto-carnet.jpg-768x768.jpeg 768w, https:\/\/revistaexpofrio.com\/wp-content\/uploads\/2026\/01\/Foto-carnet.jpg.jpeg 800w\" \/>\t\t\n\t\t\t\t\t<a href=\"https:\/\/revistaexpofrio.com\/author\/carlos-hijar\/\" class=\"author\" rel=\"author\">Carlos H\u00edjar<\/a>\n\t\t\t\t\t\t\t\t\t<\/div>\n\t\t\t\t\t<div class=\"wd-modified-date\">\n\t\t\t\t\t\t\t\t<time class=\"updated\" datetime=\"2026-04-20T17:46:33-05:00\">\n\t\t\t20 abril, 2026\t\t<\/time>\n\t\t\t\t\t\t\t<\/div>\n\n\t\t\t\t\t\t\t\t\t\t\t<div tabindex=\"0\" class=\"wd-post-share wd-tltp\">\n\t\t\t\t\t\t\t<div class=\"tooltip top\">\n\t\t\t\t\t\t\t\t<div class=\"tooltip-inner\">\n\t\t\t\t\t\t\t\t\t\t\t\t<div\n\t\t\t\t\t\tclass=\" wd-social-icons wd-style-default wd-size-small social-share wd-shape-circle color-scheme-light text-center\">\n\t\t\t\t\n\t\t\t\t\n\t\t\t\t\t\t\t\t\t<a rel=\"noopener noreferrer nofollow\" href=\"https:\/\/www.facebook.com\/sharer\/sharer.php?u=https:\/\/revistaexpofrio.com\/aaa-entalpia-realiza-elitech-day-en-lima-y-fortalece-capacitacion-hvac-r\/\" target=\"_blank\" class=\" wd-social-icon social-facebook\" aria-label=\"Facebook social link\">\n\t\t\t\t\t\t<span class=\"wd-icon\"><\/span>\n\t\t\t\t\t\t\t\t\t\t\t<\/a>\n\t\t\t\t\n\t\t\t\t\t\t\t\t\t<a rel=\"noopener noreferrer nofollow\" href=\"https:\/\/x.com\/share?url=https:\/\/revistaexpofrio.com\/aaa-entalpia-realiza-elitech-day-en-lima-y-fortalece-capacitacion-hvac-r\/\" target=\"_blank\" class=\" wd-social-icon social-twitter\" aria-label=\"X social link\">\n\t\t\t\t\t\t<span class=\"wd-icon\"><\/span>\n\t\t\t\t\t\t\t\t\t\t\t<\/a>\n\t\t\t\t\n\t\t\t\t\n\t\t\t\t\n\t\t\t\t\n\t\t\t\t\n\t\t\t\t\n\t\t\t\t\t\t\t\t\t<a rel=\"noopener noreferrer nofollow\" href=\"https:\/\/pinterest.com\/pin\/create\/button\/?url=https:\/\/revistaexpofrio.com\/aaa-entalpia-realiza-elitech-day-en-lima-y-fortalece-capacitacion-hvac-r\/&media=https:\/\/revistaexpofrio.com\/wp-content\/uploads\/2026\/04\/AAA-Entalpia-realiza-Elitech-Day-2.webp&description=AAA+Entalp%C3%ADa+realiza+ELITECH+DAY+en+Lima+y+fortalece+capacitaci%C3%B3n+HVAC-R\" target=\"_blank\" class=\" wd-social-icon social-pinterest\" aria-label=\"Pinterest social link\">\n\t\t\t\t\t\t<span class=\"wd-icon\"><\/span>\n\t\t\t\t\t\t\t\t\t\t\t<\/a>\n\t\t\t\t\n\t\t\t\t\n\t\t\t\t\t\t\t\t\t<a rel=\"noopener noreferrer nofollow\" href=\"https:\/\/www.linkedin.com\/shareArticle?mini=true&url=https:\/\/revistaexpofrio.com\/aaa-entalpia-realiza-elitech-day-en-lima-y-fortalece-capacitacion-hvac-r\/\" target=\"_blank\" class=\" wd-social-icon social-linkedin\" aria-label=\"Linkedin social link\">\n\t\t\t\t\t\t<span class=\"wd-icon\"><\/span>\n\t\t\t\t\t\t\t\t\t\t\t<\/a>\n\t\t\t\t\n\t\t\t\t\n\t\t\t\t\n\t\t\t\t\n\t\t\t\t\n\t\t\t\t\n\t\t\t\t\n\t\t\t\t\n\t\t\t\t\n\t\t\t\t\n\t\t\t\t\n\t\t\t\t\n\t\t\t\t\n\t\t\t\t\n\t\t\t\t\n\t\t\t\t\t\t\t\t\t<a rel=\"noopener noreferrer nofollow\" href=\"https:\/\/telegram.me\/share\/url?url=https:\/\/revistaexpofrio.com\/aaa-entalpia-realiza-elitech-day-en-lima-y-fortalece-capacitacion-hvac-r\/\" target=\"_blank\" class=\" wd-social-icon social-tg\" aria-label=\"Telegram social link\">\n\t\t\t\t\t\t<span class=\"wd-icon\"><\/span>\n\t\t\t\t\t\t\t\t\t\t\t<\/a>\n\t\t\t\t\n\t\t\t\t\n\t\t\t<\/div>\n\n\t\t\t\t\t\t\t\t\t\t<\/div>\n\t\t\t\t\t\t\t\t<div class=\"tooltip-arrow\"><\/div>\n\t\t\t\t\t\t\t<\/div>\n\t\t\t\t\t\t<\/div>\n\t\t\t\t\t\n\t\t\t\t\t\t\t\t\t\t\t\t\t\t\t\t\t<div class=\"wd-post-reply wd-style-1\">\n\t\t\t\t\t\t\t<a href=\"https:\/\/revistaexpofrio.com\/aaa-entalpia-realiza-elitech-day-en-lima-y-fortalece-capacitacion-hvac-r\/#respond\"><span class=\"wd-replies-count\">0<\/span><\/a>\t\t\t\t\t\t<\/div>\n\t\t\t\t\t\t\t\t\t<\/div>\n\t\t\t\n\t\t\t\t\t\t\t\t\t\t\t\t<div class=\"wd-post-excerpt entry-content\">\n\t\t\t\t\t\tEvento reuni\u00f3 a t\u00e9cnicos del sector para capacitaci\u00f3n pr\u00e1ctica en herramientas de medici\u00f3n, control y soluciones tecnol\u00f3gicas HVAC-R.\n\n...\t\t\t\t\t<\/div>\n\t\t\t\t\n\t\t\t\t\t\t\t\t\t\t\t\t\t\t<div class=\"wd-post-read-more wd-style-link read-more-section\">\n\t\t\t\t\t\t<a class=\"\" href=\"https:\/\/revistaexpofrio.com\/aaa-entalpia-realiza-elitech-day-en-lima-y-fortalece-capacitacion-hvac-r\/\">Continue reading<\/a>\t\t\t\t\t<\/div>\n\t\t\t\t\t\t\t\t\t\t\t\t\t<\/div>\n\t<\/div>\n<\/article>\n\n\t\t\t\t\t\t\t\t\t\t\t\n<article id=\"post-22310\" class=\"wd-post blog-design-masonry blog-post-loop blog-style-bg wd-add-shadow wd-col post-22310 post type-post status-publish format-standard has-post-thumbnail hentry category-tecnologia\">\n\t<div class=\"wd-post-inner article-inner\">\n\t\t\t\t\t<div class=\"wd-post-thumb entry-header\">\n\t\t\t\t\t\t\t\t\t<div class=\"wd-post-img post-img-wrapp\">\n\t\t\t\t\t\t<img width=\"1024\" height=\"535\" src=\"https:\/\/revistaexpofrio.com\/wp-content\/themes\/woodmart\/images\/lazy.svg\" class=\"attachment-large size-large\" alt=\"Revista Expofr\u00edo en Expo Fr\u00edo Calor Chile\" decoding=\"async\" srcset=\"\" sizes=\"(max-width: 1024px) 100vw, 1024px\" data-src=\"https:\/\/revistaexpofrio.com\/wp-content\/uploads\/2026\/04\/1776195064099-1024x535.webp\" data-srcset=\"https:\/\/revistaexpofrio.com\/wp-content\/uploads\/2026\/04\/1776195064099-1024x535.webp 1024w, https:\/\/revistaexpofrio.com\/wp-content\/uploads\/2026\/04\/1776195064099-300x157.webp 300w, https:\/\/revistaexpofrio.com\/wp-content\/uploads\/2026\/04\/1776195064099-768x401.webp 768w, https:\/\/revistaexpofrio.com\/wp-content\/uploads\/2026\/04\/1776195064099.webp 1200w\" \/>\t\t\t\t\t<\/div>\n\t\t\t\t\t\t\t\t\t\t<a class=\"wd-fill\" tabindex=\"-1\" href=\"https:\/\/revistaexpofrio.com\/la-revista-expofrio-realizo-cobertura-integral-de-la-expo-frio-calor-chile\/\" aria-label=\"Link on post La Revista Expofr\u00edo realiz\u00f3 cobertura integral de la Expo Fr\u00edo Calor Chile\"><\/a>\n\t\t\t\t\n\t\t\t\t\t\t\t\t\t\t\t\t<div class=\"wd-post-date wd-style-with-bg\">\n\t\t\t\t<span class=\"post-date-day\">\n\t\t\t\t\t18\t\t\t\t<\/span>\n\t\t\t\t<span class=\"post-date-month\">\n\t\t\t\t\tAbr\t\t\t\t<\/span>\n\t\t\t<\/div>\n\t\t\t\t\t\t\t\t\t<\/div>\n\t\t\n\t\t<div class=\"wd-post-content article-body-container\">\n\t\t\t\t\t\t\t<div class=\"wd-post-cat wd-style-with-bg meta-post-categories\">\n\t\t\t\t\t<a href=\"https:\/\/revistaexpofrio.com\/category\/tecnologia\/\" rel=\"category tag\">Tecnolog\u00eda<\/a>\t\t\t\t<\/div>\n\t\t\t\n\t\t\t\t\t\t\t<h3 class=\"wd-post-title wd-entities-title title post-title\">\n\t\t\t\t\t<a href=\"https:\/\/revistaexpofrio.com\/la-revista-expofrio-realizo-cobertura-integral-de-la-expo-frio-calor-chile\/\" rel=\"bookmark\">La Revista Expofr\u00edo realiz\u00f3 cobertura integral de la Expo Fr\u00edo Calor Chile<\/a>\n\t\t\t\t<\/h3>\n\t\t\t\n\t\t\t\t\t\t\t<div class=\"wd-post-meta\">\n\t\t\t\t\t\t\t\t\t\t\t\t\t\t\t<div class=\"wd-post-author\">\n\t\t\t\t\t\t\t\t\t\t\t<span>Posted by<\/span>\n\t\t\n\t\t\t\t\t<img width=\"18\" height=\"18\" src=\"https:\/\/revistaexpofrio.com\/wp-content\/themes\/woodmart\/images\/lazy.svg\" class=\"avatar avatar-18 photo\" alt=\"author-avatar\" decoding=\"async\" srcset=\"\" sizes=\"(max-width: 18px) 100vw, 18px\" data-src=\"https:\/\/revistaexpofrio.com\/wp-content\/uploads\/2026\/01\/Foto-carnet.jpg-150x150.jpeg\" data-srcset=\"https:\/\/revistaexpofrio.com\/wp-content\/uploads\/2026\/01\/Foto-carnet.jpg-150x150.jpeg 150w, https:\/\/revistaexpofrio.com\/wp-content\/uploads\/2026\/01\/Foto-carnet.jpg-300x300.jpeg 300w, https:\/\/revistaexpofrio.com\/wp-content\/uploads\/2026\/01\/Foto-carnet.jpg-768x768.jpeg 768w, https:\/\/revistaexpofrio.com\/wp-content\/uploads\/2026\/01\/Foto-carnet.jpg.jpeg 800w\" \/>\t\t\n\t\t\t\t\t<a href=\"https:\/\/revistaexpofrio.com\/author\/carlos-hijar\/\" class=\"author\" rel=\"author\">Carlos H\u00edjar<\/a>\n\t\t\t\t\t\t\t\t\t<\/div>\n\t\t\t\t\t<div class=\"wd-modified-date\">\n\t\t\t\t\t\t\t\t<time class=\"updated\" datetime=\"2026-04-18T21:12:59-05:00\">\n\t\t\t18 abril, 2026\t\t<\/time>\n\t\t\t\t\t\t\t<\/div>\n\n\t\t\t\t\t\t\t\t\t\t\t<div tabindex=\"0\" class=\"wd-post-share wd-tltp\">\n\t\t\t\t\t\t\t<div class=\"tooltip top\">\n\t\t\t\t\t\t\t\t<div class=\"tooltip-inner\">\n\t\t\t\t\t\t\t\t\t\t\t\t<div\n\t\t\t\t\t\tclass=\" wd-social-icons wd-style-default wd-size-small social-share wd-shape-circle color-scheme-light text-center\">\n\t\t\t\t\n\t\t\t\t\n\t\t\t\t\t\t\t\t\t<a rel=\"noopener noreferrer nofollow\" href=\"https:\/\/www.facebook.com\/sharer\/sharer.php?u=https:\/\/revistaexpofrio.com\/la-revista-expofrio-realizo-cobertura-integral-de-la-expo-frio-calor-chile\/\" target=\"_blank\" class=\" wd-social-icon social-facebook\" aria-label=\"Facebook social link\">\n\t\t\t\t\t\t<span class=\"wd-icon\"><\/span>\n\t\t\t\t\t\t\t\t\t\t\t<\/a>\n\t\t\t\t\n\t\t\t\t\t\t\t\t\t<a rel=\"noopener noreferrer nofollow\" href=\"https:\/\/x.com\/share?url=https:\/\/revistaexpofrio.com\/la-revista-expofrio-realizo-cobertura-integral-de-la-expo-frio-calor-chile\/\" target=\"_blank\" class=\" wd-social-icon social-twitter\" aria-label=\"X social link\">\n\t\t\t\t\t\t<span class=\"wd-icon\"><\/span>\n\t\t\t\t\t\t\t\t\t\t\t<\/a>\n\t\t\t\t\n\t\t\t\t\n\t\t\t\t\n\t\t\t\t\n\t\t\t\t\n\t\t\t\t\n\t\t\t\t\t\t\t\t\t<a rel=\"noopener noreferrer nofollow\" href=\"https:\/\/pinterest.com\/pin\/create\/button\/?url=https:\/\/revistaexpofrio.com\/la-revista-expofrio-realizo-cobertura-integral-de-la-expo-frio-calor-chile\/&media=https:\/\/revistaexpofrio.com\/wp-content\/uploads\/2026\/04\/1776195064099.webp&description=La+Revista+Expofr%C3%ADo+realiz%C3%B3+cobertura+integral+de+la+Expo+Fr%C3%ADo+Calor+Chile\" target=\"_blank\" class=\" wd-social-icon social-pinterest\" aria-label=\"Pinterest social link\">\n\t\t\t\t\t\t<span class=\"wd-icon\"><\/span>\n\t\t\t\t\t\t\t\t\t\t\t<\/a>\n\t\t\t\t\n\t\t\t\t\n\t\t\t\t\t\t\t\t\t<a rel=\"noopener noreferrer nofollow\" href=\"https:\/\/www.linkedin.com\/shareArticle?mini=true&url=https:\/\/revistaexpofrio.com\/la-revista-expofrio-realizo-cobertura-integral-de-la-expo-frio-calor-chile\/\" target=\"_blank\" class=\" wd-social-icon social-linkedin\" aria-label=\"Linkedin social link\">\n\t\t\t\t\t\t<span class=\"wd-icon\"><\/span>\n\t\t\t\t\t\t\t\t\t\t\t<\/a>\n\t\t\t\t\n\t\t\t\t\n\t\t\t\t\n\t\t\t\t\n\t\t\t\t\n\t\t\t\t\n\t\t\t\t\n\t\t\t\t\n\t\t\t\t\n\t\t\t\t\n\t\t\t\t\n\t\t\t\t\n\t\t\t\t\n\t\t\t\t\n\t\t\t\t\n\t\t\t\t\t\t\t\t\t<a rel=\"noopener noreferrer nofollow\" href=\"https:\/\/telegram.me\/share\/url?url=https:\/\/revistaexpofrio.com\/la-revista-expofrio-realizo-cobertura-integral-de-la-expo-frio-calor-chile\/\" target=\"_blank\" class=\" wd-social-icon social-tg\" aria-label=\"Telegram social link\">\n\t\t\t\t\t\t<span class=\"wd-icon\"><\/span>\n\t\t\t\t\t\t\t\t\t\t\t<\/a>\n\t\t\t\t\n\t\t\t\t\n\t\t\t<\/div>\n\n\t\t\t\t\t\t\t\t\t\t<\/div>\n\t\t\t\t\t\t\t\t<div class=\"tooltip-arrow\"><\/div>\n\t\t\t\t\t\t\t<\/div>\n\t\t\t\t\t\t<\/div>\n\t\t\t\t\t\n\t\t\t\t\t\t\t\t\t\t\t\t\t\t\t\t\t<div class=\"wd-post-reply wd-style-1\">\n\t\t\t\t\t\t\t<a href=\"https:\/\/revistaexpofrio.com\/la-revista-expofrio-realizo-cobertura-integral-de-la-expo-frio-calor-chile\/#respond\"><span class=\"wd-replies-count\">0<\/span><\/a>\t\t\t\t\t\t<\/div>\n\t\t\t\t\t\t\t\t\t<\/div>\n\t\t\t\n\t\t\t\t\t\t\t\t\t\t\t\t<div class=\"wd-post-excerpt entry-content\">\n\t\t\t\t\t\tCobertura durante tres d\u00edas incluy\u00f3 networking, entrevistas y difusi\u00f3n de la edici\u00f3n 53 en el principal evento HVAC-R en Chile.\n\n\n\nLa R...\t\t\t\t\t<\/div>\n\t\t\t\t\n\t\t\t\t\t\t\t\t\t\t\t\t\t\t<div class=\"wd-post-read-more wd-style-link read-more-section\">\n\t\t\t\t\t\t<a class=\"\" href=\"https:\/\/revistaexpofrio.com\/la-revista-expofrio-realizo-cobertura-integral-de-la-expo-frio-calor-chile\/\">Continue reading<\/a>\t\t\t\t\t<\/div>\n\t\t\t\t\t\t\t\t\t\t\t\t\t<\/div>\n\t<\/div>\n<\/article>\n\n\t\t\t\t\t\n\t\t\t\t\t","status":"have-posts","nextPage":"https:\/\/revistaexpofrio.com\/2026\/04\/page\/3\/?woo_ajax=1","currentPage":"https:\/\/revistaexpofrio.com\/2026\/04\/page\/2"}