
			
				

					
				

			
		{"items":"\n\t\t\t\t\t\t\t\t\t\t\t\t\t\t<link rel=\"stylesheet\" id=\"wd-post-types-mod-categories-style-bg-css\" href=\"https:\/\/revistaexpofrio.com\/wp-content\/themes\/woodmart\/css\/parts\/post-types-mod-categories-style-bg.min.css?ver=8.3.4\" type=\"text\/css\" media=\"all\" \/> \t\t\t\n<article id=\"post-22076\" class=\"wd-post blog-design-masonry blog-post-loop blog-style-bg wd-add-shadow wd-col post-22076 post type-post status-publish format-standard has-post-thumbnail hentry category-aire-acondicionado category-mundo-hvacr category-noticias tag-cassettes tag-climatizacion tag-lg-electronics\">\n\t<div class=\"wd-post-inner article-inner\">\n\t\t\t\t\t<div class=\"wd-post-thumb entry-header\">\n\t\t\t\t\t\t\t\t\t<div class=\"wd-post-img post-img-wrapp\">\n\t\t\t\t\t\t<img width=\"1024\" height=\"576\" src=\"https:\/\/revistaexpofrio.com\/wp-content\/uploads\/2026\/03\/LG-Cassettes-2026-1024x576.webp\" class=\"attachment-large size-large\" alt=\"LG Cassettes 2026\" decoding=\"async\" fetchpriority=\"high\" srcset=\"https:\/\/revistaexpofrio.com\/wp-content\/uploads\/2026\/03\/LG-Cassettes-2026-1024x576.webp 1024w, https:\/\/revistaexpofrio.com\/wp-content\/uploads\/2026\/03\/LG-Cassettes-2026-300x169.webp 300w, https:\/\/revistaexpofrio.com\/wp-content\/uploads\/2026\/03\/LG-Cassettes-2026-768x432.webp 768w, https:\/\/revistaexpofrio.com\/wp-content\/uploads\/2026\/03\/LG-Cassettes-2026-1536x864.webp 1536w, https:\/\/revistaexpofrio.com\/wp-content\/uploads\/2026\/03\/LG-Cassettes-2026.webp 1920w\" sizes=\"(max-width: 1024px) 100vw, 1024px\" \/>\t\t\t\t\t<\/div>\n\t\t\t\t\t\t\t\t\t\t<a class=\"wd-fill\" tabindex=\"-1\" href=\"https:\/\/revistaexpofrio.com\/lg-compara-cassettes-round-y-dual-vane-para-climatizacion-inteligente\/\" aria-label=\"Link on post LG compara cassettes Round y Dual Vane para climatizaci\u00f3n inteligente\"><\/a>\n\t\t\t\t\n\t\t\t\t\t\t\t\t\t\t\t\t<link rel=\"stylesheet\" id=\"wd-post-types-mod-date-style-bg-css\" href=\"https:\/\/revistaexpofrio.com\/wp-content\/themes\/woodmart\/css\/parts\/post-types-mod-date-style-bg.min.css?ver=8.3.4\" type=\"text\/css\" media=\"all\" \/> \t\t\t\t\t\t<div class=\"wd-post-date wd-style-with-bg\">\n\t\t\t\t<span class=\"post-date-day\">\n\t\t\t\t\t21\t\t\t\t<\/span>\n\t\t\t\t<span class=\"post-date-month\">\n\t\t\t\t\tMar\t\t\t\t<\/span>\n\t\t\t<\/div>\n\t\t\t\t\t\t\t\t\t<\/div>\n\t\t\n\t\t<div class=\"wd-post-content article-body-container\">\n\t\t\t\t\t\t\t<div class=\"wd-post-cat wd-style-with-bg meta-post-categories\">\n\t\t\t\t\t<a href=\"https:\/\/revistaexpofrio.com\/category\/aire-acondicionado\/\" rel=\"category tag\">Aire Acondicionado<\/a>, <a href=\"https:\/\/revistaexpofrio.com\/category\/mundo-hvacr\/\" rel=\"category tag\">Internacional<\/a>, <a href=\"https:\/\/revistaexpofrio.com\/category\/noticias\/\" rel=\"category tag\">Noticias HVAC-R<\/a>\t\t\t\t<\/div>\n\t\t\t\n\t\t\t\t\t\t\t<h3 class=\"wd-post-title wd-entities-title title post-title\">\n\t\t\t\t\t<a href=\"https:\/\/revistaexpofrio.com\/lg-compara-cassettes-round-y-dual-vane-para-climatizacion-inteligente\/\" rel=\"bookmark\">LG compara cassettes Round y Dual Vane para climatizaci\u00f3n inteligente<\/a>\n\t\t\t\t<\/h3>\n\t\t\t\n\t\t\t\t\t\t\t<div class=\"wd-post-meta\">\n\t\t\t\t\t\t\t\t\t\t\t\t\t<link rel=\"stylesheet\" id=\"wd-blog-mod-author-css\" href=\"https:\/\/revistaexpofrio.com\/wp-content\/themes\/woodmart\/css\/parts\/blog-mod-author.min.css?ver=8.3.4\" type=\"text\/css\" media=\"all\" \/> \t\t\t\t\t\t\t\t<div class=\"wd-post-author\">\n\t\t\t\t\t\t\t\t\t\t\t<span>Posted by<\/span>\n\t\t\n\t\t\t\t\t<img width=\"18\" height=\"18\" src=\"https:\/\/revistaexpofrio.com\/wp-content\/themes\/woodmart\/images\/lazy.svg\" class=\"avatar avatar-18 photo\" alt=\"author-avatar\" decoding=\"async\" srcset=\"\" sizes=\"(max-width: 18px) 100vw, 18px\" data-src=\"https:\/\/revistaexpofrio.com\/wp-content\/uploads\/2026\/01\/Foto-carnet.jpg-150x150.jpeg\" data-srcset=\"https:\/\/revistaexpofrio.com\/wp-content\/uploads\/2026\/01\/Foto-carnet.jpg-150x150.jpeg 150w, https:\/\/revistaexpofrio.com\/wp-content\/uploads\/2026\/01\/Foto-carnet.jpg-300x300.jpeg 300w, https:\/\/revistaexpofrio.com\/wp-content\/uploads\/2026\/01\/Foto-carnet.jpg-768x768.jpeg 768w, https:\/\/revistaexpofrio.com\/wp-content\/uploads\/2026\/01\/Foto-carnet.jpg.jpeg 800w\" \/>\t\t\n\t\t\t\t\t<a href=\"https:\/\/revistaexpofrio.com\/author\/carlos-hijar\/\" class=\"author\" rel=\"author\">Carlos H\u00edjar<\/a>\n\t\t\t\t\t\t\t\t\t<\/div>\n\t\t\t\t\t<div class=\"wd-modified-date\">\n\t\t\t\t\t\t\t\t<time class=\"updated\" datetime=\"2026-03-21T10:42:28-05:00\">\n\t\t\t21 marzo, 2026\t\t<\/time>\n\t\t\t\t\t\t\t<\/div>\n\n\t\t\t\t\t\t\t\t\t\t\t<div tabindex=\"0\" class=\"wd-post-share wd-tltp\">\n\t\t\t\t\t\t\t<div class=\"tooltip top\">\n\t\t\t\t\t\t\t\t<div class=\"tooltip-inner\">\n\t\t\t\t\t\t\t\t\t\t\t\t<link rel=\"stylesheet\" id=\"wd-social-icons-css\" href=\"https:\/\/revistaexpofrio.com\/wp-content\/themes\/woodmart\/css\/parts\/el-social-icons.min.css?ver=8.3.4\" type=\"text\/css\" media=\"all\" \/> \t\t\t\t\t\t<div\n\t\t\t\t\t\tclass=\" wd-social-icons wd-style-default wd-size-small social-share wd-shape-circle color-scheme-light text-center\">\n\t\t\t\t\n\t\t\t\t\n\t\t\t\t\t\t\t\t\t<a rel=\"noopener noreferrer nofollow\" href=\"https:\/\/www.facebook.com\/sharer\/sharer.php?u=https:\/\/revistaexpofrio.com\/lg-compara-cassettes-round-y-dual-vane-para-climatizacion-inteligente\/\" target=\"_blank\" class=\" wd-social-icon social-facebook\" aria-label=\"Facebook social link\">\n\t\t\t\t\t\t<span class=\"wd-icon\"><\/span>\n\t\t\t\t\t\t\t\t\t\t\t<\/a>\n\t\t\t\t\n\t\t\t\t\t\t\t\t\t<a rel=\"noopener noreferrer nofollow\" href=\"https:\/\/x.com\/share?url=https:\/\/revistaexpofrio.com\/lg-compara-cassettes-round-y-dual-vane-para-climatizacion-inteligente\/\" target=\"_blank\" class=\" wd-social-icon social-twitter\" aria-label=\"X social link\">\n\t\t\t\t\t\t<span class=\"wd-icon\"><\/span>\n\t\t\t\t\t\t\t\t\t\t\t<\/a>\n\t\t\t\t\n\t\t\t\t\n\t\t\t\t\n\t\t\t\t\n\t\t\t\t\n\t\t\t\t\n\t\t\t\t\t\t\t\t\t<a rel=\"noopener noreferrer nofollow\" href=\"https:\/\/pinterest.com\/pin\/create\/button\/?url=https:\/\/revistaexpofrio.com\/lg-compara-cassettes-round-y-dual-vane-para-climatizacion-inteligente\/&media=https:\/\/revistaexpofrio.com\/wp-content\/uploads\/2026\/03\/LG-Cassettes-2026.webp&description=LG+compara+cassettes+Round+y+Dual+Vane+para+climatizaci%C3%B3n+inteligente\" target=\"_blank\" class=\" wd-social-icon social-pinterest\" aria-label=\"Pinterest social link\">\n\t\t\t\t\t\t<span class=\"wd-icon\"><\/span>\n\t\t\t\t\t\t\t\t\t\t\t<\/a>\n\t\t\t\t\n\t\t\t\t\n\t\t\t\t\t\t\t\t\t<a rel=\"noopener noreferrer nofollow\" href=\"https:\/\/www.linkedin.com\/shareArticle?mini=true&url=https:\/\/revistaexpofrio.com\/lg-compara-cassettes-round-y-dual-vane-para-climatizacion-inteligente\/\" target=\"_blank\" class=\" wd-social-icon social-linkedin\" aria-label=\"Linkedin social link\">\n\t\t\t\t\t\t<span class=\"wd-icon\"><\/span>\n\t\t\t\t\t\t\t\t\t\t\t<\/a>\n\t\t\t\t\n\t\t\t\t\n\t\t\t\t\n\t\t\t\t\n\t\t\t\t\n\t\t\t\t\n\t\t\t\t\n\t\t\t\t\n\t\t\t\t\n\t\t\t\t\n\t\t\t\t\n\t\t\t\t\n\t\t\t\t\n\t\t\t\t\n\t\t\t\t\n\t\t\t\t\t\t\t\t\t<a rel=\"noopener noreferrer nofollow\" href=\"https:\/\/telegram.me\/share\/url?url=https:\/\/revistaexpofrio.com\/lg-compara-cassettes-round-y-dual-vane-para-climatizacion-inteligente\/\" target=\"_blank\" class=\" wd-social-icon social-tg\" aria-label=\"Telegram social link\">\n\t\t\t\t\t\t<span class=\"wd-icon\"><\/span>\n\t\t\t\t\t\t\t\t\t\t\t<\/a>\n\t\t\t\t\n\t\t\t\t\n\t\t\t<\/div>\n\n\t\t\t\t\t\t\t\t\t\t<\/div>\n\t\t\t\t\t\t\t\t<div class=\"tooltip-arrow\"><\/div>\n\t\t\t\t\t\t\t<\/div>\n\t\t\t\t\t\t<\/div>\n\t\t\t\t\t\n\t\t\t\t\t\t\t\t\t\t\t\t\t\t<link rel=\"stylesheet\" id=\"wd-blog-mod-comments-button-css\" href=\"https:\/\/revistaexpofrio.com\/wp-content\/themes\/woodmart\/css\/parts\/blog-mod-comments-button.min.css?ver=8.3.4\" type=\"text\/css\" media=\"all\" \/> \t\t\t\t\t\t\t\t\t<div class=\"wd-post-reply wd-style-1\">\n\t\t\t\t\t\t\t<a href=\"https:\/\/revistaexpofrio.com\/lg-compara-cassettes-round-y-dual-vane-para-climatizacion-inteligente\/#respond\"><span class=\"wd-replies-count\">0<\/span><\/a>\t\t\t\t\t\t<\/div>\n\t\t\t\t\t\t\t\t\t<\/div>\n\t\t\t\n\t\t\t\t\t\t\t\t\t\t\t\t<div class=\"wd-post-excerpt entry-content\">\n\t\t\t\t\t\tLa marca destaca diferencias en dise\u00f1o, alcance y control t\u00e9rmico para optimizar confort y eficiencia seg\u00fan el tipo de espacio interior...\t\t\t\t\t<\/div>\n\t\t\t\t\n\t\t\t\t\t\t\t\t\t\t\t\t\t\t<div class=\"wd-post-read-more wd-style-link read-more-section\">\n\t\t\t\t\t\t<a class=\"\" href=\"https:\/\/revistaexpofrio.com\/lg-compara-cassettes-round-y-dual-vane-para-climatizacion-inteligente\/\">Continue reading<\/a>\t\t\t\t\t<\/div>\n\t\t\t\t\t\t\t\t\t\t\t\t\t<\/div>\n\t<\/div>\n<\/article>\n\n\t\t\t\t\t\t\t\t\t\t\t\n<article id=\"post-22043\" class=\"wd-post blog-design-masonry blog-post-loop blog-style-bg wd-add-shadow wd-col post-22043 post type-post status-publish format-standard has-post-thumbnail hentry category-aire-acondicionado category-nacional category-noticias category-ventilacion tag-10-aniversario tag-air-cool-system tag-aire-acondicionado tag-hvac-2 tag-ventilacion\">\n\t<div class=\"wd-post-inner article-inner\">\n\t\t\t\t\t<div class=\"wd-post-thumb entry-header\">\n\t\t\t\t\t\t\t\t\t<div class=\"wd-post-img post-img-wrapp\">\n\t\t\t\t\t\t<img width=\"1024\" height=\"537\" src=\"https:\/\/revistaexpofrio.com\/wp-content\/themes\/woodmart\/images\/lazy.svg\" class=\"attachment-large size-large\" alt=\"Air Cool System 10 Aniversario\" decoding=\"async\" srcset=\"\" sizes=\"(max-width: 1024px) 100vw, 1024px\" data-src=\"https:\/\/revistaexpofrio.com\/wp-content\/uploads\/2026\/03\/Air-cool-10-1024x537.webp\" data-srcset=\"https:\/\/revistaexpofrio.com\/wp-content\/uploads\/2026\/03\/Air-cool-10-1024x537.webp 1024w, https:\/\/revistaexpofrio.com\/wp-content\/uploads\/2026\/03\/Air-cool-10-300x157.webp 300w, https:\/\/revistaexpofrio.com\/wp-content\/uploads\/2026\/03\/Air-cool-10-768x402.webp 768w, https:\/\/revistaexpofrio.com\/wp-content\/uploads\/2026\/03\/Air-cool-10.webp 1080w\" \/>\t\t\t\t\t<\/div>\n\t\t\t\t\t\t\t\t\t\t<a class=\"wd-fill\" tabindex=\"-1\" href=\"https:\/\/revistaexpofrio.com\/air-cool-system-10-anos-liderando-la-climatizacion-corporativa\/\" aria-label=\"Link on post Air Cool System: 10 a\u00f1os liderando la climatizaci\u00f3n corporativa\"><\/a>\n\t\t\t\t\n\t\t\t\t\t\t\t\t\t\t\t\t<div class=\"wd-post-date wd-style-with-bg\">\n\t\t\t\t<span class=\"post-date-day\">\n\t\t\t\t\t19\t\t\t\t<\/span>\n\t\t\t\t<span class=\"post-date-month\">\n\t\t\t\t\tMar\t\t\t\t<\/span>\n\t\t\t<\/div>\n\t\t\t\t\t\t\t\t\t<\/div>\n\t\t\n\t\t<div class=\"wd-post-content article-body-container\">\n\t\t\t\t\t\t\t<div class=\"wd-post-cat wd-style-with-bg meta-post-categories\">\n\t\t\t\t\t<a href=\"https:\/\/revistaexpofrio.com\/category\/aire-acondicionado\/\" rel=\"category tag\">Aire Acondicionado<\/a>, <a href=\"https:\/\/revistaexpofrio.com\/category\/nacional\/\" rel=\"category tag\">Nacional<\/a>, <a href=\"https:\/\/revistaexpofrio.com\/category\/noticias\/\" rel=\"category tag\">Noticias HVAC-R<\/a>, <a href=\"https:\/\/revistaexpofrio.com\/category\/ventilacion\/\" rel=\"category tag\">Ventilaci\u00f3n<\/a>\t\t\t\t<\/div>\n\t\t\t\n\t\t\t\t\t\t\t<h3 class=\"wd-post-title wd-entities-title title post-title\">\n\t\t\t\t\t<a href=\"https:\/\/revistaexpofrio.com\/air-cool-system-10-anos-liderando-la-climatizacion-corporativa\/\" rel=\"bookmark\">Air Cool System: 10 a\u00f1os liderando la climatizaci\u00f3n corporativa<\/a>\n\t\t\t\t<\/h3>\n\t\t\t\n\t\t\t\t\t\t\t<div class=\"wd-post-meta\">\n\t\t\t\t\t\t\t\t\t\t\t\t\t\t\t<div class=\"wd-post-author\">\n\t\t\t\t\t\t\t\t\t\t\t<span>Posted by<\/span>\n\t\t\n\t\t\t\t\t<img width=\"18\" height=\"18\" src=\"https:\/\/revistaexpofrio.com\/wp-content\/themes\/woodmart\/images\/lazy.svg\" class=\"avatar avatar-18 photo\" alt=\"author-avatar\" decoding=\"async\" srcset=\"\" sizes=\"(max-width: 18px) 100vw, 18px\" data-src=\"https:\/\/revistaexpofrio.com\/wp-content\/uploads\/2026\/01\/Alfredo-Palacios-150x150.webp\" data-srcset=\"https:\/\/revistaexpofrio.com\/wp-content\/uploads\/2026\/01\/Alfredo-Palacios-150x150.webp 150w, https:\/\/revistaexpofrio.com\/wp-content\/uploads\/2026\/01\/Alfredo-Palacios-300x300.webp 300w, https:\/\/revistaexpofrio.com\/wp-content\/uploads\/2026\/01\/Alfredo-Palacios-768x768.webp 768w, https:\/\/revistaexpofrio.com\/wp-content\/uploads\/2026\/01\/Alfredo-Palacios.webp 1024w\" \/>\t\t\n\t\t\t\t\t<a href=\"https:\/\/revistaexpofrio.com\/author\/alfredoadmin\/\" class=\"author\" rel=\"author\">Alfedo Palacios<\/a>\n\t\t\t\t\t\t\t\t\t<\/div>\n\t\t\t\t\t<div class=\"wd-modified-date\">\n\t\t\t\t\t\t\t\t<time class=\"updated\" datetime=\"2026-03-24T11:49:00-05:00\">\n\t\t\t24 marzo, 2026\t\t<\/time>\n\t\t\t\t\t\t\t<\/div>\n\n\t\t\t\t\t\t\t\t\t\t\t<div tabindex=\"0\" class=\"wd-post-share wd-tltp\">\n\t\t\t\t\t\t\t<div class=\"tooltip top\">\n\t\t\t\t\t\t\t\t<div class=\"tooltip-inner\">\n\t\t\t\t\t\t\t\t\t\t\t\t<div\n\t\t\t\t\t\tclass=\" wd-social-icons wd-style-default wd-size-small social-share wd-shape-circle color-scheme-light text-center\">\n\t\t\t\t\n\t\t\t\t\n\t\t\t\t\t\t\t\t\t<a rel=\"noopener noreferrer nofollow\" href=\"https:\/\/www.facebook.com\/sharer\/sharer.php?u=https:\/\/revistaexpofrio.com\/air-cool-system-10-anos-liderando-la-climatizacion-corporativa\/\" target=\"_blank\" class=\" wd-social-icon social-facebook\" aria-label=\"Facebook social link\">\n\t\t\t\t\t\t<span class=\"wd-icon\"><\/span>\n\t\t\t\t\t\t\t\t\t\t\t<\/a>\n\t\t\t\t\n\t\t\t\t\t\t\t\t\t<a rel=\"noopener noreferrer nofollow\" href=\"https:\/\/x.com\/share?url=https:\/\/revistaexpofrio.com\/air-cool-system-10-anos-liderando-la-climatizacion-corporativa\/\" target=\"_blank\" class=\" wd-social-icon social-twitter\" aria-label=\"X social link\">\n\t\t\t\t\t\t<span class=\"wd-icon\"><\/span>\n\t\t\t\t\t\t\t\t\t\t\t<\/a>\n\t\t\t\t\n\t\t\t\t\n\t\t\t\t\n\t\t\t\t\n\t\t\t\t\n\t\t\t\t\n\t\t\t\t\t\t\t\t\t<a rel=\"noopener noreferrer nofollow\" href=\"https:\/\/pinterest.com\/pin\/create\/button\/?url=https:\/\/revistaexpofrio.com\/air-cool-system-10-anos-liderando-la-climatizacion-corporativa\/&media=https:\/\/revistaexpofrio.com\/wp-content\/uploads\/2026\/03\/Air-cool-10.webp&description=Air+Cool+System%3A+10+a%C3%B1os+liderando+la+climatizaci%C3%B3n+corporativa\" target=\"_blank\" class=\" wd-social-icon social-pinterest\" aria-label=\"Pinterest social link\">\n\t\t\t\t\t\t<span class=\"wd-icon\"><\/span>\n\t\t\t\t\t\t\t\t\t\t\t<\/a>\n\t\t\t\t\n\t\t\t\t\n\t\t\t\t\t\t\t\t\t<a rel=\"noopener noreferrer nofollow\" href=\"https:\/\/www.linkedin.com\/shareArticle?mini=true&url=https:\/\/revistaexpofrio.com\/air-cool-system-10-anos-liderando-la-climatizacion-corporativa\/\" target=\"_blank\" class=\" wd-social-icon social-linkedin\" aria-label=\"Linkedin social link\">\n\t\t\t\t\t\t<span class=\"wd-icon\"><\/span>\n\t\t\t\t\t\t\t\t\t\t\t<\/a>\n\t\t\t\t\n\t\t\t\t\n\t\t\t\t\n\t\t\t\t\n\t\t\t\t\n\t\t\t\t\n\t\t\t\t\n\t\t\t\t\n\t\t\t\t\n\t\t\t\t\n\t\t\t\t\n\t\t\t\t\n\t\t\t\t\n\t\t\t\t\n\t\t\t\t\n\t\t\t\t\t\t\t\t\t<a rel=\"noopener noreferrer nofollow\" href=\"https:\/\/telegram.me\/share\/url?url=https:\/\/revistaexpofrio.com\/air-cool-system-10-anos-liderando-la-climatizacion-corporativa\/\" target=\"_blank\" class=\" wd-social-icon social-tg\" aria-label=\"Telegram social link\">\n\t\t\t\t\t\t<span class=\"wd-icon\"><\/span>\n\t\t\t\t\t\t\t\t\t\t\t<\/a>\n\t\t\t\t\n\t\t\t\t\n\t\t\t<\/div>\n\n\t\t\t\t\t\t\t\t\t\t<\/div>\n\t\t\t\t\t\t\t\t<div class=\"tooltip-arrow\"><\/div>\n\t\t\t\t\t\t\t<\/div>\n\t\t\t\t\t\t<\/div>\n\t\t\t\t\t\n\t\t\t\t\t\t\t\t\t\t\t\t\t\t\t\t\t<div class=\"wd-post-reply wd-style-1\">\n\t\t\t\t\t\t\t<a href=\"https:\/\/revistaexpofrio.com\/air-cool-system-10-anos-liderando-la-climatizacion-corporativa\/#respond\"><span class=\"wd-replies-count\">0<\/span><\/a>\t\t\t\t\t\t<\/div>\n\t\t\t\t\t\t\t\t\t<\/div>\n\t\t\t\n\t\t\t\t\t\t\t\t\t\t\t\t<div class=\"wd-post-excerpt entry-content\">\n\t\t\t\t\t\tTras 10 a\u00f1os de trayectoria, la compa\u00f1\u00eda consolida su expansi\u00f3n nacional mediante alianzas estrat\u00e9gicas con marcas globales, certificac...\t\t\t\t\t<\/div>\n\t\t\t\t\n\t\t\t\t\t\t\t\t\t\t\t\t\t\t<div class=\"wd-post-read-more wd-style-link read-more-section\">\n\t\t\t\t\t\t<a class=\"\" href=\"https:\/\/revistaexpofrio.com\/air-cool-system-10-anos-liderando-la-climatizacion-corporativa\/\">Continue reading<\/a>\t\t\t\t\t<\/div>\n\t\t\t\t\t\t\t\t\t\t\t\t\t<\/div>\n\t<\/div>\n<\/article>\n\n\t\t\t\t\t\t\t\t\t\t\t\n<article id=\"post-22037\" class=\"wd-post blog-design-masonry blog-post-loop blog-style-bg wd-add-shadow wd-col post-22037 post type-post status-publish format-standard has-post-thumbnail hentry category-aire-acondicionado category-nacional category-noticias category-refrigeracion-industrial tag-aire-acondicionado tag-callao tag-ecotecnica tag-ecotecnica-store tag-hvac-2 tag-refrigeracion-2\">\n\t<div class=\"wd-post-inner article-inner\">\n\t\t\t\t\t<div class=\"wd-post-thumb entry-header\">\n\t\t\t\t\t\t\t\t\t<div class=\"wd-post-img post-img-wrapp\">\n\t\t\t\t\t\t<img width=\"1024\" height=\"537\" src=\"https:\/\/revistaexpofrio.com\/wp-content\/themes\/woodmart\/images\/lazy.svg\" class=\"attachment-large size-large\" alt=\"EcoTecnica\" decoding=\"async\" srcset=\"\" sizes=\"(max-width: 1024px) 100vw, 1024px\" data-src=\"https:\/\/revistaexpofrio.com\/wp-content\/uploads\/2026\/03\/Ecotecnica-1024x537.webp\" data-srcset=\"https:\/\/revistaexpofrio.com\/wp-content\/uploads\/2026\/03\/Ecotecnica-1024x537.webp 1024w, https:\/\/revistaexpofrio.com\/wp-content\/uploads\/2026\/03\/Ecotecnica-300x157.webp 300w, https:\/\/revistaexpofrio.com\/wp-content\/uploads\/2026\/03\/Ecotecnica-768x402.webp 768w, https:\/\/revistaexpofrio.com\/wp-content\/uploads\/2026\/03\/Ecotecnica.webp 1080w\" \/>\t\t\t\t\t<\/div>\n\t\t\t\t\t\t\t\t\t\t<a class=\"wd-fill\" tabindex=\"-1\" href=\"https:\/\/revistaexpofrio.com\/ecotecnica-store-soluciones-hvac-a-un-paso-del-callao\/\" aria-label=\"Link on post EcoTecnica Store: Soluciones HVAC a un paso del Callao\"><\/a>\n\t\t\t\t\n\t\t\t\t\t\t\t\t\t\t\t\t<div class=\"wd-post-date wd-style-with-bg\">\n\t\t\t\t<span class=\"post-date-day\">\n\t\t\t\t\t19\t\t\t\t<\/span>\n\t\t\t\t<span class=\"post-date-month\">\n\t\t\t\t\tMar\t\t\t\t<\/span>\n\t\t\t<\/div>\n\t\t\t\t\t\t\t\t\t<\/div>\n\t\t\n\t\t<div class=\"wd-post-content article-body-container\">\n\t\t\t\t\t\t\t<div class=\"wd-post-cat wd-style-with-bg meta-post-categories\">\n\t\t\t\t\t<a href=\"https:\/\/revistaexpofrio.com\/category\/aire-acondicionado\/\" rel=\"category tag\">Aire Acondicionado<\/a>, <a href=\"https:\/\/revistaexpofrio.com\/category\/nacional\/\" rel=\"category tag\">Nacional<\/a>, <a href=\"https:\/\/revistaexpofrio.com\/category\/noticias\/\" rel=\"category tag\">Noticias HVAC-R<\/a>, <a href=\"https:\/\/revistaexpofrio.com\/category\/refrigeracion-industrial\/\" rel=\"category tag\">Refrigeraci\u00f3n Industrial<\/a>\t\t\t\t<\/div>\n\t\t\t\n\t\t\t\t\t\t\t<h3 class=\"wd-post-title wd-entities-title title post-title\">\n\t\t\t\t\t<a href=\"https:\/\/revistaexpofrio.com\/ecotecnica-store-soluciones-hvac-a-un-paso-del-callao\/\" rel=\"bookmark\">EcoTecnica Store: Soluciones HVAC a un paso del Callao<\/a>\n\t\t\t\t<\/h3>\n\t\t\t\n\t\t\t\t\t\t\t<div class=\"wd-post-meta\">\n\t\t\t\t\t\t\t\t\t\t\t\t\t\t\t<div class=\"wd-post-author\">\n\t\t\t\t\t\t\t\t\t\t\t<span>Posted by<\/span>\n\t\t\n\t\t\t\t\t<img width=\"18\" height=\"18\" src=\"https:\/\/revistaexpofrio.com\/wp-content\/themes\/woodmart\/images\/lazy.svg\" class=\"avatar avatar-18 photo\" alt=\"author-avatar\" decoding=\"async\" srcset=\"\" sizes=\"(max-width: 18px) 100vw, 18px\" data-src=\"https:\/\/revistaexpofrio.com\/wp-content\/uploads\/2026\/01\/Alfredo-Palacios-150x150.webp\" data-srcset=\"https:\/\/revistaexpofrio.com\/wp-content\/uploads\/2026\/01\/Alfredo-Palacios-150x150.webp 150w, https:\/\/revistaexpofrio.com\/wp-content\/uploads\/2026\/01\/Alfredo-Palacios-300x300.webp 300w, https:\/\/revistaexpofrio.com\/wp-content\/uploads\/2026\/01\/Alfredo-Palacios-768x768.webp 768w, https:\/\/revistaexpofrio.com\/wp-content\/uploads\/2026\/01\/Alfredo-Palacios.webp 1024w\" \/>\t\t\n\t\t\t\t\t<a href=\"https:\/\/revistaexpofrio.com\/author\/alfredoadmin\/\" class=\"author\" rel=\"author\">Alfedo Palacios<\/a>\n\t\t\t\t\t\t\t\t\t<\/div>\n\t\t\t\t\t<div class=\"wd-modified-date\">\n\t\t\t\t\t\t\t\t<time class=\"updated\" datetime=\"2026-03-24T10:43:31-05:00\">\n\t\t\t24 marzo, 2026\t\t<\/time>\n\t\t\t\t\t\t\t<\/div>\n\n\t\t\t\t\t\t\t\t\t\t\t<div tabindex=\"0\" class=\"wd-post-share wd-tltp\">\n\t\t\t\t\t\t\t<div class=\"tooltip top\">\n\t\t\t\t\t\t\t\t<div class=\"tooltip-inner\">\n\t\t\t\t\t\t\t\t\t\t\t\t<div\n\t\t\t\t\t\tclass=\" wd-social-icons wd-style-default wd-size-small social-share wd-shape-circle color-scheme-light text-center\">\n\t\t\t\t\n\t\t\t\t\n\t\t\t\t\t\t\t\t\t<a rel=\"noopener noreferrer nofollow\" href=\"https:\/\/www.facebook.com\/sharer\/sharer.php?u=https:\/\/revistaexpofrio.com\/ecotecnica-store-soluciones-hvac-a-un-paso-del-callao\/\" target=\"_blank\" class=\" wd-social-icon social-facebook\" aria-label=\"Facebook social link\">\n\t\t\t\t\t\t<span class=\"wd-icon\"><\/span>\n\t\t\t\t\t\t\t\t\t\t\t<\/a>\n\t\t\t\t\n\t\t\t\t\t\t\t\t\t<a rel=\"noopener noreferrer nofollow\" href=\"https:\/\/x.com\/share?url=https:\/\/revistaexpofrio.com\/ecotecnica-store-soluciones-hvac-a-un-paso-del-callao\/\" target=\"_blank\" class=\" wd-social-icon social-twitter\" aria-label=\"X social link\">\n\t\t\t\t\t\t<span class=\"wd-icon\"><\/span>\n\t\t\t\t\t\t\t\t\t\t\t<\/a>\n\t\t\t\t\n\t\t\t\t\n\t\t\t\t\n\t\t\t\t\n\t\t\t\t\n\t\t\t\t\n\t\t\t\t\t\t\t\t\t<a rel=\"noopener noreferrer nofollow\" href=\"https:\/\/pinterest.com\/pin\/create\/button\/?url=https:\/\/revistaexpofrio.com\/ecotecnica-store-soluciones-hvac-a-un-paso-del-callao\/&media=https:\/\/revistaexpofrio.com\/wp-content\/uploads\/2026\/03\/Ecotecnica.webp&description=EcoTecnica+Store%3A+Soluciones+HVAC+a+un+paso+del+Callao\" target=\"_blank\" class=\" wd-social-icon social-pinterest\" aria-label=\"Pinterest social link\">\n\t\t\t\t\t\t<span class=\"wd-icon\"><\/span>\n\t\t\t\t\t\t\t\t\t\t\t<\/a>\n\t\t\t\t\n\t\t\t\t\n\t\t\t\t\t\t\t\t\t<a rel=\"noopener noreferrer nofollow\" href=\"https:\/\/www.linkedin.com\/shareArticle?mini=true&url=https:\/\/revistaexpofrio.com\/ecotecnica-store-soluciones-hvac-a-un-paso-del-callao\/\" target=\"_blank\" class=\" wd-social-icon social-linkedin\" aria-label=\"Linkedin social link\">\n\t\t\t\t\t\t<span class=\"wd-icon\"><\/span>\n\t\t\t\t\t\t\t\t\t\t\t<\/a>\n\t\t\t\t\n\t\t\t\t\n\t\t\t\t\n\t\t\t\t\n\t\t\t\t\n\t\t\t\t\n\t\t\t\t\n\t\t\t\t\n\t\t\t\t\n\t\t\t\t\n\t\t\t\t\n\t\t\t\t\n\t\t\t\t\n\t\t\t\t\n\t\t\t\t\n\t\t\t\t\t\t\t\t\t<a rel=\"noopener noreferrer nofollow\" href=\"https:\/\/telegram.me\/share\/url?url=https:\/\/revistaexpofrio.com\/ecotecnica-store-soluciones-hvac-a-un-paso-del-callao\/\" target=\"_blank\" class=\" wd-social-icon social-tg\" aria-label=\"Telegram social link\">\n\t\t\t\t\t\t<span class=\"wd-icon\"><\/span>\n\t\t\t\t\t\t\t\t\t\t\t<\/a>\n\t\t\t\t\n\t\t\t\t\n\t\t\t<\/div>\n\n\t\t\t\t\t\t\t\t\t\t<\/div>\n\t\t\t\t\t\t\t\t<div class=\"tooltip-arrow\"><\/div>\n\t\t\t\t\t\t\t<\/div>\n\t\t\t\t\t\t<\/div>\n\t\t\t\t\t\n\t\t\t\t\t\t\t\t\t\t\t\t\t\t\t\t\t<div class=\"wd-post-reply wd-style-1\">\n\t\t\t\t\t\t\t<a href=\"https:\/\/revistaexpofrio.com\/ecotecnica-store-soluciones-hvac-a-un-paso-del-callao\/#respond\"><span class=\"wd-replies-count\">0<\/span><\/a>\t\t\t\t\t\t<\/div>\n\t\t\t\t\t\t\t\t\t<\/div>\n\t\t\t\n\t\t\t\t\t\t\t\t\t\t\t\t<div class=\"wd-post-excerpt entry-content\">\n\t\t\t\t\t\tLa nueva tienda especializada optimiza la log\u00edstica de repuestos y equipos para t\u00e9cnicos y empresas del sector, reduciendo tiempos de e...\t\t\t\t\t<\/div>\n\t\t\t\t\n\t\t\t\t\t\t\t\t\t\t\t\t\t\t<div class=\"wd-post-read-more wd-style-link read-more-section\">\n\t\t\t\t\t\t<a class=\"\" href=\"https:\/\/revistaexpofrio.com\/ecotecnica-store-soluciones-hvac-a-un-paso-del-callao\/\">Continue reading<\/a>\t\t\t\t\t<\/div>\n\t\t\t\t\t\t\t\t\t\t\t\t\t<\/div>\n\t<\/div>\n<\/article>\n\n\t\t\t\t\t\t\t\t\t\t\t\n<article id=\"post-22029\" class=\"wd-post blog-design-masonry blog-post-loop blog-style-bg wd-add-shadow wd-col post-22029 post type-post status-publish format-standard has-post-thumbnail hentry category-aire-acondicionado category-nacional category-noticias\">\n\t<div class=\"wd-post-inner article-inner\">\n\t\t\t\t\t<div class=\"wd-post-thumb entry-header\">\n\t\t\t\t\t\t\t\t\t<div class=\"wd-post-img post-img-wrapp\">\n\t\t\t\t\t\t<img width=\"1024\" height=\"576\" src=\"https:\/\/revistaexpofrio.com\/wp-content\/themes\/woodmart\/images\/lazy.svg\" class=\"attachment-large size-large\" alt=\"HVC instala UMAs Daikin en UPC\" decoding=\"async\" srcset=\"\" sizes=\"(max-width: 1024px) 100vw, 1024px\" data-src=\"https:\/\/revistaexpofrio.com\/wp-content\/uploads\/2026\/03\/HVC-instala-UMAs-Daikin-en-UPC-1024x576.webp\" data-srcset=\"https:\/\/revistaexpofrio.com\/wp-content\/uploads\/2026\/03\/HVC-instala-UMAs-Daikin-en-UPC-1024x576.webp 1024w, https:\/\/revistaexpofrio.com\/wp-content\/uploads\/2026\/03\/HVC-instala-UMAs-Daikin-en-UPC-300x169.webp 300w, https:\/\/revistaexpofrio.com\/wp-content\/uploads\/2026\/03\/HVC-instala-UMAs-Daikin-en-UPC-768x432.webp 768w, https:\/\/revistaexpofrio.com\/wp-content\/uploads\/2026\/03\/HVC-instala-UMAs-Daikin-en-UPC-1536x864.webp 1536w, https:\/\/revistaexpofrio.com\/wp-content\/uploads\/2026\/03\/HVC-instala-UMAs-Daikin-en-UPC.webp 1920w\" \/>\t\t\t\t\t<\/div>\n\t\t\t\t\t\t\t\t\t\t<a class=\"wd-fill\" tabindex=\"-1\" href=\"https:\/\/revistaexpofrio.com\/hvc-instala-umas-daikin-en-campus-villa-de-la-universidad-peruana-de-ciencias-aplicadas-upc\/\" aria-label=\"Link on post HVC instala UMAs DAIKIN en campus Villa de la Universidad Peruana de Ciencias Aplicadas (UPC)\"><\/a>\n\t\t\t\t\n\t\t\t\t\t\t\t\t\t\t\t\t<div class=\"wd-post-date wd-style-with-bg\">\n\t\t\t\t<span class=\"post-date-day\">\n\t\t\t\t\t19\t\t\t\t<\/span>\n\t\t\t\t<span class=\"post-date-month\">\n\t\t\t\t\tMar\t\t\t\t<\/span>\n\t\t\t<\/div>\n\t\t\t\t\t\t\t\t\t<\/div>\n\t\t\n\t\t<div class=\"wd-post-content article-body-container\">\n\t\t\t\t\t\t\t<div class=\"wd-post-cat wd-style-with-bg meta-post-categories\">\n\t\t\t\t\t<a href=\"https:\/\/revistaexpofrio.com\/category\/aire-acondicionado\/\" rel=\"category tag\">Aire Acondicionado<\/a>, <a href=\"https:\/\/revistaexpofrio.com\/category\/nacional\/\" rel=\"category tag\">Nacional<\/a>, <a href=\"https:\/\/revistaexpofrio.com\/category\/noticias\/\" rel=\"category tag\">Noticias HVAC-R<\/a>\t\t\t\t<\/div>\n\t\t\t\n\t\t\t\t\t\t\t<h3 class=\"wd-post-title wd-entities-title title post-title\">\n\t\t\t\t\t<a href=\"https:\/\/revistaexpofrio.com\/hvc-instala-umas-daikin-en-campus-villa-de-la-universidad-peruana-de-ciencias-aplicadas-upc\/\" rel=\"bookmark\">HVC instala UMAs DAIKIN en campus Villa de la Universidad Peruana de Ciencias Aplicadas (UPC)<\/a>\n\t\t\t\t<\/h3>\n\t\t\t\n\t\t\t\t\t\t\t<div class=\"wd-post-meta\">\n\t\t\t\t\t\t\t\t\t\t\t\t\t\t\t<div class=\"wd-post-author\">\n\t\t\t\t\t\t\t\t\t\t\t<span>Posted by<\/span>\n\t\t\n\t\t\t\t\t<img width=\"18\" height=\"18\" src=\"https:\/\/revistaexpofrio.com\/wp-content\/themes\/woodmart\/images\/lazy.svg\" class=\"avatar avatar-18 photo\" alt=\"author-avatar\" decoding=\"async\" srcset=\"\" sizes=\"(max-width: 18px) 100vw, 18px\" data-src=\"https:\/\/revistaexpofrio.com\/wp-content\/uploads\/2026\/01\/Foto-carnet.jpg-150x150.jpeg\" data-srcset=\"https:\/\/revistaexpofrio.com\/wp-content\/uploads\/2026\/01\/Foto-carnet.jpg-150x150.jpeg 150w, https:\/\/revistaexpofrio.com\/wp-content\/uploads\/2026\/01\/Foto-carnet.jpg-300x300.jpeg 300w, https:\/\/revistaexpofrio.com\/wp-content\/uploads\/2026\/01\/Foto-carnet.jpg-768x768.jpeg 768w, https:\/\/revistaexpofrio.com\/wp-content\/uploads\/2026\/01\/Foto-carnet.jpg.jpeg 800w\" \/>\t\t\n\t\t\t\t\t<a href=\"https:\/\/revistaexpofrio.com\/author\/carlos-hijar\/\" class=\"author\" rel=\"author\">Carlos H\u00edjar<\/a>\n\t\t\t\t\t\t\t\t\t<\/div>\n\t\t\t\t\t<div class=\"wd-modified-date\">\n\t\t\t\t\t\t\t\t<time class=\"updated\" datetime=\"2026-03-19T16:21:18-05:00\">\n\t\t\t19 marzo, 2026\t\t<\/time>\n\t\t\t\t\t\t\t<\/div>\n\n\t\t\t\t\t\t\t\t\t\t\t<div tabindex=\"0\" class=\"wd-post-share wd-tltp\">\n\t\t\t\t\t\t\t<div class=\"tooltip top\">\n\t\t\t\t\t\t\t\t<div class=\"tooltip-inner\">\n\t\t\t\t\t\t\t\t\t\t\t\t<div\n\t\t\t\t\t\tclass=\" wd-social-icons wd-style-default wd-size-small social-share wd-shape-circle color-scheme-light text-center\">\n\t\t\t\t\n\t\t\t\t\n\t\t\t\t\t\t\t\t\t<a rel=\"noopener noreferrer nofollow\" href=\"https:\/\/www.facebook.com\/sharer\/sharer.php?u=https:\/\/revistaexpofrio.com\/hvc-instala-umas-daikin-en-campus-villa-de-la-universidad-peruana-de-ciencias-aplicadas-upc\/\" target=\"_blank\" class=\" wd-social-icon social-facebook\" aria-label=\"Facebook social link\">\n\t\t\t\t\t\t<span class=\"wd-icon\"><\/span>\n\t\t\t\t\t\t\t\t\t\t\t<\/a>\n\t\t\t\t\n\t\t\t\t\t\t\t\t\t<a rel=\"noopener noreferrer nofollow\" href=\"https:\/\/x.com\/share?url=https:\/\/revistaexpofrio.com\/hvc-instala-umas-daikin-en-campus-villa-de-la-universidad-peruana-de-ciencias-aplicadas-upc\/\" target=\"_blank\" class=\" wd-social-icon social-twitter\" aria-label=\"X social link\">\n\t\t\t\t\t\t<span class=\"wd-icon\"><\/span>\n\t\t\t\t\t\t\t\t\t\t\t<\/a>\n\t\t\t\t\n\t\t\t\t\n\t\t\t\t\n\t\t\t\t\n\t\t\t\t\n\t\t\t\t\n\t\t\t\t\t\t\t\t\t<a rel=\"noopener noreferrer nofollow\" href=\"https:\/\/pinterest.com\/pin\/create\/button\/?url=https:\/\/revistaexpofrio.com\/hvc-instala-umas-daikin-en-campus-villa-de-la-universidad-peruana-de-ciencias-aplicadas-upc\/&media=https:\/\/revistaexpofrio.com\/wp-content\/uploads\/2026\/03\/HVC-instala-UMAs-Daikin-en-UPC.webp&description=HVC+instala+UMAs+DAIKIN+en+campus+Villa+de+la+Universidad+Peruana+de+Ciencias+Aplicadas+%28UPC%29\" target=\"_blank\" class=\" wd-social-icon social-pinterest\" aria-label=\"Pinterest social link\">\n\t\t\t\t\t\t<span class=\"wd-icon\"><\/span>\n\t\t\t\t\t\t\t\t\t\t\t<\/a>\n\t\t\t\t\n\t\t\t\t\n\t\t\t\t\t\t\t\t\t<a rel=\"noopener noreferrer nofollow\" href=\"https:\/\/www.linkedin.com\/shareArticle?mini=true&url=https:\/\/revistaexpofrio.com\/hvc-instala-umas-daikin-en-campus-villa-de-la-universidad-peruana-de-ciencias-aplicadas-upc\/\" target=\"_blank\" class=\" wd-social-icon social-linkedin\" aria-label=\"Linkedin social link\">\n\t\t\t\t\t\t<span class=\"wd-icon\"><\/span>\n\t\t\t\t\t\t\t\t\t\t\t<\/a>\n\t\t\t\t\n\t\t\t\t\n\t\t\t\t\n\t\t\t\t\n\t\t\t\t\n\t\t\t\t\n\t\t\t\t\n\t\t\t\t\n\t\t\t\t\n\t\t\t\t\n\t\t\t\t\n\t\t\t\t\n\t\t\t\t\n\t\t\t\t\n\t\t\t\t\n\t\t\t\t\t\t\t\t\t<a rel=\"noopener noreferrer nofollow\" href=\"https:\/\/telegram.me\/share\/url?url=https:\/\/revistaexpofrio.com\/hvc-instala-umas-daikin-en-campus-villa-de-la-universidad-peruana-de-ciencias-aplicadas-upc\/\" target=\"_blank\" class=\" wd-social-icon social-tg\" aria-label=\"Telegram social link\">\n\t\t\t\t\t\t<span class=\"wd-icon\"><\/span>\n\t\t\t\t\t\t\t\t\t\t\t<\/a>\n\t\t\t\t\n\t\t\t\t\n\t\t\t<\/div>\n\n\t\t\t\t\t\t\t\t\t\t<\/div>\n\t\t\t\t\t\t\t\t<div class=\"tooltip-arrow\"><\/div>\n\t\t\t\t\t\t\t<\/div>\n\t\t\t\t\t\t<\/div>\n\t\t\t\t\t\n\t\t\t\t\t\t\t\t\t\t\t\t\t\t\t\t\t<div class=\"wd-post-reply wd-style-1\">\n\t\t\t\t\t\t\t<a href=\"https:\/\/revistaexpofrio.com\/hvc-instala-umas-daikin-en-campus-villa-de-la-universidad-peruana-de-ciencias-aplicadas-upc\/#respond\"><span class=\"wd-replies-count\">0<\/span><\/a>\t\t\t\t\t\t<\/div>\n\t\t\t\t\t\t\t\t\t<\/div>\n\t\t\t\n\t\t\t\t\t\t\t\t\t\t\t\t<div class=\"wd-post-excerpt entry-content\">\n\t\t\t\t\t\tProyecto incorpora filtraci\u00f3n HEPA, control t\u00e9rmico preciso y soluciones HVAC para laboratorios, investigaci\u00f3n y producci\u00f3n audiovisual...\t\t\t\t\t<\/div>\n\t\t\t\t\n\t\t\t\t\t\t\t\t\t\t\t\t\t\t<div class=\"wd-post-read-more wd-style-link read-more-section\">\n\t\t\t\t\t\t<a class=\"\" href=\"https:\/\/revistaexpofrio.com\/hvc-instala-umas-daikin-en-campus-villa-de-la-universidad-peruana-de-ciencias-aplicadas-upc\/\">Continue reading<\/a>\t\t\t\t\t<\/div>\n\t\t\t\t\t\t\t\t\t\t\t\t\t<\/div>\n\t<\/div>\n<\/article>\n\n\t\t\t\t\t\t\t\t\t\t\t\n<article id=\"post-22012\" class=\"wd-post blog-design-masonry blog-post-loop blog-style-bg wd-add-shadow wd-col post-22012 post type-post status-publish format-standard has-post-thumbnail hentry category-aire-acondicionado category-mundo-hvacr category-noticias tag-daikin tag-friopartes tag-honduras\">\n\t<div class=\"wd-post-inner article-inner\">\n\t\t\t\t\t<div class=\"wd-post-thumb entry-header\">\n\t\t\t\t\t\t\t\t\t<div class=\"wd-post-img post-img-wrapp\">\n\t\t\t\t\t\t<img width=\"1024\" height=\"576\" src=\"https:\/\/revistaexpofrio.com\/wp-content\/themes\/woodmart\/images\/lazy.svg\" class=\"attachment-large size-large\" alt=\"Daikin y Friopartes\" decoding=\"async\" srcset=\"\" sizes=\"(max-width: 1024px) 100vw, 1024px\" data-src=\"https:\/\/revistaexpofrio.com\/wp-content\/uploads\/2026\/03\/Daikin-y-FrioPartes-1024x576.webp\" data-srcset=\"https:\/\/revistaexpofrio.com\/wp-content\/uploads\/2026\/03\/Daikin-y-FrioPartes-1024x576.webp 1024w, https:\/\/revistaexpofrio.com\/wp-content\/uploads\/2026\/03\/Daikin-y-FrioPartes-300x169.webp 300w, https:\/\/revistaexpofrio.com\/wp-content\/uploads\/2026\/03\/Daikin-y-FrioPartes-768x432.webp 768w, https:\/\/revistaexpofrio.com\/wp-content\/uploads\/2026\/03\/Daikin-y-FrioPartes-1536x864.webp 1536w, https:\/\/revistaexpofrio.com\/wp-content\/uploads\/2026\/03\/Daikin-y-FrioPartes.webp 1920w\" \/>\t\t\t\t\t<\/div>\n\t\t\t\t\t\t\t\t\t\t<a class=\"wd-fill\" tabindex=\"-1\" href=\"https:\/\/revistaexpofrio.com\/daikin-y-friopartes-realizan-jornadas-tecnicas-hvac-en-honduras\/\" aria-label=\"Link on post Daikin y Friopartes realizan jornadas t\u00e9cnicas HVAC en Honduras\"><\/a>\n\t\t\t\t\n\t\t\t\t\t\t\t\t\t\t\t\t<div class=\"wd-post-date wd-style-with-bg\">\n\t\t\t\t<span class=\"post-date-day\">\n\t\t\t\t\t17\t\t\t\t<\/span>\n\t\t\t\t<span class=\"post-date-month\">\n\t\t\t\t\tMar\t\t\t\t<\/span>\n\t\t\t<\/div>\n\t\t\t\t\t\t\t\t\t<\/div>\n\t\t\n\t\t<div class=\"wd-post-content article-body-container\">\n\t\t\t\t\t\t\t<div class=\"wd-post-cat wd-style-with-bg meta-post-categories\">\n\t\t\t\t\t<a href=\"https:\/\/revistaexpofrio.com\/category\/aire-acondicionado\/\" rel=\"category tag\">Aire Acondicionado<\/a>, <a href=\"https:\/\/revistaexpofrio.com\/category\/mundo-hvacr\/\" rel=\"category tag\">Internacional<\/a>, <a href=\"https:\/\/revistaexpofrio.com\/category\/noticias\/\" rel=\"category tag\">Noticias HVAC-R<\/a>\t\t\t\t<\/div>\n\t\t\t\n\t\t\t\t\t\t\t<h3 class=\"wd-post-title wd-entities-title title post-title\">\n\t\t\t\t\t<a href=\"https:\/\/revistaexpofrio.com\/daikin-y-friopartes-realizan-jornadas-tecnicas-hvac-en-honduras\/\" rel=\"bookmark\">Daikin y Friopartes realizan jornadas t\u00e9cnicas HVAC en Honduras<\/a>\n\t\t\t\t<\/h3>\n\t\t\t\n\t\t\t\t\t\t\t<div class=\"wd-post-meta\">\n\t\t\t\t\t\t\t\t\t\t\t\t\t\t\t<div class=\"wd-post-author\">\n\t\t\t\t\t\t\t\t\t\t\t<span>Posted by<\/span>\n\t\t\n\t\t\t\t\t<img width=\"18\" height=\"18\" src=\"https:\/\/revistaexpofrio.com\/wp-content\/themes\/woodmart\/images\/lazy.svg\" class=\"avatar avatar-18 photo\" alt=\"author-avatar\" decoding=\"async\" srcset=\"\" sizes=\"(max-width: 18px) 100vw, 18px\" data-src=\"https:\/\/revistaexpofrio.com\/wp-content\/uploads\/2026\/01\/Foto-carnet.jpg-150x150.jpeg\" data-srcset=\"https:\/\/revistaexpofrio.com\/wp-content\/uploads\/2026\/01\/Foto-carnet.jpg-150x150.jpeg 150w, https:\/\/revistaexpofrio.com\/wp-content\/uploads\/2026\/01\/Foto-carnet.jpg-300x300.jpeg 300w, https:\/\/revistaexpofrio.com\/wp-content\/uploads\/2026\/01\/Foto-carnet.jpg-768x768.jpeg 768w, https:\/\/revistaexpofrio.com\/wp-content\/uploads\/2026\/01\/Foto-carnet.jpg.jpeg 800w\" \/>\t\t\n\t\t\t\t\t<a href=\"https:\/\/revistaexpofrio.com\/author\/carlos-hijar\/\" class=\"author\" rel=\"author\">Carlos H\u00edjar<\/a>\n\t\t\t\t\t\t\t\t\t<\/div>\n\t\t\t\t\t<div class=\"wd-modified-date\">\n\t\t\t\t\t\t\t\t<time class=\"updated\" datetime=\"2026-03-17T16:47:25-05:00\">\n\t\t\t17 marzo, 2026\t\t<\/time>\n\t\t\t\t\t\t\t<\/div>\n\n\t\t\t\t\t\t\t\t\t\t\t<div tabindex=\"0\" class=\"wd-post-share wd-tltp\">\n\t\t\t\t\t\t\t<div class=\"tooltip top\">\n\t\t\t\t\t\t\t\t<div class=\"tooltip-inner\">\n\t\t\t\t\t\t\t\t\t\t\t\t<div\n\t\t\t\t\t\tclass=\" wd-social-icons wd-style-default wd-size-small social-share wd-shape-circle color-scheme-light text-center\">\n\t\t\t\t\n\t\t\t\t\n\t\t\t\t\t\t\t\t\t<a rel=\"noopener noreferrer nofollow\" href=\"https:\/\/www.facebook.com\/sharer\/sharer.php?u=https:\/\/revistaexpofrio.com\/daikin-y-friopartes-realizan-jornadas-tecnicas-hvac-en-honduras\/\" target=\"_blank\" class=\" wd-social-icon social-facebook\" aria-label=\"Facebook social link\">\n\t\t\t\t\t\t<span class=\"wd-icon\"><\/span>\n\t\t\t\t\t\t\t\t\t\t\t<\/a>\n\t\t\t\t\n\t\t\t\t\t\t\t\t\t<a rel=\"noopener noreferrer nofollow\" href=\"https:\/\/x.com\/share?url=https:\/\/revistaexpofrio.com\/daikin-y-friopartes-realizan-jornadas-tecnicas-hvac-en-honduras\/\" target=\"_blank\" class=\" wd-social-icon social-twitter\" aria-label=\"X social link\">\n\t\t\t\t\t\t<span class=\"wd-icon\"><\/span>\n\t\t\t\t\t\t\t\t\t\t\t<\/a>\n\t\t\t\t\n\t\t\t\t\n\t\t\t\t\n\t\t\t\t\n\t\t\t\t\n\t\t\t\t\n\t\t\t\t\t\t\t\t\t<a rel=\"noopener noreferrer nofollow\" href=\"https:\/\/pinterest.com\/pin\/create\/button\/?url=https:\/\/revistaexpofrio.com\/daikin-y-friopartes-realizan-jornadas-tecnicas-hvac-en-honduras\/&media=https:\/\/revistaexpofrio.com\/wp-content\/uploads\/2026\/03\/Daikin-y-FrioPartes.webp&description=Daikin+y+Friopartes+realizan+jornadas+t%C3%A9cnicas+HVAC+en+Honduras\" target=\"_blank\" class=\" wd-social-icon social-pinterest\" aria-label=\"Pinterest social link\">\n\t\t\t\t\t\t<span class=\"wd-icon\"><\/span>\n\t\t\t\t\t\t\t\t\t\t\t<\/a>\n\t\t\t\t\n\t\t\t\t\n\t\t\t\t\t\t\t\t\t<a rel=\"noopener noreferrer nofollow\" href=\"https:\/\/www.linkedin.com\/shareArticle?mini=true&url=https:\/\/revistaexpofrio.com\/daikin-y-friopartes-realizan-jornadas-tecnicas-hvac-en-honduras\/\" target=\"_blank\" class=\" wd-social-icon social-linkedin\" aria-label=\"Linkedin social link\">\n\t\t\t\t\t\t<span class=\"wd-icon\"><\/span>\n\t\t\t\t\t\t\t\t\t\t\t<\/a>\n\t\t\t\t\n\t\t\t\t\n\t\t\t\t\n\t\t\t\t\n\t\t\t\t\n\t\t\t\t\n\t\t\t\t\n\t\t\t\t\n\t\t\t\t\n\t\t\t\t\n\t\t\t\t\n\t\t\t\t\n\t\t\t\t\n\t\t\t\t\n\t\t\t\t\n\t\t\t\t\t\t\t\t\t<a rel=\"noopener noreferrer nofollow\" href=\"https:\/\/telegram.me\/share\/url?url=https:\/\/revistaexpofrio.com\/daikin-y-friopartes-realizan-jornadas-tecnicas-hvac-en-honduras\/\" target=\"_blank\" class=\" wd-social-icon social-tg\" aria-label=\"Telegram social link\">\n\t\t\t\t\t\t<span class=\"wd-icon\"><\/span>\n\t\t\t\t\t\t\t\t\t\t\t<\/a>\n\t\t\t\t\n\t\t\t\t\n\t\t\t<\/div>\n\n\t\t\t\t\t\t\t\t\t\t<\/div>\n\t\t\t\t\t\t\t\t<div class=\"tooltip-arrow\"><\/div>\n\t\t\t\t\t\t\t<\/div>\n\t\t\t\t\t\t<\/div>\n\t\t\t\t\t\n\t\t\t\t\t\t\t\t\t\t\t\t\t\t\t\t\t<div class=\"wd-post-reply wd-style-1\">\n\t\t\t\t\t\t\t<a href=\"https:\/\/revistaexpofrio.com\/daikin-y-friopartes-realizan-jornadas-tecnicas-hvac-en-honduras\/#respond\"><span class=\"wd-replies-count\">0<\/span><\/a>\t\t\t\t\t\t<\/div>\n\t\t\t\t\t\t\t\t\t<\/div>\n\t\t\t\n\t\t\t\t\t\t\t\t\t\t\t\t<div class=\"wd-post-excerpt entry-content\">\n\t\t\t\t\t\tLas jornadas en Tegucigalpa y San Pedro Sula incluyeron capacitaciones e introducci\u00f3n de equipos mini split con tecnolog\u00eda R32.\n\n\n\nLa c...\t\t\t\t\t<\/div>\n\t\t\t\t\n\t\t\t\t\t\t\t\t\t\t\t\t\t\t<div class=\"wd-post-read-more wd-style-link read-more-section\">\n\t\t\t\t\t\t<a class=\"\" href=\"https:\/\/revistaexpofrio.com\/daikin-y-friopartes-realizan-jornadas-tecnicas-hvac-en-honduras\/\">Continue reading<\/a>\t\t\t\t\t<\/div>\n\t\t\t\t\t\t\t\t\t\t\t\t\t<\/div>\n\t<\/div>\n<\/article>\n\n\t\t\t\t\t\t\t\t\t\t\t\n<article id=\"post-22003\" class=\"wd-post blog-design-masonry blog-post-loop blog-style-bg wd-add-shadow wd-col post-22003 post type-post status-publish format-standard has-post-thumbnail hentry category-actualidad category-aire-acondicionado category-nacional category-noticias tag-hvac-2 tag-lg-electronics-peru\">\n\t<div class=\"wd-post-inner article-inner\">\n\t\t\t\t\t<div class=\"wd-post-thumb entry-header\">\n\t\t\t\t\t\t\t\t\t<div class=\"wd-post-img post-img-wrapp\">\n\t\t\t\t\t\t<img width=\"1024\" height=\"576\" src=\"https:\/\/revistaexpofrio.com\/wp-content\/themes\/woodmart\/images\/lazy.svg\" class=\"attachment-large size-large\" alt=\"LG Per\u00fa primer trimestre 2026\" decoding=\"async\" srcset=\"\" sizes=\"(max-width: 1024px) 100vw, 1024px\" data-src=\"https:\/\/revistaexpofrio.com\/wp-content\/uploads\/2026\/03\/LG-Peru-expansion-1024x576.webp\" data-srcset=\"https:\/\/revistaexpofrio.com\/wp-content\/uploads\/2026\/03\/LG-Peru-expansion-1024x576.webp 1024w, https:\/\/revistaexpofrio.com\/wp-content\/uploads\/2026\/03\/LG-Peru-expansion-300x169.webp 300w, https:\/\/revistaexpofrio.com\/wp-content\/uploads\/2026\/03\/LG-Peru-expansion-768x432.webp 768w, https:\/\/revistaexpofrio.com\/wp-content\/uploads\/2026\/03\/LG-Peru-expansion-1536x864.webp 1536w, https:\/\/revistaexpofrio.com\/wp-content\/uploads\/2026\/03\/LG-Peru-expansion.webp 1920w\" \/>\t\t\t\t\t<\/div>\n\t\t\t\t\t\t\t\t\t\t<a class=\"wd-fill\" tabindex=\"-1\" href=\"https:\/\/revistaexpofrio.com\/lg-peru-destaca-crecimiento-sostenido-y-expansion-comercial-regional\/\" aria-label=\"Link on post LG Per\u00fa destaca crecimiento sostenido y expansi\u00f3n comercial regional\"><\/a>\n\t\t\t\t\n\t\t\t\t\t\t\t\t\t\t\t\t<div class=\"wd-post-date wd-style-with-bg\">\n\t\t\t\t<span class=\"post-date-day\">\n\t\t\t\t\t17\t\t\t\t<\/span>\n\t\t\t\t<span class=\"post-date-month\">\n\t\t\t\t\tMar\t\t\t\t<\/span>\n\t\t\t<\/div>\n\t\t\t\t\t\t\t\t\t<\/div>\n\t\t\n\t\t<div class=\"wd-post-content article-body-container\">\n\t\t\t\t\t\t\t<div class=\"wd-post-cat wd-style-with-bg meta-post-categories\">\n\t\t\t\t\t<a href=\"https:\/\/revistaexpofrio.com\/category\/actualidad\/\" rel=\"category tag\">Actualidad<\/a>, <a href=\"https:\/\/revistaexpofrio.com\/category\/aire-acondicionado\/\" rel=\"category tag\">Aire Acondicionado<\/a>, <a href=\"https:\/\/revistaexpofrio.com\/category\/nacional\/\" rel=\"category tag\">Nacional<\/a>, <a href=\"https:\/\/revistaexpofrio.com\/category\/noticias\/\" rel=\"category tag\">Noticias HVAC-R<\/a>\t\t\t\t<\/div>\n\t\t\t\n\t\t\t\t\t\t\t<h3 class=\"wd-post-title wd-entities-title title post-title\">\n\t\t\t\t\t<a href=\"https:\/\/revistaexpofrio.com\/lg-peru-destaca-crecimiento-sostenido-y-expansion-comercial-regional\/\" rel=\"bookmark\">LG Per\u00fa destaca crecimiento sostenido y expansi\u00f3n comercial regional<\/a>\n\t\t\t\t<\/h3>\n\t\t\t\n\t\t\t\t\t\t\t<div class=\"wd-post-meta\">\n\t\t\t\t\t\t\t\t\t\t\t\t\t\t\t<div class=\"wd-post-author\">\n\t\t\t\t\t\t\t\t\t\t\t<span>Posted by<\/span>\n\t\t\n\t\t\t\t\t<img width=\"18\" height=\"18\" src=\"https:\/\/revistaexpofrio.com\/wp-content\/themes\/woodmart\/images\/lazy.svg\" class=\"avatar avatar-18 photo\" alt=\"author-avatar\" decoding=\"async\" srcset=\"\" sizes=\"(max-width: 18px) 100vw, 18px\" data-src=\"https:\/\/revistaexpofrio.com\/wp-content\/uploads\/2026\/01\/Foto-carnet.jpg-150x150.jpeg\" data-srcset=\"https:\/\/revistaexpofrio.com\/wp-content\/uploads\/2026\/01\/Foto-carnet.jpg-150x150.jpeg 150w, https:\/\/revistaexpofrio.com\/wp-content\/uploads\/2026\/01\/Foto-carnet.jpg-300x300.jpeg 300w, https:\/\/revistaexpofrio.com\/wp-content\/uploads\/2026\/01\/Foto-carnet.jpg-768x768.jpeg 768w, https:\/\/revistaexpofrio.com\/wp-content\/uploads\/2026\/01\/Foto-carnet.jpg.jpeg 800w\" \/>\t\t\n\t\t\t\t\t<a href=\"https:\/\/revistaexpofrio.com\/author\/carlos-hijar\/\" class=\"author\" rel=\"author\">Carlos H\u00edjar<\/a>\n\t\t\t\t\t\t\t\t\t<\/div>\n\t\t\t\t\t<div class=\"wd-modified-date\">\n\t\t\t\t\t\t\t\t<time class=\"updated\" datetime=\"2026-03-17T09:58:39-05:00\">\n\t\t\t17 marzo, 2026\t\t<\/time>\n\t\t\t\t\t\t\t<\/div>\n\n\t\t\t\t\t\t\t\t\t\t\t<div tabindex=\"0\" class=\"wd-post-share wd-tltp\">\n\t\t\t\t\t\t\t<div class=\"tooltip top\">\n\t\t\t\t\t\t\t\t<div class=\"tooltip-inner\">\n\t\t\t\t\t\t\t\t\t\t\t\t<div\n\t\t\t\t\t\tclass=\" wd-social-icons wd-style-default wd-size-small social-share wd-shape-circle color-scheme-light text-center\">\n\t\t\t\t\n\t\t\t\t\n\t\t\t\t\t\t\t\t\t<a rel=\"noopener noreferrer nofollow\" href=\"https:\/\/www.facebook.com\/sharer\/sharer.php?u=https:\/\/revistaexpofrio.com\/lg-peru-destaca-crecimiento-sostenido-y-expansion-comercial-regional\/\" target=\"_blank\" class=\" wd-social-icon social-facebook\" aria-label=\"Facebook social link\">\n\t\t\t\t\t\t<span class=\"wd-icon\"><\/span>\n\t\t\t\t\t\t\t\t\t\t\t<\/a>\n\t\t\t\t\n\t\t\t\t\t\t\t\t\t<a rel=\"noopener noreferrer nofollow\" href=\"https:\/\/x.com\/share?url=https:\/\/revistaexpofrio.com\/lg-peru-destaca-crecimiento-sostenido-y-expansion-comercial-regional\/\" target=\"_blank\" class=\" wd-social-icon social-twitter\" aria-label=\"X social link\">\n\t\t\t\t\t\t<span class=\"wd-icon\"><\/span>\n\t\t\t\t\t\t\t\t\t\t\t<\/a>\n\t\t\t\t\n\t\t\t\t\n\t\t\t\t\n\t\t\t\t\n\t\t\t\t\n\t\t\t\t\n\t\t\t\t\t\t\t\t\t<a rel=\"noopener noreferrer nofollow\" href=\"https:\/\/pinterest.com\/pin\/create\/button\/?url=https:\/\/revistaexpofrio.com\/lg-peru-destaca-crecimiento-sostenido-y-expansion-comercial-regional\/&media=https:\/\/revistaexpofrio.com\/wp-content\/uploads\/2026\/03\/LG-Peru-expansion.webp&description=LG+Per%C3%BA+destaca+crecimiento+sostenido+y+expansi%C3%B3n+comercial+regional\" target=\"_blank\" class=\" wd-social-icon social-pinterest\" aria-label=\"Pinterest social link\">\n\t\t\t\t\t\t<span class=\"wd-icon\"><\/span>\n\t\t\t\t\t\t\t\t\t\t\t<\/a>\n\t\t\t\t\n\t\t\t\t\n\t\t\t\t\t\t\t\t\t<a rel=\"noopener noreferrer nofollow\" href=\"https:\/\/www.linkedin.com\/shareArticle?mini=true&url=https:\/\/revistaexpofrio.com\/lg-peru-destaca-crecimiento-sostenido-y-expansion-comercial-regional\/\" target=\"_blank\" class=\" wd-social-icon social-linkedin\" aria-label=\"Linkedin social link\">\n\t\t\t\t\t\t<span class=\"wd-icon\"><\/span>\n\t\t\t\t\t\t\t\t\t\t\t<\/a>\n\t\t\t\t\n\t\t\t\t\n\t\t\t\t\n\t\t\t\t\n\t\t\t\t\n\t\t\t\t\n\t\t\t\t\n\t\t\t\t\n\t\t\t\t\n\t\t\t\t\n\t\t\t\t\n\t\t\t\t\n\t\t\t\t\n\t\t\t\t\n\t\t\t\t\n\t\t\t\t\t\t\t\t\t<a rel=\"noopener noreferrer nofollow\" href=\"https:\/\/telegram.me\/share\/url?url=https:\/\/revistaexpofrio.com\/lg-peru-destaca-crecimiento-sostenido-y-expansion-comercial-regional\/\" target=\"_blank\" class=\" wd-social-icon social-tg\" aria-label=\"Telegram social link\">\n\t\t\t\t\t\t<span class=\"wd-icon\"><\/span>\n\t\t\t\t\t\t\t\t\t\t\t<\/a>\n\t\t\t\t\n\t\t\t\t\n\t\t\t<\/div>\n\n\t\t\t\t\t\t\t\t\t\t<\/div>\n\t\t\t\t\t\t\t\t<div class=\"tooltip-arrow\"><\/div>\n\t\t\t\t\t\t\t<\/div>\n\t\t\t\t\t\t<\/div>\n\t\t\t\t\t\n\t\t\t\t\t\t\t\t\t\t\t\t\t\t\t\t\t<div class=\"wd-post-reply wd-style-1\">\n\t\t\t\t\t\t\t<a href=\"https:\/\/revistaexpofrio.com\/lg-peru-destaca-crecimiento-sostenido-y-expansion-comercial-regional\/#respond\"><span class=\"wd-replies-count\">0<\/span><\/a>\t\t\t\t\t\t<\/div>\n\t\t\t\t\t\t\t\t\t<\/div>\n\t\t\t\n\t\t\t\t\t\t\t\t\t\t\t\t<div class=\"wd-post-excerpt entry-content\">\n\t\t\t\t\t\tLa marca fortalece canales en el norte y reabre academia, consolidando su estrategia comercial y posicionamiento en el mercado HVAC nac...\t\t\t\t\t<\/div>\n\t\t\t\t\n\t\t\t\t\t\t\t\t\t\t\t\t\t\t<div class=\"wd-post-read-more wd-style-link read-more-section\">\n\t\t\t\t\t\t<a class=\"\" href=\"https:\/\/revistaexpofrio.com\/lg-peru-destaca-crecimiento-sostenido-y-expansion-comercial-regional\/\">Continue reading<\/a>\t\t\t\t\t<\/div>\n\t\t\t\t\t\t\t\t\t\t\t\t\t<\/div>\n\t<\/div>\n<\/article>\n\n\t\t\t\t\t\t\t\t\t\t\t\n<article id=\"post-21957\" class=\"wd-post blog-design-masonry blog-post-loop blog-style-bg wd-add-shadow wd-col post-21957 post type-post status-publish format-standard has-post-thumbnail hentry category-aire-acondicionado category-mundo-hvacr category-noticias tag-airtec-costa-rica tag-apertura tag-el-salvador tag-hvac-2\">\n\t<div class=\"wd-post-inner article-inner\">\n\t\t\t\t\t<div class=\"wd-post-thumb entry-header\">\n\t\t\t\t\t\t\t\t\t<div class=\"wd-post-img post-img-wrapp\">\n\t\t\t\t\t\t<img width=\"1024\" height=\"576\" src=\"https:\/\/revistaexpofrio.com\/wp-content\/themes\/woodmart\/images\/lazy.svg\" class=\"attachment-large size-large\" alt=\"Airtec El Salvador\" decoding=\"async\" srcset=\"\" sizes=\"(max-width: 1024px) 100vw, 1024px\" data-src=\"https:\/\/revistaexpofrio.com\/wp-content\/uploads\/2026\/03\/Airtec-El-Salvador-1024x576.webp\" data-srcset=\"https:\/\/revistaexpofrio.com\/wp-content\/uploads\/2026\/03\/Airtec-El-Salvador-1024x576.webp 1024w, https:\/\/revistaexpofrio.com\/wp-content\/uploads\/2026\/03\/Airtec-El-Salvador-300x169.webp 300w, https:\/\/revistaexpofrio.com\/wp-content\/uploads\/2026\/03\/Airtec-El-Salvador-768x432.webp 768w, https:\/\/revistaexpofrio.com\/wp-content\/uploads\/2026\/03\/Airtec-El-Salvador-1536x864.webp 1536w, https:\/\/revistaexpofrio.com\/wp-content\/uploads\/2026\/03\/Airtec-El-Salvador.webp 1920w\" \/>\t\t\t\t\t<\/div>\n\t\t\t\t\t\t\t\t\t\t<a class=\"wd-fill\" tabindex=\"-1\" href=\"https:\/\/revistaexpofrio.com\/airtec-costa-rica-abre-nueva-sede-en-el-salvador\/\" aria-label=\"Link on post AIRTEC Costa Rica abre nueva sede en El Salvador\"><\/a>\n\t\t\t\t\n\t\t\t\t\t\t\t\t\t\t\t\t<div class=\"wd-post-date wd-style-with-bg\">\n\t\t\t\t<span class=\"post-date-day\">\n\t\t\t\t\t11\t\t\t\t<\/span>\n\t\t\t\t<span class=\"post-date-month\">\n\t\t\t\t\tMar\t\t\t\t<\/span>\n\t\t\t<\/div>\n\t\t\t\t\t\t\t\t\t<\/div>\n\t\t\n\t\t<div class=\"wd-post-content article-body-container\">\n\t\t\t\t\t\t\t<div class=\"wd-post-cat wd-style-with-bg meta-post-categories\">\n\t\t\t\t\t<a href=\"https:\/\/revistaexpofrio.com\/category\/aire-acondicionado\/\" rel=\"category tag\">Aire Acondicionado<\/a>, <a href=\"https:\/\/revistaexpofrio.com\/category\/mundo-hvacr\/\" rel=\"category tag\">Internacional<\/a>, <a href=\"https:\/\/revistaexpofrio.com\/category\/noticias\/\" rel=\"category tag\">Noticias HVAC-R<\/a>\t\t\t\t<\/div>\n\t\t\t\n\t\t\t\t\t\t\t<h3 class=\"wd-post-title wd-entities-title title post-title\">\n\t\t\t\t\t<a href=\"https:\/\/revistaexpofrio.com\/airtec-costa-rica-abre-nueva-sede-en-el-salvador\/\" rel=\"bookmark\">AIRTEC Costa Rica abre nueva sede en El Salvador<\/a>\n\t\t\t\t<\/h3>\n\t\t\t\n\t\t\t\t\t\t\t<div class=\"wd-post-meta\">\n\t\t\t\t\t\t\t\t\t\t\t\t\t\t\t<div class=\"wd-post-author\">\n\t\t\t\t\t\t\t\t\t\t\t<span>Posted by<\/span>\n\t\t\n\t\t\t\t\t<img width=\"18\" height=\"18\" src=\"https:\/\/revistaexpofrio.com\/wp-content\/themes\/woodmart\/images\/lazy.svg\" class=\"avatar avatar-18 photo\" alt=\"author-avatar\" decoding=\"async\" srcset=\"\" sizes=\"(max-width: 18px) 100vw, 18px\" data-src=\"https:\/\/revistaexpofrio.com\/wp-content\/uploads\/2026\/01\/Foto-carnet.jpg-150x150.jpeg\" data-srcset=\"https:\/\/revistaexpofrio.com\/wp-content\/uploads\/2026\/01\/Foto-carnet.jpg-150x150.jpeg 150w, https:\/\/revistaexpofrio.com\/wp-content\/uploads\/2026\/01\/Foto-carnet.jpg-300x300.jpeg 300w, https:\/\/revistaexpofrio.com\/wp-content\/uploads\/2026\/01\/Foto-carnet.jpg-768x768.jpeg 768w, https:\/\/revistaexpofrio.com\/wp-content\/uploads\/2026\/01\/Foto-carnet.jpg.jpeg 800w\" \/>\t\t\n\t\t\t\t\t<a href=\"https:\/\/revistaexpofrio.com\/author\/carlos-hijar\/\" class=\"author\" rel=\"author\">Carlos H\u00edjar<\/a>\n\t\t\t\t\t\t\t\t\t<\/div>\n\t\t\t\t\t<div class=\"wd-modified-date\">\n\t\t\t\t\t\t\t\t<time class=\"updated\" datetime=\"2026-03-11T08:03:21-05:00\">\n\t\t\t11 marzo, 2026\t\t<\/time>\n\t\t\t\t\t\t\t<\/div>\n\n\t\t\t\t\t\t\t\t\t\t\t<div tabindex=\"0\" class=\"wd-post-share wd-tltp\">\n\t\t\t\t\t\t\t<div class=\"tooltip top\">\n\t\t\t\t\t\t\t\t<div class=\"tooltip-inner\">\n\t\t\t\t\t\t\t\t\t\t\t\t<div\n\t\t\t\t\t\tclass=\" wd-social-icons wd-style-default wd-size-small social-share wd-shape-circle color-scheme-light text-center\">\n\t\t\t\t\n\t\t\t\t\n\t\t\t\t\t\t\t\t\t<a rel=\"noopener noreferrer nofollow\" href=\"https:\/\/www.facebook.com\/sharer\/sharer.php?u=https:\/\/revistaexpofrio.com\/airtec-costa-rica-abre-nueva-sede-en-el-salvador\/\" target=\"_blank\" class=\" wd-social-icon social-facebook\" aria-label=\"Facebook social link\">\n\t\t\t\t\t\t<span class=\"wd-icon\"><\/span>\n\t\t\t\t\t\t\t\t\t\t\t<\/a>\n\t\t\t\t\n\t\t\t\t\t\t\t\t\t<a rel=\"noopener noreferrer nofollow\" href=\"https:\/\/x.com\/share?url=https:\/\/revistaexpofrio.com\/airtec-costa-rica-abre-nueva-sede-en-el-salvador\/\" target=\"_blank\" class=\" wd-social-icon social-twitter\" aria-label=\"X social link\">\n\t\t\t\t\t\t<span class=\"wd-icon\"><\/span>\n\t\t\t\t\t\t\t\t\t\t\t<\/a>\n\t\t\t\t\n\t\t\t\t\n\t\t\t\t\n\t\t\t\t\n\t\t\t\t\n\t\t\t\t\n\t\t\t\t\t\t\t\t\t<a rel=\"noopener noreferrer nofollow\" href=\"https:\/\/pinterest.com\/pin\/create\/button\/?url=https:\/\/revistaexpofrio.com\/airtec-costa-rica-abre-nueva-sede-en-el-salvador\/&media=https:\/\/revistaexpofrio.com\/wp-content\/uploads\/2026\/03\/Airtec-El-Salvador.webp&description=AIRTEC+Costa+Rica+abre+nueva+sede+en+El+Salvador\" target=\"_blank\" class=\" wd-social-icon social-pinterest\" aria-label=\"Pinterest social link\">\n\t\t\t\t\t\t<span class=\"wd-icon\"><\/span>\n\t\t\t\t\t\t\t\t\t\t\t<\/a>\n\t\t\t\t\n\t\t\t\t\n\t\t\t\t\t\t\t\t\t<a rel=\"noopener noreferrer nofollow\" href=\"https:\/\/www.linkedin.com\/shareArticle?mini=true&url=https:\/\/revistaexpofrio.com\/airtec-costa-rica-abre-nueva-sede-en-el-salvador\/\" target=\"_blank\" class=\" wd-social-icon social-linkedin\" aria-label=\"Linkedin social link\">\n\t\t\t\t\t\t<span class=\"wd-icon\"><\/span>\n\t\t\t\t\t\t\t\t\t\t\t<\/a>\n\t\t\t\t\n\t\t\t\t\n\t\t\t\t\n\t\t\t\t\n\t\t\t\t\n\t\t\t\t\n\t\t\t\t\n\t\t\t\t\n\t\t\t\t\n\t\t\t\t\n\t\t\t\t\n\t\t\t\t\n\t\t\t\t\n\t\t\t\t\n\t\t\t\t\n\t\t\t\t\t\t\t\t\t<a rel=\"noopener noreferrer nofollow\" href=\"https:\/\/telegram.me\/share\/url?url=https:\/\/revistaexpofrio.com\/airtec-costa-rica-abre-nueva-sede-en-el-salvador\/\" target=\"_blank\" class=\" wd-social-icon social-tg\" aria-label=\"Telegram social link\">\n\t\t\t\t\t\t<span class=\"wd-icon\"><\/span>\n\t\t\t\t\t\t\t\t\t\t\t<\/a>\n\t\t\t\t\n\t\t\t\t\n\t\t\t<\/div>\n\n\t\t\t\t\t\t\t\t\t\t<\/div>\n\t\t\t\t\t\t\t\t<div class=\"tooltip-arrow\"><\/div>\n\t\t\t\t\t\t\t<\/div>\n\t\t\t\t\t\t<\/div>\n\t\t\t\t\t\n\t\t\t\t\t\t\t\t\t\t\t\t\t\t\t\t\t<div class=\"wd-post-reply wd-style-1\">\n\t\t\t\t\t\t\t<a href=\"https:\/\/revistaexpofrio.com\/airtec-costa-rica-abre-nueva-sede-en-el-salvador\/#respond\"><span class=\"wd-replies-count\">0<\/span><\/a>\t\t\t\t\t\t<\/div>\n\t\t\t\t\t\t\t\t\t<\/div>\n\t\t\t\n\t\t\t\t\t\t\t\t\t\t\t\t<div class=\"wd-post-excerpt entry-content\">\n\t\t\t\t\t\tLa empresa especializada en soluciones HVAC expande su presencia regional con una nueva operaci\u00f3n para proyectos residenciales, comerci...\t\t\t\t\t<\/div>\n\t\t\t\t\n\t\t\t\t\t\t\t\t\t\t\t\t\t\t<div class=\"wd-post-read-more wd-style-link read-more-section\">\n\t\t\t\t\t\t<a class=\"\" href=\"https:\/\/revistaexpofrio.com\/airtec-costa-rica-abre-nueva-sede-en-el-salvador\/\">Continue reading<\/a>\t\t\t\t\t<\/div>\n\t\t\t\t\t\t\t\t\t\t\t\t\t<\/div>\n\t<\/div>\n<\/article>\n\n\t\t\t\t\t\t\t\t\t\t\t\n<article id=\"post-21926\" class=\"wd-post blog-design-masonry blog-post-loop blog-style-bg wd-add-shadow wd-col post-21926 post type-post status-publish format-standard has-post-thumbnail hentry category-aire-acondicionado category-mundo-hvacr category-noticias tag-alianza tag-anwo\">\n\t<div class=\"wd-post-inner article-inner\">\n\t\t\t\t\t<div class=\"wd-post-thumb entry-header\">\n\t\t\t\t\t\t\t\t\t<div class=\"wd-post-img post-img-wrapp\">\n\t\t\t\t\t\t<img width=\"1024\" height=\"576\" src=\"https:\/\/revistaexpofrio.com\/wp-content\/themes\/woodmart\/images\/lazy.svg\" class=\"attachment-large size-large\" alt=\"ANWO y Samsung\" decoding=\"async\" srcset=\"\" sizes=\"(max-width: 1024px) 100vw, 1024px\" data-src=\"https:\/\/revistaexpofrio.com\/wp-content\/uploads\/2026\/03\/ANWO-y-Samsung-1024x576.webp\" data-srcset=\"https:\/\/revistaexpofrio.com\/wp-content\/uploads\/2026\/03\/ANWO-y-Samsung-1024x576.webp 1024w, https:\/\/revistaexpofrio.com\/wp-content\/uploads\/2026\/03\/ANWO-y-Samsung-300x169.webp 300w, https:\/\/revistaexpofrio.com\/wp-content\/uploads\/2026\/03\/ANWO-y-Samsung-768x432.webp 768w, https:\/\/revistaexpofrio.com\/wp-content\/uploads\/2026\/03\/ANWO-y-Samsung-1536x864.webp 1536w, https:\/\/revistaexpofrio.com\/wp-content\/uploads\/2026\/03\/ANWO-y-Samsung.webp 1920w\" \/>\t\t\t\t\t<\/div>\n\t\t\t\t\t\t\t\t\t\t<a class=\"wd-fill\" tabindex=\"-1\" href=\"https:\/\/revistaexpofrio.com\/anwo-y-samsung-lanzan-alianza-para-climatizacion-comercial-en-chile\/\" aria-label=\"Link on post ANWO y Samsung lanzan alianza para climatizaci\u00f3n comercial en Chile\"><\/a>\n\t\t\t\t\n\t\t\t\t\t\t\t\t\t\t\t\t<div class=\"wd-post-date wd-style-with-bg\">\n\t\t\t\t<span class=\"post-date-day\">\n\t\t\t\t\t09\t\t\t\t<\/span>\n\t\t\t\t<span class=\"post-date-month\">\n\t\t\t\t\tMar\t\t\t\t<\/span>\n\t\t\t<\/div>\n\t\t\t\t\t\t\t\t\t<\/div>\n\t\t\n\t\t<div class=\"wd-post-content article-body-container\">\n\t\t\t\t\t\t\t<div class=\"wd-post-cat wd-style-with-bg meta-post-categories\">\n\t\t\t\t\t<a href=\"https:\/\/revistaexpofrio.com\/category\/aire-acondicionado\/\" rel=\"category tag\">Aire Acondicionado<\/a>, <a href=\"https:\/\/revistaexpofrio.com\/category\/mundo-hvacr\/\" rel=\"category tag\">Internacional<\/a>, <a href=\"https:\/\/revistaexpofrio.com\/category\/noticias\/\" rel=\"category tag\">Noticias HVAC-R<\/a>\t\t\t\t<\/div>\n\t\t\t\n\t\t\t\t\t\t\t<h3 class=\"wd-post-title wd-entities-title title post-title\">\n\t\t\t\t\t<a href=\"https:\/\/revistaexpofrio.com\/anwo-y-samsung-lanzan-alianza-para-climatizacion-comercial-en-chile\/\" rel=\"bookmark\">ANWO y Samsung lanzan alianza para climatizaci\u00f3n comercial en Chile<\/a>\n\t\t\t\t<\/h3>\n\t\t\t\n\t\t\t\t\t\t\t<div class=\"wd-post-meta\">\n\t\t\t\t\t\t\t\t\t\t\t\t\t\t\t<div class=\"wd-post-author\">\n\t\t\t\t\t\t\t\t\t\t\t<span>Posted by<\/span>\n\t\t\n\t\t\t\t\t<img width=\"18\" height=\"18\" src=\"https:\/\/revistaexpofrio.com\/wp-content\/themes\/woodmart\/images\/lazy.svg\" class=\"avatar avatar-18 photo\" alt=\"author-avatar\" decoding=\"async\" srcset=\"\" sizes=\"(max-width: 18px) 100vw, 18px\" data-src=\"https:\/\/revistaexpofrio.com\/wp-content\/uploads\/2026\/01\/Foto-carnet.jpg-150x150.jpeg\" data-srcset=\"https:\/\/revistaexpofrio.com\/wp-content\/uploads\/2026\/01\/Foto-carnet.jpg-150x150.jpeg 150w, https:\/\/revistaexpofrio.com\/wp-content\/uploads\/2026\/01\/Foto-carnet.jpg-300x300.jpeg 300w, https:\/\/revistaexpofrio.com\/wp-content\/uploads\/2026\/01\/Foto-carnet.jpg-768x768.jpeg 768w, https:\/\/revistaexpofrio.com\/wp-content\/uploads\/2026\/01\/Foto-carnet.jpg.jpeg 800w\" \/>\t\t\n\t\t\t\t\t<a href=\"https:\/\/revistaexpofrio.com\/author\/carlos-hijar\/\" class=\"author\" rel=\"author\">Carlos H\u00edjar<\/a>\n\t\t\t\t\t\t\t\t\t<\/div>\n\t\t\t\t\t<div class=\"wd-modified-date\">\n\t\t\t\t\t\t\t\t<time class=\"updated\" datetime=\"2026-03-09T08:09:22-05:00\">\n\t\t\t9 marzo, 2026\t\t<\/time>\n\t\t\t\t\t\t\t<\/div>\n\n\t\t\t\t\t\t\t\t\t\t\t<div tabindex=\"0\" class=\"wd-post-share wd-tltp\">\n\t\t\t\t\t\t\t<div class=\"tooltip top\">\n\t\t\t\t\t\t\t\t<div class=\"tooltip-inner\">\n\t\t\t\t\t\t\t\t\t\t\t\t<div\n\t\t\t\t\t\tclass=\" wd-social-icons wd-style-default wd-size-small social-share wd-shape-circle color-scheme-light text-center\">\n\t\t\t\t\n\t\t\t\t\n\t\t\t\t\t\t\t\t\t<a rel=\"noopener noreferrer nofollow\" href=\"https:\/\/www.facebook.com\/sharer\/sharer.php?u=https:\/\/revistaexpofrio.com\/anwo-y-samsung-lanzan-alianza-para-climatizacion-comercial-en-chile\/\" target=\"_blank\" class=\" wd-social-icon social-facebook\" aria-label=\"Facebook social link\">\n\t\t\t\t\t\t<span class=\"wd-icon\"><\/span>\n\t\t\t\t\t\t\t\t\t\t\t<\/a>\n\t\t\t\t\n\t\t\t\t\t\t\t\t\t<a rel=\"noopener noreferrer nofollow\" href=\"https:\/\/x.com\/share?url=https:\/\/revistaexpofrio.com\/anwo-y-samsung-lanzan-alianza-para-climatizacion-comercial-en-chile\/\" target=\"_blank\" class=\" wd-social-icon social-twitter\" aria-label=\"X social link\">\n\t\t\t\t\t\t<span class=\"wd-icon\"><\/span>\n\t\t\t\t\t\t\t\t\t\t\t<\/a>\n\t\t\t\t\n\t\t\t\t\n\t\t\t\t\n\t\t\t\t\n\t\t\t\t\n\t\t\t\t\n\t\t\t\t\t\t\t\t\t<a rel=\"noopener noreferrer nofollow\" href=\"https:\/\/pinterest.com\/pin\/create\/button\/?url=https:\/\/revistaexpofrio.com\/anwo-y-samsung-lanzan-alianza-para-climatizacion-comercial-en-chile\/&media=https:\/\/revistaexpofrio.com\/wp-content\/uploads\/2026\/03\/ANWO-y-Samsung.webp&description=ANWO+y+Samsung+lanzan+alianza+para+climatizaci%C3%B3n+comercial+en+Chile\" target=\"_blank\" class=\" wd-social-icon social-pinterest\" aria-label=\"Pinterest social link\">\n\t\t\t\t\t\t<span class=\"wd-icon\"><\/span>\n\t\t\t\t\t\t\t\t\t\t\t<\/a>\n\t\t\t\t\n\t\t\t\t\n\t\t\t\t\t\t\t\t\t<a rel=\"noopener noreferrer nofollow\" href=\"https:\/\/www.linkedin.com\/shareArticle?mini=true&url=https:\/\/revistaexpofrio.com\/anwo-y-samsung-lanzan-alianza-para-climatizacion-comercial-en-chile\/\" target=\"_blank\" class=\" wd-social-icon social-linkedin\" aria-label=\"Linkedin social link\">\n\t\t\t\t\t\t<span class=\"wd-icon\"><\/span>\n\t\t\t\t\t\t\t\t\t\t\t<\/a>\n\t\t\t\t\n\t\t\t\t\n\t\t\t\t\n\t\t\t\t\n\t\t\t\t\n\t\t\t\t\n\t\t\t\t\n\t\t\t\t\n\t\t\t\t\n\t\t\t\t\n\t\t\t\t\n\t\t\t\t\n\t\t\t\t\n\t\t\t\t\n\t\t\t\t\n\t\t\t\t\t\t\t\t\t<a rel=\"noopener noreferrer nofollow\" href=\"https:\/\/telegram.me\/share\/url?url=https:\/\/revistaexpofrio.com\/anwo-y-samsung-lanzan-alianza-para-climatizacion-comercial-en-chile\/\" target=\"_blank\" class=\" wd-social-icon social-tg\" aria-label=\"Telegram social link\">\n\t\t\t\t\t\t<span class=\"wd-icon\"><\/span>\n\t\t\t\t\t\t\t\t\t\t\t<\/a>\n\t\t\t\t\n\t\t\t\t\n\t\t\t<\/div>\n\n\t\t\t\t\t\t\t\t\t\t<\/div>\n\t\t\t\t\t\t\t\t<div class=\"tooltip-arrow\"><\/div>\n\t\t\t\t\t\t\t<\/div>\n\t\t\t\t\t\t<\/div>\n\t\t\t\t\t\n\t\t\t\t\t\t\t\t\t\t\t\t\t\t\t\t\t<div class=\"wd-post-reply wd-style-1\">\n\t\t\t\t\t\t\t<a href=\"https:\/\/revistaexpofrio.com\/anwo-y-samsung-lanzan-alianza-para-climatizacion-comercial-en-chile\/#respond\"><span class=\"wd-replies-count\">0<\/span><\/a>\t\t\t\t\t\t<\/div>\n\t\t\t\t\t\t\t\t\t<\/div>\n\t\t\t\n\t\t\t\t\t\t\t\t\t\t\t\t<div class=\"wd-post-excerpt entry-content\">\n\t\t\t\t\t\tLa alianza busca fortalecer soluciones HVAC comerciales en Chile, combinando tecnolog\u00eda de Samsung con la experiencia de ANWO en el mer...\t\t\t\t\t<\/div>\n\t\t\t\t\n\t\t\t\t\t\t\t\t\t\t\t\t\t\t<div class=\"wd-post-read-more wd-style-link read-more-section\">\n\t\t\t\t\t\t<a class=\"\" href=\"https:\/\/revistaexpofrio.com\/anwo-y-samsung-lanzan-alianza-para-climatizacion-comercial-en-chile\/\">Continue reading<\/a>\t\t\t\t\t<\/div>\n\t\t\t\t\t\t\t\t\t\t\t\t\t<\/div>\n\t<\/div>\n<\/article>\n\n\t\t\t\t\t\t\t\t\t\t\t\n<article id=\"post-21905\" class=\"wd-post blog-design-masonry blog-post-loop blog-style-bg wd-add-shadow wd-col post-21905 post type-post status-publish format-standard has-post-thumbnail hentry category-aire-acondicionado category-mundo-hvacr category-noticias tag-brasil tag-capacitacion-hvac tag-lg-electronics\">\n\t<div class=\"wd-post-inner article-inner\">\n\t\t\t\t\t<div class=\"wd-post-thumb entry-header\">\n\t\t\t\t\t\t\t\t\t<div class=\"wd-post-img post-img-wrapp\">\n\t\t\t\t\t\t<img width=\"975\" height=\"548\" src=\"https:\/\/revistaexpofrio.com\/wp-content\/themes\/woodmart\/images\/lazy.svg\" class=\"attachment-large size-large\" alt=\"LG capacitaci\u00f3n Brasil\" decoding=\"async\" srcset=\"\" sizes=\"(max-width: 975px) 100vw, 975px\" data-src=\"https:\/\/revistaexpofrio.com\/wp-content\/uploads\/2026\/03\/pe7yt9dt1fqnonfribb3opwqie8p6rej.webp\" data-srcset=\"https:\/\/revistaexpofrio.com\/wp-content\/uploads\/2026\/03\/pe7yt9dt1fqnonfribb3opwqie8p6rej.webp 975w, https:\/\/revistaexpofrio.com\/wp-content\/uploads\/2026\/03\/pe7yt9dt1fqnonfribb3opwqie8p6rej-300x169.webp 300w, https:\/\/revistaexpofrio.com\/wp-content\/uploads\/2026\/03\/pe7yt9dt1fqnonfribb3opwqie8p6rej-768x432.webp 768w\" \/>\t\t\t\t\t<\/div>\n\t\t\t\t\t\t\t\t\t\t<a class=\"wd-fill\" tabindex=\"-1\" href=\"https:\/\/revistaexpofrio.com\/lg-amplia-capacitacion-tecnica-y-red-de-instaladores-en-brasil\/\" aria-label=\"Link on post LG ampl\u00eda capacitaci\u00f3n t\u00e9cnica y red de instaladores en Brasil\"><\/a>\n\t\t\t\t\n\t\t\t\t\t\t\t\t\t\t\t\t<div class=\"wd-post-date wd-style-with-bg\">\n\t\t\t\t<span class=\"post-date-day\">\n\t\t\t\t\t07\t\t\t\t<\/span>\n\t\t\t\t<span class=\"post-date-month\">\n\t\t\t\t\tMar\t\t\t\t<\/span>\n\t\t\t<\/div>\n\t\t\t\t\t\t\t\t\t<\/div>\n\t\t\n\t\t<div class=\"wd-post-content article-body-container\">\n\t\t\t\t\t\t\t<div class=\"wd-post-cat wd-style-with-bg meta-post-categories\">\n\t\t\t\t\t<a href=\"https:\/\/revistaexpofrio.com\/category\/aire-acondicionado\/\" rel=\"category tag\">Aire Acondicionado<\/a>, <a href=\"https:\/\/revistaexpofrio.com\/category\/mundo-hvacr\/\" rel=\"category tag\">Internacional<\/a>, <a href=\"https:\/\/revistaexpofrio.com\/category\/noticias\/\" rel=\"category tag\">Noticias HVAC-R<\/a>\t\t\t\t<\/div>\n\t\t\t\n\t\t\t\t\t\t\t<h3 class=\"wd-post-title wd-entities-title title post-title\">\n\t\t\t\t\t<a href=\"https:\/\/revistaexpofrio.com\/lg-amplia-capacitacion-tecnica-y-red-de-instaladores-en-brasil\/\" rel=\"bookmark\">LG ampl\u00eda capacitaci\u00f3n t\u00e9cnica y red de instaladores en Brasil<\/a>\n\t\t\t\t<\/h3>\n\t\t\t\n\t\t\t\t\t\t\t<div class=\"wd-post-meta\">\n\t\t\t\t\t\t\t\t\t\t\t\t\t\t\t<div class=\"wd-post-author\">\n\t\t\t\t\t\t\t\t\t\t\t<span>Posted by<\/span>\n\t\t\n\t\t\t\t\t<img width=\"18\" height=\"18\" src=\"https:\/\/revistaexpofrio.com\/wp-content\/themes\/woodmart\/images\/lazy.svg\" class=\"avatar avatar-18 photo\" alt=\"author-avatar\" decoding=\"async\" srcset=\"\" sizes=\"(max-width: 18px) 100vw, 18px\" data-src=\"https:\/\/revistaexpofrio.com\/wp-content\/uploads\/2026\/01\/Foto-carnet.jpg-150x150.jpeg\" data-srcset=\"https:\/\/revistaexpofrio.com\/wp-content\/uploads\/2026\/01\/Foto-carnet.jpg-150x150.jpeg 150w, https:\/\/revistaexpofrio.com\/wp-content\/uploads\/2026\/01\/Foto-carnet.jpg-300x300.jpeg 300w, https:\/\/revistaexpofrio.com\/wp-content\/uploads\/2026\/01\/Foto-carnet.jpg-768x768.jpeg 768w, https:\/\/revistaexpofrio.com\/wp-content\/uploads\/2026\/01\/Foto-carnet.jpg.jpeg 800w\" \/>\t\t\n\t\t\t\t\t<a href=\"https:\/\/revistaexpofrio.com\/author\/carlos-hijar\/\" class=\"author\" rel=\"author\">Carlos H\u00edjar<\/a>\n\t\t\t\t\t\t\t\t\t<\/div>\n\t\t\t\t\t<div class=\"wd-modified-date\">\n\t\t\t\t\t\t\t\t<time class=\"updated\" datetime=\"2026-03-07T10:39:22-05:00\">\n\t\t\t7 marzo, 2026\t\t<\/time>\n\t\t\t\t\t\t\t<\/div>\n\n\t\t\t\t\t\t\t\t\t\t\t<div tabindex=\"0\" class=\"wd-post-share wd-tltp\">\n\t\t\t\t\t\t\t<div class=\"tooltip top\">\n\t\t\t\t\t\t\t\t<div class=\"tooltip-inner\">\n\t\t\t\t\t\t\t\t\t\t\t\t<div\n\t\t\t\t\t\tclass=\" wd-social-icons wd-style-default wd-size-small social-share wd-shape-circle color-scheme-light text-center\">\n\t\t\t\t\n\t\t\t\t\n\t\t\t\t\t\t\t\t\t<a rel=\"noopener noreferrer nofollow\" href=\"https:\/\/www.facebook.com\/sharer\/sharer.php?u=https:\/\/revistaexpofrio.com\/lg-amplia-capacitacion-tecnica-y-red-de-instaladores-en-brasil\/\" target=\"_blank\" class=\" wd-social-icon social-facebook\" aria-label=\"Facebook social link\">\n\t\t\t\t\t\t<span class=\"wd-icon\"><\/span>\n\t\t\t\t\t\t\t\t\t\t\t<\/a>\n\t\t\t\t\n\t\t\t\t\t\t\t\t\t<a rel=\"noopener noreferrer nofollow\" href=\"https:\/\/x.com\/share?url=https:\/\/revistaexpofrio.com\/lg-amplia-capacitacion-tecnica-y-red-de-instaladores-en-brasil\/\" target=\"_blank\" class=\" wd-social-icon social-twitter\" aria-label=\"X social link\">\n\t\t\t\t\t\t<span class=\"wd-icon\"><\/span>\n\t\t\t\t\t\t\t\t\t\t\t<\/a>\n\t\t\t\t\n\t\t\t\t\n\t\t\t\t\n\t\t\t\t\n\t\t\t\t\n\t\t\t\t\n\t\t\t\t\t\t\t\t\t<a rel=\"noopener noreferrer nofollow\" href=\"https:\/\/pinterest.com\/pin\/create\/button\/?url=https:\/\/revistaexpofrio.com\/lg-amplia-capacitacion-tecnica-y-red-de-instaladores-en-brasil\/&media=https:\/\/revistaexpofrio.com\/wp-content\/uploads\/2026\/03\/pe7yt9dt1fqnonfribb3opwqie8p6rej.webp&description=LG+ampl%C3%ADa+capacitaci%C3%B3n+t%C3%A9cnica+y+red+de+instaladores+en+Brasil\" target=\"_blank\" class=\" wd-social-icon social-pinterest\" aria-label=\"Pinterest social link\">\n\t\t\t\t\t\t<span class=\"wd-icon\"><\/span>\n\t\t\t\t\t\t\t\t\t\t\t<\/a>\n\t\t\t\t\n\t\t\t\t\n\t\t\t\t\t\t\t\t\t<a rel=\"noopener noreferrer nofollow\" href=\"https:\/\/www.linkedin.com\/shareArticle?mini=true&url=https:\/\/revistaexpofrio.com\/lg-amplia-capacitacion-tecnica-y-red-de-instaladores-en-brasil\/\" target=\"_blank\" class=\" wd-social-icon social-linkedin\" aria-label=\"Linkedin social link\">\n\t\t\t\t\t\t<span class=\"wd-icon\"><\/span>\n\t\t\t\t\t\t\t\t\t\t\t<\/a>\n\t\t\t\t\n\t\t\t\t\n\t\t\t\t\n\t\t\t\t\n\t\t\t\t\n\t\t\t\t\n\t\t\t\t\n\t\t\t\t\n\t\t\t\t\n\t\t\t\t\n\t\t\t\t\n\t\t\t\t\n\t\t\t\t\n\t\t\t\t\n\t\t\t\t\n\t\t\t\t\t\t\t\t\t<a rel=\"noopener noreferrer nofollow\" href=\"https:\/\/telegram.me\/share\/url?url=https:\/\/revistaexpofrio.com\/lg-amplia-capacitacion-tecnica-y-red-de-instaladores-en-brasil\/\" target=\"_blank\" class=\" wd-social-icon social-tg\" aria-label=\"Telegram social link\">\n\t\t\t\t\t\t<span class=\"wd-icon\"><\/span>\n\t\t\t\t\t\t\t\t\t\t\t<\/a>\n\t\t\t\t\n\t\t\t\t\n\t\t\t<\/div>\n\n\t\t\t\t\t\t\t\t\t\t<\/div>\n\t\t\t\t\t\t\t\t<div class=\"tooltip-arrow\"><\/div>\n\t\t\t\t\t\t\t<\/div>\n\t\t\t\t\t\t<\/div>\n\t\t\t\t\t\n\t\t\t\t\t\t\t\t\t\t\t\t\t\t\t\t\t<div class=\"wd-post-reply wd-style-1\">\n\t\t\t\t\t\t\t<a href=\"https:\/\/revistaexpofrio.com\/lg-amplia-capacitacion-tecnica-y-red-de-instaladores-en-brasil\/#comments\"><span class=\"wd-replies-count\">1<\/span><\/a>\t\t\t\t\t\t<\/div>\n\t\t\t\t\t\t\t\t\t<\/div>\n\t\t\t\n\t\t\t\t\t\t\t\t\t\t\t\t<div class=\"wd-post-excerpt entry-content\">\n\t\t\t\t\t\tLa empresa fortalece su estrategia en Brasil con formaci\u00f3n t\u00e9cnica, expansi\u00f3n de instaladores certificados y nuevos servicios posventa ...\t\t\t\t\t<\/div>\n\t\t\t\t\n\t\t\t\t\t\t\t\t\t\t\t\t\t\t<div class=\"wd-post-read-more wd-style-link read-more-section\">\n\t\t\t\t\t\t<a class=\"\" href=\"https:\/\/revistaexpofrio.com\/lg-amplia-capacitacion-tecnica-y-red-de-instaladores-en-brasil\/\">Continue reading<\/a>\t\t\t\t\t<\/div>\n\t\t\t\t\t\t\t\t\t\t\t\t\t<\/div>\n\t<\/div>\n<\/article>\n\n\t\t\t\t\t\t\t\t\t\t\t\n<article id=\"post-21877\" class=\"wd-post blog-design-masonry blog-post-loop blog-style-bg wd-add-shadow wd-col post-21877 post type-post status-publish format-standard has-post-thumbnail hentry category-actualidad category-aire-acondicionado category-nacional tag-3er-aniversario tag-hvac-r-2 tag-ice-360 tag-navac tag-value\">\n\t<div class=\"wd-post-inner article-inner\">\n\t\t\t\t\t<div class=\"wd-post-thumb entry-header\">\n\t\t\t\t\t\t\t\t\t<div class=\"wd-post-img post-img-wrapp\">\n\t\t\t\t\t\t<img width=\"1024\" height=\"537\" src=\"https:\/\/revistaexpofrio.com\/wp-content\/themes\/woodmart\/images\/lazy.svg\" class=\"attachment-large size-large\" alt=\"ICE 360\" decoding=\"async\" srcset=\"\" sizes=\"(max-width: 1024px) 100vw, 1024px\" data-src=\"https:\/\/revistaexpofrio.com\/wp-content\/uploads\/2026\/03\/ICE-360-1024x537.webp\" data-srcset=\"https:\/\/revistaexpofrio.com\/wp-content\/uploads\/2026\/03\/ICE-360-1024x537.webp 1024w, https:\/\/revistaexpofrio.com\/wp-content\/uploads\/2026\/03\/ICE-360-300x157.webp 300w, https:\/\/revistaexpofrio.com\/wp-content\/uploads\/2026\/03\/ICE-360-768x402.webp 768w, https:\/\/revistaexpofrio.com\/wp-content\/uploads\/2026\/03\/ICE-360.webp 1080w\" \/>\t\t\t\t\t<\/div>\n\t\t\t\t\t\t\t\t\t\t<a class=\"wd-fill\" tabindex=\"-1\" href=\"https:\/\/revistaexpofrio.com\/ice-360-celebra-tres-anos-con-apuesta-firme-por-la-innovacion-y-expansion\/\" aria-label=\"Link on post ICE 360 celebra tres a\u00f1os con apuesta firme por la innovaci\u00f3n y expansi\u00f3n\"><\/a>\n\t\t\t\t\n\t\t\t\t\t\t\t\t\t\t\t\t<div class=\"wd-post-date wd-style-with-bg\">\n\t\t\t\t<span class=\"post-date-day\">\n\t\t\t\t\t03\t\t\t\t<\/span>\n\t\t\t\t<span class=\"post-date-month\">\n\t\t\t\t\tMar\t\t\t\t<\/span>\n\t\t\t<\/div>\n\t\t\t\t\t\t\t\t\t<\/div>\n\t\t\n\t\t<div class=\"wd-post-content article-body-container\">\n\t\t\t\t\t\t\t<div class=\"wd-post-cat wd-style-with-bg meta-post-categories\">\n\t\t\t\t\t<a href=\"https:\/\/revistaexpofrio.com\/category\/actualidad\/\" rel=\"category tag\">Actualidad<\/a>, <a href=\"https:\/\/revistaexpofrio.com\/category\/aire-acondicionado\/\" rel=\"category tag\">Aire Acondicionado<\/a>, <a href=\"https:\/\/revistaexpofrio.com\/category\/nacional\/\" rel=\"category tag\">Nacional<\/a>\t\t\t\t<\/div>\n\t\t\t\n\t\t\t\t\t\t\t<h3 class=\"wd-post-title wd-entities-title title post-title\">\n\t\t\t\t\t<a href=\"https:\/\/revistaexpofrio.com\/ice-360-celebra-tres-anos-con-apuesta-firme-por-la-innovacion-y-expansion\/\" rel=\"bookmark\">ICE 360 celebra tres a\u00f1os con apuesta firme por la innovaci\u00f3n y expansi\u00f3n<\/a>\n\t\t\t\t<\/h3>\n\t\t\t\n\t\t\t\t\t\t\t<div class=\"wd-post-meta\">\n\t\t\t\t\t\t\t\t\t\t\t\t\t\t\t<div class=\"wd-post-author\">\n\t\t\t\t\t\t\t\t\t\t\t<span>Posted by<\/span>\n\t\t\n\t\t\t\t\t<img width=\"18\" height=\"18\" src=\"https:\/\/revistaexpofrio.com\/wp-content\/themes\/woodmart\/images\/lazy.svg\" class=\"avatar avatar-18 photo\" alt=\"author-avatar\" decoding=\"async\" srcset=\"\" sizes=\"(max-width: 18px) 100vw, 18px\" data-src=\"https:\/\/revistaexpofrio.com\/wp-content\/uploads\/2026\/01\/Alfredo-Palacios-150x150.webp\" data-srcset=\"https:\/\/revistaexpofrio.com\/wp-content\/uploads\/2026\/01\/Alfredo-Palacios-150x150.webp 150w, https:\/\/revistaexpofrio.com\/wp-content\/uploads\/2026\/01\/Alfredo-Palacios-300x300.webp 300w, https:\/\/revistaexpofrio.com\/wp-content\/uploads\/2026\/01\/Alfredo-Palacios-768x768.webp 768w, https:\/\/revistaexpofrio.com\/wp-content\/uploads\/2026\/01\/Alfredo-Palacios.webp 1024w\" \/>\t\t\n\t\t\t\t\t<a href=\"https:\/\/revistaexpofrio.com\/author\/alfredoadmin\/\" class=\"author\" rel=\"author\">Alfedo Palacios<\/a>\n\t\t\t\t\t\t\t\t\t<\/div>\n\t\t\t\t\t<div class=\"wd-modified-date\">\n\t\t\t\t\t\t\t\t<time class=\"updated\" datetime=\"2026-03-03T17:46:03-05:00\">\n\t\t\t3 marzo, 2026\t\t<\/time>\n\t\t\t\t\t\t\t<\/div>\n\n\t\t\t\t\t\t\t\t\t\t\t<div tabindex=\"0\" class=\"wd-post-share wd-tltp\">\n\t\t\t\t\t\t\t<div class=\"tooltip top\">\n\t\t\t\t\t\t\t\t<div class=\"tooltip-inner\">\n\t\t\t\t\t\t\t\t\t\t\t\t<div\n\t\t\t\t\t\tclass=\" wd-social-icons wd-style-default wd-size-small social-share wd-shape-circle color-scheme-light text-center\">\n\t\t\t\t\n\t\t\t\t\n\t\t\t\t\t\t\t\t\t<a rel=\"noopener noreferrer nofollow\" href=\"https:\/\/www.facebook.com\/sharer\/sharer.php?u=https:\/\/revistaexpofrio.com\/ice-360-celebra-tres-anos-con-apuesta-firme-por-la-innovacion-y-expansion\/\" target=\"_blank\" class=\" wd-social-icon social-facebook\" aria-label=\"Facebook social link\">\n\t\t\t\t\t\t<span class=\"wd-icon\"><\/span>\n\t\t\t\t\t\t\t\t\t\t\t<\/a>\n\t\t\t\t\n\t\t\t\t\t\t\t\t\t<a rel=\"noopener noreferrer nofollow\" href=\"https:\/\/x.com\/share?url=https:\/\/revistaexpofrio.com\/ice-360-celebra-tres-anos-con-apuesta-firme-por-la-innovacion-y-expansion\/\" target=\"_blank\" class=\" wd-social-icon social-twitter\" aria-label=\"X social link\">\n\t\t\t\t\t\t<span class=\"wd-icon\"><\/span>\n\t\t\t\t\t\t\t\t\t\t\t<\/a>\n\t\t\t\t\n\t\t\t\t\n\t\t\t\t\n\t\t\t\t\n\t\t\t\t\n\t\t\t\t\n\t\t\t\t\t\t\t\t\t<a rel=\"noopener noreferrer nofollow\" href=\"https:\/\/pinterest.com\/pin\/create\/button\/?url=https:\/\/revistaexpofrio.com\/ice-360-celebra-tres-anos-con-apuesta-firme-por-la-innovacion-y-expansion\/&media=https:\/\/revistaexpofrio.com\/wp-content\/uploads\/2026\/03\/ICE-360.webp&description=ICE+360+celebra+tres+a%C3%B1os+con+apuesta+firme+por+la+innovaci%C3%B3n+y+expansi%C3%B3n\" target=\"_blank\" class=\" wd-social-icon social-pinterest\" aria-label=\"Pinterest social link\">\n\t\t\t\t\t\t<span class=\"wd-icon\"><\/span>\n\t\t\t\t\t\t\t\t\t\t\t<\/a>\n\t\t\t\t\n\t\t\t\t\n\t\t\t\t\t\t\t\t\t<a rel=\"noopener noreferrer nofollow\" href=\"https:\/\/www.linkedin.com\/shareArticle?mini=true&url=https:\/\/revistaexpofrio.com\/ice-360-celebra-tres-anos-con-apuesta-firme-por-la-innovacion-y-expansion\/\" target=\"_blank\" class=\" wd-social-icon social-linkedin\" aria-label=\"Linkedin social link\">\n\t\t\t\t\t\t<span class=\"wd-icon\"><\/span>\n\t\t\t\t\t\t\t\t\t\t\t<\/a>\n\t\t\t\t\n\t\t\t\t\n\t\t\t\t\n\t\t\t\t\n\t\t\t\t\n\t\t\t\t\n\t\t\t\t\n\t\t\t\t\n\t\t\t\t\n\t\t\t\t\n\t\t\t\t\n\t\t\t\t\n\t\t\t\t\n\t\t\t\t\n\t\t\t\t\n\t\t\t\t\t\t\t\t\t<a rel=\"noopener noreferrer nofollow\" href=\"https:\/\/telegram.me\/share\/url?url=https:\/\/revistaexpofrio.com\/ice-360-celebra-tres-anos-con-apuesta-firme-por-la-innovacion-y-expansion\/\" target=\"_blank\" class=\" wd-social-icon social-tg\" aria-label=\"Telegram social link\">\n\t\t\t\t\t\t<span class=\"wd-icon\"><\/span>\n\t\t\t\t\t\t\t\t\t\t\t<\/a>\n\t\t\t\t\n\t\t\t\t\n\t\t\t<\/div>\n\n\t\t\t\t\t\t\t\t\t\t<\/div>\n\t\t\t\t\t\t\t\t<div class=\"tooltip-arrow\"><\/div>\n\t\t\t\t\t\t\t<\/div>\n\t\t\t\t\t\t<\/div>\n\t\t\t\t\t\n\t\t\t\t\t\t\t\t\t\t\t\t\t\t\t\t\t<div class=\"wd-post-reply wd-style-1\">\n\t\t\t\t\t\t\t<a href=\"https:\/\/revistaexpofrio.com\/ice-360-celebra-tres-anos-con-apuesta-firme-por-la-innovacion-y-expansion\/#respond\"><span class=\"wd-replies-count\">0<\/span><\/a>\t\t\t\t\t\t<\/div>\n\t\t\t\t\t\t\t\t\t<\/div>\n\t\t\t\n\t\t\t\t\t\t\t\t\t\t\t\t<div class=\"wd-post-excerpt entry-content\">\n\t\t\t\t\t\tLa empresa conmemor\u00f3 su tercer aniversario reafirmando su apuesta por la digitalizaci\u00f3n de ventas y la expansi\u00f3n de sus marcas propias ...\t\t\t\t\t<\/div>\n\t\t\t\t\n\t\t\t\t\t\t\t\t\t\t\t\t\t\t<div class=\"wd-post-read-more wd-style-link read-more-section\">\n\t\t\t\t\t\t<a class=\"\" href=\"https:\/\/revistaexpofrio.com\/ice-360-celebra-tres-anos-con-apuesta-firme-por-la-innovacion-y-expansion\/\">Continue reading<\/a>\t\t\t\t\t<\/div>\n\t\t\t\t\t\t\t\t\t\t\t\t\t<\/div>\n\t<\/div>\n<\/article>\n\n\t\t\t\t\t\n\t\t\t\t\t","status":"have-posts","nextPage":"https:\/\/revistaexpofrio.com\/category\/aire-acondicionado\/page\/3\/?woo_ajax=1","currentPage":"https:\/\/revistaexpofrio.com\/category\/aire-acondicionado\/page\/2"}