
			
				

					
				

			
		{"items":"\n\t\t\t\t\t\t\t\t\t\t\t\t\t\t<link rel=\"stylesheet\" id=\"wd-post-types-mod-categories-style-bg-css\" href=\"https:\/\/revistaexpofrio.com\/wp-content\/themes\/woodmart\/css\/parts\/post-types-mod-categories-style-bg.min.css?ver=8.3.4\" type=\"text\/css\" media=\"all\" \/> \t\t\t\n<article id=\"post-19052\" class=\"wd-post blog-design-masonry blog-post-loop blog-style-bg wd-add-shadow wd-col post-19052 post type-post status-publish format-standard has-post-thumbnail hentry category-sin-categoria\">\n\t<div class=\"wd-post-inner article-inner\">\n\t\t\t\t\t<div class=\"wd-post-thumb entry-header\">\n\t\t\t\t\t\t\t\t\t<div class=\"wd-post-img post-img-wrapp\">\n\t\t\t\t\t\t\t\t\t\t\t<\/div>\n\t\t\t\t\t\t\t\t\t\t<a class=\"wd-fill\" tabindex=\"-1\" href=\"https:\/\/revistaexpofrio.com\/vega-movil-reduce-casi-50-de-su-factura-electrica-gracias-a-la-automatizacion-inteligente\/\" aria-label=\"Link on post Vega M\u00f3vil reduce casi 50% de su factura el\u00e9ctrica gracias a la automatizaci\u00f3n inteligente\"><\/a>\n\t\t\t\t\n\t\t\t\t\t\t\t\t\t\t\t\t<link rel=\"stylesheet\" id=\"wd-post-types-mod-date-style-bg-css\" href=\"https:\/\/revistaexpofrio.com\/wp-content\/themes\/woodmart\/css\/parts\/post-types-mod-date-style-bg.min.css?ver=8.3.4\" type=\"text\/css\" media=\"all\" \/> \t\t\t\t\t\t<div class=\"wd-post-date wd-style-with-bg\">\n\t\t\t\t<span class=\"post-date-day\">\n\t\t\t\t\t05\t\t\t\t<\/span>\n\t\t\t\t<span class=\"post-date-month\">\n\t\t\t\t\tJun\t\t\t\t<\/span>\n\t\t\t<\/div>\n\t\t\t\t\t\t\t\t\t<\/div>\n\t\t\n\t\t<div class=\"wd-post-content article-body-container\">\n\t\t\t\t\t\t\t<div class=\"wd-post-cat wd-style-with-bg meta-post-categories\">\n\t\t\t\t\t<a href=\"https:\/\/revistaexpofrio.com\/category\/sin-categoria\/\" rel=\"category tag\">Sin categor\u00eda<\/a>\t\t\t\t<\/div>\n\t\t\t\n\t\t\t\t\t\t\t<h3 class=\"wd-post-title wd-entities-title title post-title\">\n\t\t\t\t\t<a href=\"https:\/\/revistaexpofrio.com\/vega-movil-reduce-casi-50-de-su-factura-electrica-gracias-a-la-automatizacion-inteligente\/\" rel=\"bookmark\">Vega M\u00f3vil reduce casi 50% de su factura el\u00e9ctrica gracias a la automatizaci\u00f3n inteligente<\/a>\n\t\t\t\t<\/h3>\n\t\t\t\n\t\t\t\t\t\t\t<div class=\"wd-post-meta\">\n\t\t\t\t\t\t\t\t\t\t\t\t\t<link rel=\"stylesheet\" id=\"wd-blog-mod-author-css\" href=\"https:\/\/revistaexpofrio.com\/wp-content\/themes\/woodmart\/css\/parts\/blog-mod-author.min.css?ver=8.3.4\" type=\"text\/css\" media=\"all\" \/> \t\t\t\t\t\t\t\t<div class=\"wd-post-author\">\n\t\t\t\t\t\t\t\t\t\t\t<span>Posted by<\/span>\n\t\t\n\t\t\t\t\t<img width=\"18\" height=\"18\" src=\"https:\/\/revistaexpofrio.com\/wp-content\/themes\/woodmart\/images\/lazy.svg\" class=\"avatar avatar-18 photo\" alt=\"author-avatar\" decoding=\"async\" srcset=\"\" sizes=\"(max-width: 18px) 100vw, 18px\" data-src=\"https:\/\/revistaexpofrio.com\/wp-content\/uploads\/2026\/01\/Foto-carnet.jpg-150x150.jpeg\" data-srcset=\"https:\/\/revistaexpofrio.com\/wp-content\/uploads\/2026\/01\/Foto-carnet.jpg-150x150.jpeg 150w, https:\/\/revistaexpofrio.com\/wp-content\/uploads\/2026\/01\/Foto-carnet.jpg-300x300.jpeg 300w, https:\/\/revistaexpofrio.com\/wp-content\/uploads\/2026\/01\/Foto-carnet.jpg-768x768.jpeg 768w, https:\/\/revistaexpofrio.com\/wp-content\/uploads\/2026\/01\/Foto-carnet.jpg.jpeg 800w\" \/>\t\t\n\t\t\t\t\t<a href=\"https:\/\/revistaexpofrio.com\/author\/carlos-hijar\/\" class=\"author\" rel=\"author\">Carlos H\u00edjar<\/a>\n\t\t\t\t\t\t\t\t\t<\/div>\n\t\t\t\t\t<div class=\"wd-modified-date\">\n\t\t\t\t\t\t\t\t<time class=\"updated\" datetime=\"2025-06-05T13:13:38-05:00\">\n\t\t\t5 junio, 2025\t\t<\/time>\n\t\t\t\t\t\t\t<\/div>\n\n\t\t\t\t\t\t\t\t\t\t\t<div tabindex=\"0\" class=\"wd-post-share wd-tltp\">\n\t\t\t\t\t\t\t<div class=\"tooltip top\">\n\t\t\t\t\t\t\t\t<div class=\"tooltip-inner\">\n\t\t\t\t\t\t\t\t\t\t\t\t<link rel=\"stylesheet\" id=\"wd-social-icons-css\" href=\"https:\/\/revistaexpofrio.com\/wp-content\/themes\/woodmart\/css\/parts\/el-social-icons.min.css?ver=8.3.4\" type=\"text\/css\" media=\"all\" \/> \t\t\t\t\t\t<div\n\t\t\t\t\t\tclass=\" wd-social-icons wd-style-default wd-size-small social-share wd-shape-circle color-scheme-light text-center\">\n\t\t\t\t\n\t\t\t\t\n\t\t\t\t\t\t\t\t\t<a rel=\"noopener noreferrer nofollow\" href=\"https:\/\/www.facebook.com\/sharer\/sharer.php?u=https:\/\/revistaexpofrio.com\/vega-movil-reduce-casi-50-de-su-factura-electrica-gracias-a-la-automatizacion-inteligente\/\" target=\"_blank\" class=\" wd-social-icon social-facebook\" aria-label=\"Facebook social link\">\n\t\t\t\t\t\t<span class=\"wd-icon\"><\/span>\n\t\t\t\t\t\t\t\t\t\t\t<\/a>\n\t\t\t\t\n\t\t\t\t\t\t\t\t\t<a rel=\"noopener noreferrer nofollow\" href=\"https:\/\/x.com\/share?url=https:\/\/revistaexpofrio.com\/vega-movil-reduce-casi-50-de-su-factura-electrica-gracias-a-la-automatizacion-inteligente\/\" target=\"_blank\" class=\" wd-social-icon social-twitter\" aria-label=\"X social link\">\n\t\t\t\t\t\t<span class=\"wd-icon\"><\/span>\n\t\t\t\t\t\t\t\t\t\t\t<\/a>\n\t\t\t\t\n\t\t\t\t\n\t\t\t\t\n\t\t\t\t\n\t\t\t\t\n\t\t\t\t\n\t\t\t\t\t\t\t\t\t<a rel=\"noopener noreferrer nofollow\" href=\"https:\/\/pinterest.com\/pin\/create\/button\/?url=https:\/\/revistaexpofrio.com\/vega-movil-reduce-casi-50-de-su-factura-electrica-gracias-a-la-automatizacion-inteligente\/&media=https:\/\/revistaexpofrio.com\/wp-includes\/images\/media\/default.svg&description=Vega+M%C3%B3vil+reduce+casi+50%25+de+su+factura+el%C3%A9ctrica+gracias+a+la+automatizaci%C3%B3n+inteligente\" target=\"_blank\" class=\" wd-social-icon social-pinterest\" aria-label=\"Pinterest social link\">\n\t\t\t\t\t\t<span class=\"wd-icon\"><\/span>\n\t\t\t\t\t\t\t\t\t\t\t<\/a>\n\t\t\t\t\n\t\t\t\t\n\t\t\t\t\t\t\t\t\t<a rel=\"noopener noreferrer nofollow\" href=\"https:\/\/www.linkedin.com\/shareArticle?mini=true&url=https:\/\/revistaexpofrio.com\/vega-movil-reduce-casi-50-de-su-factura-electrica-gracias-a-la-automatizacion-inteligente\/\" target=\"_blank\" class=\" wd-social-icon social-linkedin\" aria-label=\"Linkedin social link\">\n\t\t\t\t\t\t<span class=\"wd-icon\"><\/span>\n\t\t\t\t\t\t\t\t\t\t\t<\/a>\n\t\t\t\t\n\t\t\t\t\n\t\t\t\t\n\t\t\t\t\n\t\t\t\t\n\t\t\t\t\n\t\t\t\t\n\t\t\t\t\n\t\t\t\t\n\t\t\t\t\n\t\t\t\t\n\t\t\t\t\n\t\t\t\t\n\t\t\t\t\n\t\t\t\t\n\t\t\t\t\t\t\t\t\t<a rel=\"noopener noreferrer nofollow\" href=\"https:\/\/telegram.me\/share\/url?url=https:\/\/revistaexpofrio.com\/vega-movil-reduce-casi-50-de-su-factura-electrica-gracias-a-la-automatizacion-inteligente\/\" target=\"_blank\" class=\" wd-social-icon social-tg\" aria-label=\"Telegram social link\">\n\t\t\t\t\t\t<span class=\"wd-icon\"><\/span>\n\t\t\t\t\t\t\t\t\t\t\t<\/a>\n\t\t\t\t\n\t\t\t\t\n\t\t\t<\/div>\n\n\t\t\t\t\t\t\t\t\t\t<\/div>\n\t\t\t\t\t\t\t\t<div class=\"tooltip-arrow\"><\/div>\n\t\t\t\t\t\t\t<\/div>\n\t\t\t\t\t\t<\/div>\n\t\t\t\t\t\n\t\t\t\t\t\t\t\t\t\t\t\t\t\t<link rel=\"stylesheet\" id=\"wd-blog-mod-comments-button-css\" href=\"https:\/\/revistaexpofrio.com\/wp-content\/themes\/woodmart\/css\/parts\/blog-mod-comments-button.min.css?ver=8.3.4\" type=\"text\/css\" media=\"all\" \/> \t\t\t\t\t\t\t\t\t<div class=\"wd-post-reply wd-style-1\">\n\t\t\t\t\t\t\t<a href=\"https:\/\/revistaexpofrio.com\/vega-movil-reduce-casi-50-de-su-factura-electrica-gracias-a-la-automatizacion-inteligente\/#respond\"><span class=\"wd-replies-count\">0<\/span><\/a>\t\t\t\t\t\t<\/div>\n\t\t\t\t\t\t\t\t\t<\/div>\n\t\t\t\n\t\t\t\t\t\t\t\t\t\t\t\t<div class=\"wd-post-excerpt entry-content\">\n\t\t\t\t\t\tLa propuesta de 360 Soluciones Tecnol\u00f3gicas de implementar dispositivos Aidoo Pro de Airzone fue determinante para lograr este caso de ...\t\t\t\t\t<\/div>\n\t\t\t\t\n\t\t\t\t\t\t\t\t\t\t\t\t\t\t<div class=\"wd-post-read-more wd-style-link read-more-section\">\n\t\t\t\t\t\t<a class=\"\" href=\"https:\/\/revistaexpofrio.com\/vega-movil-reduce-casi-50-de-su-factura-electrica-gracias-a-la-automatizacion-inteligente\/\">Continue reading<\/a>\t\t\t\t\t<\/div>\n\t\t\t\t\t\t\t\t\t\t\t\t\t<\/div>\n\t<\/div>\n<\/article>\n\n\t\t\t\t\t\t\t\t\t\t\t\n<article id=\"post-19073\" class=\"wd-post blog-design-masonry blog-post-loop blog-style-bg wd-add-shadow wd-col post-19073 post type-post status-publish format-standard has-post-thumbnail hentry category-sin-categoria\">\n\t<div class=\"wd-post-inner article-inner\">\n\t\t\t\t\t<div class=\"wd-post-thumb entry-header\">\n\t\t\t\t\t\t\t\t\t<div class=\"wd-post-img post-img-wrapp\">\n\t\t\t\t\t\t\t\t\t\t\t<\/div>\n\t\t\t\t\t\t\t\t\t\t<a class=\"wd-fill\" tabindex=\"-1\" href=\"https:\/\/revistaexpofrio.com\/iir-amplia-base-de-datos-sobre-mujeres-en-refrigeracion\/\" aria-label=\"Link on post IIR ampl\u00eda base de datos sobre mujeres en refrigeraci\u00f3n\"><\/a>\n\t\t\t\t\n\t\t\t\t\t\t\t\t\t\t\t\t<div class=\"wd-post-date wd-style-with-bg\">\n\t\t\t\t<span class=\"post-date-day\">\n\t\t\t\t\t26\t\t\t\t<\/span>\n\t\t\t\t<span class=\"post-date-month\">\n\t\t\t\t\tMay\t\t\t\t<\/span>\n\t\t\t<\/div>\n\t\t\t\t\t\t\t\t\t<\/div>\n\t\t\n\t\t<div class=\"wd-post-content article-body-container\">\n\t\t\t\t\t\t\t<div class=\"wd-post-cat wd-style-with-bg meta-post-categories\">\n\t\t\t\t\t<a href=\"https:\/\/revistaexpofrio.com\/category\/sin-categoria\/\" rel=\"category tag\">Sin categor\u00eda<\/a>\t\t\t\t<\/div>\n\t\t\t\n\t\t\t\t\t\t\t<h3 class=\"wd-post-title wd-entities-title title post-title\">\n\t\t\t\t\t<a href=\"https:\/\/revistaexpofrio.com\/iir-amplia-base-de-datos-sobre-mujeres-en-refrigeracion\/\" rel=\"bookmark\">IIR ampl\u00eda base de datos sobre mujeres en refrigeraci\u00f3n<\/a>\n\t\t\t\t<\/h3>\n\t\t\t\n\t\t\t\t\t\t\t<div class=\"wd-post-meta\">\n\t\t\t\t\t\t\t\t\t\t\t\t\t\t\t<div class=\"wd-post-author\">\n\t\t\t\t\t\t\t\t\t\t\t<span>Posted by<\/span>\n\t\t\n\t\t\t\t\t<img width=\"18\" height=\"18\" src=\"https:\/\/revistaexpofrio.com\/wp-content\/themes\/woodmart\/images\/lazy.svg\" class=\"avatar avatar-18 photo\" alt=\"author-avatar\" decoding=\"async\" srcset=\"\" sizes=\"(max-width: 18px) 100vw, 18px\" data-src=\"https:\/\/revistaexpofrio.com\/wp-content\/uploads\/2026\/01\/Foto-carnet.jpg-150x150.jpeg\" data-srcset=\"https:\/\/revistaexpofrio.com\/wp-content\/uploads\/2026\/01\/Foto-carnet.jpg-150x150.jpeg 150w, https:\/\/revistaexpofrio.com\/wp-content\/uploads\/2026\/01\/Foto-carnet.jpg-300x300.jpeg 300w, https:\/\/revistaexpofrio.com\/wp-content\/uploads\/2026\/01\/Foto-carnet.jpg-768x768.jpeg 768w, https:\/\/revistaexpofrio.com\/wp-content\/uploads\/2026\/01\/Foto-carnet.jpg.jpeg 800w\" \/>\t\t\n\t\t\t\t\t<a href=\"https:\/\/revistaexpofrio.com\/author\/carlos-hijar\/\" class=\"author\" rel=\"author\">Carlos H\u00edjar<\/a>\n\t\t\t\t\t\t\t\t\t<\/div>\n\t\t\t\t\t<div class=\"wd-modified-date\">\n\t\t\t\t\t\t\t\t<time class=\"updated\" datetime=\"2025-05-26T16:48:25-05:00\">\n\t\t\t26 mayo, 2025\t\t<\/time>\n\t\t\t\t\t\t\t<\/div>\n\n\t\t\t\t\t\t\t\t\t\t\t<div tabindex=\"0\" class=\"wd-post-share wd-tltp\">\n\t\t\t\t\t\t\t<div class=\"tooltip top\">\n\t\t\t\t\t\t\t\t<div class=\"tooltip-inner\">\n\t\t\t\t\t\t\t\t\t\t\t\t<div\n\t\t\t\t\t\tclass=\" wd-social-icons wd-style-default wd-size-small social-share wd-shape-circle color-scheme-light text-center\">\n\t\t\t\t\n\t\t\t\t\n\t\t\t\t\t\t\t\t\t<a rel=\"noopener noreferrer nofollow\" href=\"https:\/\/www.facebook.com\/sharer\/sharer.php?u=https:\/\/revistaexpofrio.com\/iir-amplia-base-de-datos-sobre-mujeres-en-refrigeracion\/\" target=\"_blank\" class=\" wd-social-icon social-facebook\" aria-label=\"Facebook social link\">\n\t\t\t\t\t\t<span class=\"wd-icon\"><\/span>\n\t\t\t\t\t\t\t\t\t\t\t<\/a>\n\t\t\t\t\n\t\t\t\t\t\t\t\t\t<a rel=\"noopener noreferrer nofollow\" href=\"https:\/\/x.com\/share?url=https:\/\/revistaexpofrio.com\/iir-amplia-base-de-datos-sobre-mujeres-en-refrigeracion\/\" target=\"_blank\" class=\" wd-social-icon social-twitter\" aria-label=\"X social link\">\n\t\t\t\t\t\t<span class=\"wd-icon\"><\/span>\n\t\t\t\t\t\t\t\t\t\t\t<\/a>\n\t\t\t\t\n\t\t\t\t\n\t\t\t\t\n\t\t\t\t\n\t\t\t\t\n\t\t\t\t\n\t\t\t\t\t\t\t\t\t<a rel=\"noopener noreferrer nofollow\" href=\"https:\/\/pinterest.com\/pin\/create\/button\/?url=https:\/\/revistaexpofrio.com\/iir-amplia-base-de-datos-sobre-mujeres-en-refrigeracion\/&media=https:\/\/revistaexpofrio.com\/wp-includes\/images\/media\/default.svg&description=IIR+ampl%C3%ADa+base+de+datos+sobre+mujeres+en+refrigeraci%C3%B3n\" target=\"_blank\" class=\" wd-social-icon social-pinterest\" aria-label=\"Pinterest social link\">\n\t\t\t\t\t\t<span class=\"wd-icon\"><\/span>\n\t\t\t\t\t\t\t\t\t\t\t<\/a>\n\t\t\t\t\n\t\t\t\t\n\t\t\t\t\t\t\t\t\t<a rel=\"noopener noreferrer nofollow\" href=\"https:\/\/www.linkedin.com\/shareArticle?mini=true&url=https:\/\/revistaexpofrio.com\/iir-amplia-base-de-datos-sobre-mujeres-en-refrigeracion\/\" target=\"_blank\" class=\" wd-social-icon social-linkedin\" aria-label=\"Linkedin social link\">\n\t\t\t\t\t\t<span class=\"wd-icon\"><\/span>\n\t\t\t\t\t\t\t\t\t\t\t<\/a>\n\t\t\t\t\n\t\t\t\t\n\t\t\t\t\n\t\t\t\t\n\t\t\t\t\n\t\t\t\t\n\t\t\t\t\n\t\t\t\t\n\t\t\t\t\n\t\t\t\t\n\t\t\t\t\n\t\t\t\t\n\t\t\t\t\n\t\t\t\t\n\t\t\t\t\n\t\t\t\t\t\t\t\t\t<a rel=\"noopener noreferrer nofollow\" href=\"https:\/\/telegram.me\/share\/url?url=https:\/\/revistaexpofrio.com\/iir-amplia-base-de-datos-sobre-mujeres-en-refrigeracion\/\" target=\"_blank\" class=\" wd-social-icon social-tg\" aria-label=\"Telegram social link\">\n\t\t\t\t\t\t<span class=\"wd-icon\"><\/span>\n\t\t\t\t\t\t\t\t\t\t\t<\/a>\n\t\t\t\t\n\t\t\t\t\n\t\t\t<\/div>\n\n\t\t\t\t\t\t\t\t\t\t<\/div>\n\t\t\t\t\t\t\t\t<div class=\"tooltip-arrow\"><\/div>\n\t\t\t\t\t\t\t<\/div>\n\t\t\t\t\t\t<\/div>\n\t\t\t\t\t\n\t\t\t\t\t\t\t\t\t\t\t\t\t\t\t\t\t<div class=\"wd-post-reply wd-style-1\">\n\t\t\t\t\t\t\t<a href=\"https:\/\/revistaexpofrio.com\/iir-amplia-base-de-datos-sobre-mujeres-en-refrigeracion\/#respond\"><span class=\"wd-replies-count\">0<\/span><\/a>\t\t\t\t\t\t<\/div>\n\t\t\t\t\t\t\t\t\t<\/div>\n\t\t\t\n\t\t\t\t\t\t\t\t\t\t\t\t<div class=\"wd-post-excerpt entry-content\">\n\t\t\t\t\t\tEl IIR ampli\u00f3 su base de datos \"Mujeres en Refrigeraci\u00f3n\" con nuevos perfiles de Am\u00e9rica Latina y Am\u00e9rica del Norte.\n\n\n\nEl Instituto In...\t\t\t\t\t<\/div>\n\t\t\t\t\n\t\t\t\t\t\t\t\t\t\t\t\t\t\t<div class=\"wd-post-read-more wd-style-link read-more-section\">\n\t\t\t\t\t\t<a class=\"\" href=\"https:\/\/revistaexpofrio.com\/iir-amplia-base-de-datos-sobre-mujeres-en-refrigeracion\/\">Continue reading<\/a>\t\t\t\t\t<\/div>\n\t\t\t\t\t\t\t\t\t\t\t\t\t<\/div>\n\t<\/div>\n<\/article>\n\n\t\t\t\t\t\t\t\t\t\t\t\n<article id=\"post-19237\" class=\"wd-post blog-design-masonry blog-post-loop blog-style-bg wd-add-shadow wd-col post-19237 post type-post status-publish format-standard has-post-thumbnail hentry category-sin-categoria\">\n\t<div class=\"wd-post-inner article-inner\">\n\t\t\t\t\t<div class=\"wd-post-thumb entry-header\">\n\t\t\t\t\t\t\t\t\t<div class=\"wd-post-img post-img-wrapp\">\n\t\t\t\t\t\t\t\t\t\t\t<\/div>\n\t\t\t\t\t\t\t\t\t\t<a class=\"wd-fill\" tabindex=\"-1\" href=\"https:\/\/revistaexpofrio.com\/copeland-y-ecochillers-presentan-enfriador-lev-air-en-ahr-expo\/\" aria-label=\"Link on post Copeland y Ecochillers presentan enfriador Lev-Air\u00ae en AHR Expo\"><\/a>\n\t\t\t\t\n\t\t\t\t\t\t\t\t\t\t\t\t<div class=\"wd-post-date wd-style-with-bg\">\n\t\t\t\t<span class=\"post-date-day\">\n\t\t\t\t\t11\t\t\t\t<\/span>\n\t\t\t\t<span class=\"post-date-month\">\n\t\t\t\t\tMar\t\t\t\t<\/span>\n\t\t\t<\/div>\n\t\t\t\t\t\t\t\t\t<\/div>\n\t\t\n\t\t<div class=\"wd-post-content article-body-container\">\n\t\t\t\t\t\t\t<div class=\"wd-post-cat wd-style-with-bg meta-post-categories\">\n\t\t\t\t\t<a href=\"https:\/\/revistaexpofrio.com\/category\/sin-categoria\/\" rel=\"category tag\">Sin categor\u00eda<\/a>\t\t\t\t<\/div>\n\t\t\t\n\t\t\t\t\t\t\t<h3 class=\"wd-post-title wd-entities-title title post-title\">\n\t\t\t\t\t<a href=\"https:\/\/revistaexpofrio.com\/copeland-y-ecochillers-presentan-enfriador-lev-air-en-ahr-expo\/\" rel=\"bookmark\">Copeland y Ecochillers presentan enfriador Lev-Air\u00ae en AHR Expo<\/a>\n\t\t\t\t<\/h3>\n\t\t\t\n\t\t\t\t\t\t\t<div class=\"wd-post-meta\">\n\t\t\t\t\t\t\t\t\t\t\t\t\t\t\t<div class=\"wd-post-author\">\n\t\t\t\t\t\t\t\t\t\t\t<span>Posted by<\/span>\n\t\t\n\t\t\t\t\t<img width=\"18\" height=\"18\" src=\"https:\/\/revistaexpofrio.com\/wp-content\/themes\/woodmart\/images\/lazy.svg\" class=\"avatar avatar-18 photo\" alt=\"author-avatar\" decoding=\"async\" srcset=\"\" sizes=\"(max-width: 18px) 100vw, 18px\" data-src=\"https:\/\/revistaexpofrio.com\/wp-content\/uploads\/2026\/01\/Foto-carnet.jpg-150x150.jpeg\" data-srcset=\"https:\/\/revistaexpofrio.com\/wp-content\/uploads\/2026\/01\/Foto-carnet.jpg-150x150.jpeg 150w, https:\/\/revistaexpofrio.com\/wp-content\/uploads\/2026\/01\/Foto-carnet.jpg-300x300.jpeg 300w, https:\/\/revistaexpofrio.com\/wp-content\/uploads\/2026\/01\/Foto-carnet.jpg-768x768.jpeg 768w, https:\/\/revistaexpofrio.com\/wp-content\/uploads\/2026\/01\/Foto-carnet.jpg.jpeg 800w\" \/>\t\t\n\t\t\t\t\t<a href=\"https:\/\/revistaexpofrio.com\/author\/carlos-hijar\/\" class=\"author\" rel=\"author\">Carlos H\u00edjar<\/a>\n\t\t\t\t\t\t\t\t\t<\/div>\n\t\t\t\t\t<div class=\"wd-modified-date\">\n\t\t\t\t\t\t\t\t<time class=\"updated\" datetime=\"2025-03-11T11:48:30-05:00\">\n\t\t\t11 marzo, 2025\t\t<\/time>\n\t\t\t\t\t\t\t<\/div>\n\n\t\t\t\t\t\t\t\t\t\t\t<div tabindex=\"0\" class=\"wd-post-share wd-tltp\">\n\t\t\t\t\t\t\t<div class=\"tooltip top\">\n\t\t\t\t\t\t\t\t<div class=\"tooltip-inner\">\n\t\t\t\t\t\t\t\t\t\t\t\t<div\n\t\t\t\t\t\tclass=\" wd-social-icons wd-style-default wd-size-small social-share wd-shape-circle color-scheme-light text-center\">\n\t\t\t\t\n\t\t\t\t\n\t\t\t\t\t\t\t\t\t<a rel=\"noopener noreferrer nofollow\" href=\"https:\/\/www.facebook.com\/sharer\/sharer.php?u=https:\/\/revistaexpofrio.com\/copeland-y-ecochillers-presentan-enfriador-lev-air-en-ahr-expo\/\" target=\"_blank\" class=\" wd-social-icon social-facebook\" aria-label=\"Facebook social link\">\n\t\t\t\t\t\t<span class=\"wd-icon\"><\/span>\n\t\t\t\t\t\t\t\t\t\t\t<\/a>\n\t\t\t\t\n\t\t\t\t\t\t\t\t\t<a rel=\"noopener noreferrer nofollow\" href=\"https:\/\/x.com\/share?url=https:\/\/revistaexpofrio.com\/copeland-y-ecochillers-presentan-enfriador-lev-air-en-ahr-expo\/\" target=\"_blank\" class=\" wd-social-icon social-twitter\" aria-label=\"X social link\">\n\t\t\t\t\t\t<span class=\"wd-icon\"><\/span>\n\t\t\t\t\t\t\t\t\t\t\t<\/a>\n\t\t\t\t\n\t\t\t\t\n\t\t\t\t\n\t\t\t\t\n\t\t\t\t\n\t\t\t\t\n\t\t\t\t\t\t\t\t\t<a rel=\"noopener noreferrer nofollow\" href=\"https:\/\/pinterest.com\/pin\/create\/button\/?url=https:\/\/revistaexpofrio.com\/copeland-y-ecochillers-presentan-enfriador-lev-air-en-ahr-expo\/&media=https:\/\/revistaexpofrio.com\/wp-includes\/images\/media\/default.svg&description=Copeland+y+Ecochillers+presentan+enfriador+Lev-Air%C2%AE+en+AHR+Expo\" target=\"_blank\" class=\" wd-social-icon social-pinterest\" aria-label=\"Pinterest social link\">\n\t\t\t\t\t\t<span class=\"wd-icon\"><\/span>\n\t\t\t\t\t\t\t\t\t\t\t<\/a>\n\t\t\t\t\n\t\t\t\t\n\t\t\t\t\t\t\t\t\t<a rel=\"noopener noreferrer nofollow\" href=\"https:\/\/www.linkedin.com\/shareArticle?mini=true&url=https:\/\/revistaexpofrio.com\/copeland-y-ecochillers-presentan-enfriador-lev-air-en-ahr-expo\/\" target=\"_blank\" class=\" wd-social-icon social-linkedin\" aria-label=\"Linkedin social link\">\n\t\t\t\t\t\t<span class=\"wd-icon\"><\/span>\n\t\t\t\t\t\t\t\t\t\t\t<\/a>\n\t\t\t\t\n\t\t\t\t\n\t\t\t\t\n\t\t\t\t\n\t\t\t\t\n\t\t\t\t\n\t\t\t\t\n\t\t\t\t\n\t\t\t\t\n\t\t\t\t\n\t\t\t\t\n\t\t\t\t\n\t\t\t\t\n\t\t\t\t\n\t\t\t\t\n\t\t\t\t\t\t\t\t\t<a rel=\"noopener noreferrer nofollow\" href=\"https:\/\/telegram.me\/share\/url?url=https:\/\/revistaexpofrio.com\/copeland-y-ecochillers-presentan-enfriador-lev-air-en-ahr-expo\/\" target=\"_blank\" class=\" wd-social-icon social-tg\" aria-label=\"Telegram social link\">\n\t\t\t\t\t\t<span class=\"wd-icon\"><\/span>\n\t\t\t\t\t\t\t\t\t\t\t<\/a>\n\t\t\t\t\n\t\t\t\t\n\t\t\t<\/div>\n\n\t\t\t\t\t\t\t\t\t\t<\/div>\n\t\t\t\t\t\t\t\t<div class=\"tooltip-arrow\"><\/div>\n\t\t\t\t\t\t\t<\/div>\n\t\t\t\t\t\t<\/div>\n\t\t\t\t\t\n\t\t\t\t\t\t\t\t\t\t\t\t\t\t\t\t\t<div class=\"wd-post-reply wd-style-1\">\n\t\t\t\t\t\t\t<a href=\"https:\/\/revistaexpofrio.com\/copeland-y-ecochillers-presentan-enfriador-lev-air-en-ahr-expo\/#respond\"><span class=\"wd-replies-count\">0<\/span><\/a>\t\t\t\t\t\t<\/div>\n\t\t\t\t\t\t\t\t\t<\/div>\n\t\t\t\n\t\t\t\t\t\t\t\t\t\t\t\t<div class=\"wd-post-excerpt entry-content\">\n\t\t\t\t\t\tCopeland proporcion\u00f3 su compresor sin aceite y Ecochillers dise\u00f1\u00f3 el enfriador Lev-Air\u00ae, exhibido en la AHR Expo.\n\n\n\nLa reciente AHR Ex...\t\t\t\t\t<\/div>\n\t\t\t\t\n\t\t\t\t\t\t\t\t\t\t\t\t\t\t<div class=\"wd-post-read-more wd-style-link read-more-section\">\n\t\t\t\t\t\t<a class=\"\" href=\"https:\/\/revistaexpofrio.com\/copeland-y-ecochillers-presentan-enfriador-lev-air-en-ahr-expo\/\">Continue reading<\/a>\t\t\t\t\t<\/div>\n\t\t\t\t\t\t\t\t\t\t\t\t\t<\/div>\n\t<\/div>\n<\/article>\n\n\t\t\t\t\t\t\t\t\t\t\t\n<article id=\"post-19253\" class=\"wd-post blog-design-masonry blog-post-loop blog-style-bg wd-add-shadow wd-col post-19253 post type-post status-publish format-standard has-post-thumbnail hentry category-sin-categoria tag-centro-de-datos tag-johnson-controls tag-refrigeracion-2 tag-sostenibilidad\">\n\t<div class=\"wd-post-inner article-inner\">\n\t\t\t\t\t<div class=\"wd-post-thumb entry-header\">\n\t\t\t\t\t\t\t\t\t<div class=\"wd-post-img post-img-wrapp\">\n\t\t\t\t\t\t\t\t\t\t\t<\/div>\n\t\t\t\t\t\t\t\t\t\t<a class=\"wd-fill\" tabindex=\"-1\" href=\"https:\/\/revistaexpofrio.com\/centros-de-datos-transforman-su-operacion-con-ia-y-sostenibilidad\/\" aria-label=\"Link on post Centros de datos transforman su operaci\u00f3n con IA y sostenibilidad\"><\/a>\n\t\t\t\t\n\t\t\t\t\t\t\t\t\t\t\t\t<div class=\"wd-post-date wd-style-with-bg\">\n\t\t\t\t<span class=\"post-date-day\">\n\t\t\t\t\t05\t\t\t\t<\/span>\n\t\t\t\t<span class=\"post-date-month\">\n\t\t\t\t\tMar\t\t\t\t<\/span>\n\t\t\t<\/div>\n\t\t\t\t\t\t\t\t\t<\/div>\n\t\t\n\t\t<div class=\"wd-post-content article-body-container\">\n\t\t\t\t\t\t\t<div class=\"wd-post-cat wd-style-with-bg meta-post-categories\">\n\t\t\t\t\t<a href=\"https:\/\/revistaexpofrio.com\/category\/sin-categoria\/\" rel=\"category tag\">Sin categor\u00eda<\/a>\t\t\t\t<\/div>\n\t\t\t\n\t\t\t\t\t\t\t<h3 class=\"wd-post-title wd-entities-title title post-title\">\n\t\t\t\t\t<a href=\"https:\/\/revistaexpofrio.com\/centros-de-datos-transforman-su-operacion-con-ia-y-sostenibilidad\/\" rel=\"bookmark\">Centros de datos transforman su operaci\u00f3n con IA y sostenibilidad<\/a>\n\t\t\t\t<\/h3>\n\t\t\t\n\t\t\t\t\t\t\t<div class=\"wd-post-meta\">\n\t\t\t\t\t\t\t\t\t\t\t\t\t\t\t<div class=\"wd-post-author\">\n\t\t\t\t\t\t\t\t\t\t\t<span>Posted by<\/span>\n\t\t\n\t\t\t\t\t<img width=\"18\" height=\"18\" src=\"https:\/\/revistaexpofrio.com\/wp-content\/themes\/woodmart\/images\/lazy.svg\" class=\"avatar avatar-18 photo\" alt=\"author-avatar\" decoding=\"async\" srcset=\"\" sizes=\"(max-width: 18px) 100vw, 18px\" data-src=\"https:\/\/revistaexpofrio.com\/wp-content\/uploads\/2026\/01\/Foto-carnet.jpg-150x150.jpeg\" data-srcset=\"https:\/\/revistaexpofrio.com\/wp-content\/uploads\/2026\/01\/Foto-carnet.jpg-150x150.jpeg 150w, https:\/\/revistaexpofrio.com\/wp-content\/uploads\/2026\/01\/Foto-carnet.jpg-300x300.jpeg 300w, https:\/\/revistaexpofrio.com\/wp-content\/uploads\/2026\/01\/Foto-carnet.jpg-768x768.jpeg 768w, https:\/\/revistaexpofrio.com\/wp-content\/uploads\/2026\/01\/Foto-carnet.jpg.jpeg 800w\" \/>\t\t\n\t\t\t\t\t<a href=\"https:\/\/revistaexpofrio.com\/author\/carlos-hijar\/\" class=\"author\" rel=\"author\">Carlos H\u00edjar<\/a>\n\t\t\t\t\t\t\t\t\t<\/div>\n\t\t\t\t\t<div class=\"wd-modified-date\">\n\t\t\t\t\t\t\t\t<time class=\"updated\" datetime=\"2025-03-05T17:56:40-05:00\">\n\t\t\t5 marzo, 2025\t\t<\/time>\n\t\t\t\t\t\t\t<\/div>\n\n\t\t\t\t\t\t\t\t\t\t\t<div tabindex=\"0\" class=\"wd-post-share wd-tltp\">\n\t\t\t\t\t\t\t<div class=\"tooltip top\">\n\t\t\t\t\t\t\t\t<div class=\"tooltip-inner\">\n\t\t\t\t\t\t\t\t\t\t\t\t<div\n\t\t\t\t\t\tclass=\" wd-social-icons wd-style-default wd-size-small social-share wd-shape-circle color-scheme-light text-center\">\n\t\t\t\t\n\t\t\t\t\n\t\t\t\t\t\t\t\t\t<a rel=\"noopener noreferrer nofollow\" href=\"https:\/\/www.facebook.com\/sharer\/sharer.php?u=https:\/\/revistaexpofrio.com\/centros-de-datos-transforman-su-operacion-con-ia-y-sostenibilidad\/\" target=\"_blank\" class=\" wd-social-icon social-facebook\" aria-label=\"Facebook social link\">\n\t\t\t\t\t\t<span class=\"wd-icon\"><\/span>\n\t\t\t\t\t\t\t\t\t\t\t<\/a>\n\t\t\t\t\n\t\t\t\t\t\t\t\t\t<a rel=\"noopener noreferrer nofollow\" href=\"https:\/\/x.com\/share?url=https:\/\/revistaexpofrio.com\/centros-de-datos-transforman-su-operacion-con-ia-y-sostenibilidad\/\" target=\"_blank\" class=\" wd-social-icon social-twitter\" aria-label=\"X social link\">\n\t\t\t\t\t\t<span class=\"wd-icon\"><\/span>\n\t\t\t\t\t\t\t\t\t\t\t<\/a>\n\t\t\t\t\n\t\t\t\t\n\t\t\t\t\n\t\t\t\t\n\t\t\t\t\n\t\t\t\t\n\t\t\t\t\t\t\t\t\t<a rel=\"noopener noreferrer nofollow\" href=\"https:\/\/pinterest.com\/pin\/create\/button\/?url=https:\/\/revistaexpofrio.com\/centros-de-datos-transforman-su-operacion-con-ia-y-sostenibilidad\/&media=https:\/\/revistaexpofrio.com\/wp-includes\/images\/media\/default.svg&description=Centros+de+datos+transforman+su+operaci%C3%B3n+con+IA+y+sostenibilidad\" target=\"_blank\" class=\" wd-social-icon social-pinterest\" aria-label=\"Pinterest social link\">\n\t\t\t\t\t\t<span class=\"wd-icon\"><\/span>\n\t\t\t\t\t\t\t\t\t\t\t<\/a>\n\t\t\t\t\n\t\t\t\t\n\t\t\t\t\t\t\t\t\t<a rel=\"noopener noreferrer nofollow\" href=\"https:\/\/www.linkedin.com\/shareArticle?mini=true&url=https:\/\/revistaexpofrio.com\/centros-de-datos-transforman-su-operacion-con-ia-y-sostenibilidad\/\" target=\"_blank\" class=\" wd-social-icon social-linkedin\" aria-label=\"Linkedin social link\">\n\t\t\t\t\t\t<span class=\"wd-icon\"><\/span>\n\t\t\t\t\t\t\t\t\t\t\t<\/a>\n\t\t\t\t\n\t\t\t\t\n\t\t\t\t\n\t\t\t\t\n\t\t\t\t\n\t\t\t\t\n\t\t\t\t\n\t\t\t\t\n\t\t\t\t\n\t\t\t\t\n\t\t\t\t\n\t\t\t\t\n\t\t\t\t\n\t\t\t\t\n\t\t\t\t\n\t\t\t\t\t\t\t\t\t<a rel=\"noopener noreferrer nofollow\" href=\"https:\/\/telegram.me\/share\/url?url=https:\/\/revistaexpofrio.com\/centros-de-datos-transforman-su-operacion-con-ia-y-sostenibilidad\/\" target=\"_blank\" class=\" wd-social-icon social-tg\" aria-label=\"Telegram social link\">\n\t\t\t\t\t\t<span class=\"wd-icon\"><\/span>\n\t\t\t\t\t\t\t\t\t\t\t<\/a>\n\t\t\t\t\n\t\t\t\t\n\t\t\t<\/div>\n\n\t\t\t\t\t\t\t\t\t\t<\/div>\n\t\t\t\t\t\t\t\t<div class=\"tooltip-arrow\"><\/div>\n\t\t\t\t\t\t\t<\/div>\n\t\t\t\t\t\t<\/div>\n\t\t\t\t\t\n\t\t\t\t\t\t\t\t\t\t\t\t\t\t\t\t\t<div class=\"wd-post-reply wd-style-1\">\n\t\t\t\t\t\t\t<a href=\"https:\/\/revistaexpofrio.com\/centros-de-datos-transforman-su-operacion-con-ia-y-sostenibilidad\/#respond\"><span class=\"wd-replies-count\">0<\/span><\/a>\t\t\t\t\t\t<\/div>\n\t\t\t\t\t\t\t\t\t<\/div>\n\t\t\t\n\t\t\t\t\t\t\t\t\t\t\t\t<div class=\"wd-post-excerpt entry-content\">\n\t\t\t\t\t\tEn 2025, los centros de datos adoptar\u00e1n IA, sostenibilidad y refrigeraci\u00f3n eficiente para optimizar su operaci\u00f3n, seg\u00fan Johnson Control...\t\t\t\t\t<\/div>\n\t\t\t\t\n\t\t\t\t\t\t\t\t\t\t\t\t\t\t<div class=\"wd-post-read-more wd-style-link read-more-section\">\n\t\t\t\t\t\t<a class=\"\" href=\"https:\/\/revistaexpofrio.com\/centros-de-datos-transforman-su-operacion-con-ia-y-sostenibilidad\/\">Continue reading<\/a>\t\t\t\t\t<\/div>\n\t\t\t\t\t\t\t\t\t\t\t\t\t<\/div>\n\t<\/div>\n<\/article>\n\n\t\t\t\t\t\t\t\t\t\t\t\n<article id=\"post-19276\" class=\"wd-post blog-design-masonry blog-post-loop blog-style-bg wd-add-shadow wd-col post-19276 post type-post status-publish format-standard has-post-thumbnail hentry category-sin-categoria\">\n\t<div class=\"wd-post-inner article-inner\">\n\t\t\t\t\t<div class=\"wd-post-thumb entry-header\">\n\t\t\t\t\t\t\t\t\t<div class=\"wd-post-img post-img-wrapp\">\n\t\t\t\t\t\t\t\t\t\t\t<\/div>\n\t\t\t\t\t\t\t\t\t\t<a class=\"wd-fill\" tabindex=\"-1\" href=\"https:\/\/revistaexpofrio.com\/eficiencia-y-sostenibilidad-en-la-climatizacion-industrial-moderna\/\" aria-label=\"Link on post Eficiencia y sostenibilidad en la climatizaci\u00f3n industrial moderna\"><\/a>\n\t\t\t\t\n\t\t\t\t\t\t\t\t\t\t\t\t<div class=\"wd-post-date wd-style-with-bg\">\n\t\t\t\t<span class=\"post-date-day\">\n\t\t\t\t\t25\t\t\t\t<\/span>\n\t\t\t\t<span class=\"post-date-month\">\n\t\t\t\t\tFeb\t\t\t\t<\/span>\n\t\t\t<\/div>\n\t\t\t\t\t\t\t\t\t<\/div>\n\t\t\n\t\t<div class=\"wd-post-content article-body-container\">\n\t\t\t\t\t\t\t<div class=\"wd-post-cat wd-style-with-bg meta-post-categories\">\n\t\t\t\t\t<a href=\"https:\/\/revistaexpofrio.com\/category\/sin-categoria\/\" rel=\"category tag\">Sin categor\u00eda<\/a>\t\t\t\t<\/div>\n\t\t\t\n\t\t\t\t\t\t\t<h3 class=\"wd-post-title wd-entities-title title post-title\">\n\t\t\t\t\t<a href=\"https:\/\/revistaexpofrio.com\/eficiencia-y-sostenibilidad-en-la-climatizacion-industrial-moderna\/\" rel=\"bookmark\">Eficiencia y sostenibilidad en la climatizaci\u00f3n industrial moderna<\/a>\n\t\t\t\t<\/h3>\n\t\t\t\n\t\t\t\t\t\t\t<div class=\"wd-post-meta\">\n\t\t\t\t\t\t\t\t\t\t\t\t\t\t\t<div class=\"wd-post-author\">\n\t\t\t\t\t\t\t\t\t\t\t<span>Posted by<\/span>\n\t\t\n\t\t\t\t\t<img width=\"18\" height=\"18\" src=\"https:\/\/revistaexpofrio.com\/wp-content\/themes\/woodmart\/images\/lazy.svg\" class=\"avatar avatar-18 photo\" alt=\"author-avatar\" decoding=\"async\" srcset=\"\" sizes=\"(max-width: 18px) 100vw, 18px\" data-src=\"https:\/\/revistaexpofrio.com\/wp-content\/uploads\/2026\/01\/Foto-carnet.jpg-150x150.jpeg\" data-srcset=\"https:\/\/revistaexpofrio.com\/wp-content\/uploads\/2026\/01\/Foto-carnet.jpg-150x150.jpeg 150w, https:\/\/revistaexpofrio.com\/wp-content\/uploads\/2026\/01\/Foto-carnet.jpg-300x300.jpeg 300w, https:\/\/revistaexpofrio.com\/wp-content\/uploads\/2026\/01\/Foto-carnet.jpg-768x768.jpeg 768w, https:\/\/revistaexpofrio.com\/wp-content\/uploads\/2026\/01\/Foto-carnet.jpg.jpeg 800w\" \/>\t\t\n\t\t\t\t\t<a href=\"https:\/\/revistaexpofrio.com\/author\/carlos-hijar\/\" class=\"author\" rel=\"author\">Carlos H\u00edjar<\/a>\n\t\t\t\t\t\t\t\t\t<\/div>\n\t\t\t\t\t<div class=\"wd-modified-date\">\n\t\t\t\t\t\t\t\t<time class=\"updated\" datetime=\"2025-02-25T16:26:45-05:00\">\n\t\t\t25 febrero, 2025\t\t<\/time>\n\t\t\t\t\t\t\t<\/div>\n\n\t\t\t\t\t\t\t\t\t\t\t<div tabindex=\"0\" class=\"wd-post-share wd-tltp\">\n\t\t\t\t\t\t\t<div class=\"tooltip top\">\n\t\t\t\t\t\t\t\t<div class=\"tooltip-inner\">\n\t\t\t\t\t\t\t\t\t\t\t\t<div\n\t\t\t\t\t\tclass=\" wd-social-icons wd-style-default wd-size-small social-share wd-shape-circle color-scheme-light text-center\">\n\t\t\t\t\n\t\t\t\t\n\t\t\t\t\t\t\t\t\t<a rel=\"noopener noreferrer nofollow\" href=\"https:\/\/www.facebook.com\/sharer\/sharer.php?u=https:\/\/revistaexpofrio.com\/eficiencia-y-sostenibilidad-en-la-climatizacion-industrial-moderna\/\" target=\"_blank\" class=\" wd-social-icon social-facebook\" aria-label=\"Facebook social link\">\n\t\t\t\t\t\t<span class=\"wd-icon\"><\/span>\n\t\t\t\t\t\t\t\t\t\t\t<\/a>\n\t\t\t\t\n\t\t\t\t\t\t\t\t\t<a rel=\"noopener noreferrer nofollow\" href=\"https:\/\/x.com\/share?url=https:\/\/revistaexpofrio.com\/eficiencia-y-sostenibilidad-en-la-climatizacion-industrial-moderna\/\" target=\"_blank\" class=\" wd-social-icon social-twitter\" aria-label=\"X social link\">\n\t\t\t\t\t\t<span class=\"wd-icon\"><\/span>\n\t\t\t\t\t\t\t\t\t\t\t<\/a>\n\t\t\t\t\n\t\t\t\t\n\t\t\t\t\n\t\t\t\t\n\t\t\t\t\n\t\t\t\t\n\t\t\t\t\t\t\t\t\t<a rel=\"noopener noreferrer nofollow\" href=\"https:\/\/pinterest.com\/pin\/create\/button\/?url=https:\/\/revistaexpofrio.com\/eficiencia-y-sostenibilidad-en-la-climatizacion-industrial-moderna\/&media=https:\/\/revistaexpofrio.com\/wp-includes\/images\/media\/default.svg&description=Eficiencia+y+sostenibilidad+en+la+climatizaci%C3%B3n+industrial+moderna\" target=\"_blank\" class=\" wd-social-icon social-pinterest\" aria-label=\"Pinterest social link\">\n\t\t\t\t\t\t<span class=\"wd-icon\"><\/span>\n\t\t\t\t\t\t\t\t\t\t\t<\/a>\n\t\t\t\t\n\t\t\t\t\n\t\t\t\t\t\t\t\t\t<a rel=\"noopener noreferrer nofollow\" href=\"https:\/\/www.linkedin.com\/shareArticle?mini=true&url=https:\/\/revistaexpofrio.com\/eficiencia-y-sostenibilidad-en-la-climatizacion-industrial-moderna\/\" target=\"_blank\" class=\" wd-social-icon social-linkedin\" aria-label=\"Linkedin social link\">\n\t\t\t\t\t\t<span class=\"wd-icon\"><\/span>\n\t\t\t\t\t\t\t\t\t\t\t<\/a>\n\t\t\t\t\n\t\t\t\t\n\t\t\t\t\n\t\t\t\t\n\t\t\t\t\n\t\t\t\t\n\t\t\t\t\n\t\t\t\t\n\t\t\t\t\n\t\t\t\t\n\t\t\t\t\n\t\t\t\t\n\t\t\t\t\n\t\t\t\t\n\t\t\t\t\n\t\t\t\t\t\t\t\t\t<a rel=\"noopener noreferrer nofollow\" href=\"https:\/\/telegram.me\/share\/url?url=https:\/\/revistaexpofrio.com\/eficiencia-y-sostenibilidad-en-la-climatizacion-industrial-moderna\/\" target=\"_blank\" class=\" wd-social-icon social-tg\" aria-label=\"Telegram social link\">\n\t\t\t\t\t\t<span class=\"wd-icon\"><\/span>\n\t\t\t\t\t\t\t\t\t\t\t<\/a>\n\t\t\t\t\n\t\t\t\t\n\t\t\t<\/div>\n\n\t\t\t\t\t\t\t\t\t\t<\/div>\n\t\t\t\t\t\t\t\t<div class=\"tooltip-arrow\"><\/div>\n\t\t\t\t\t\t\t<\/div>\n\t\t\t\t\t\t<\/div>\n\t\t\t\t\t\n\t\t\t\t\t\t\t\t\t\t\t\t\t\t\t\t\t<div class=\"wd-post-reply wd-style-1\">\n\t\t\t\t\t\t\t<a href=\"https:\/\/revistaexpofrio.com\/eficiencia-y-sostenibilidad-en-la-climatizacion-industrial-moderna\/#respond\"><span class=\"wd-replies-count\">0<\/span><\/a>\t\t\t\t\t\t<\/div>\n\t\t\t\t\t\t\t\t\t<\/div>\n\t\t\t\n\t\t\t\t\t\t\t\t\t\t\t\t<div class=\"wd-post-excerpt entry-content\">\n\t\t\t\t\t\tClimatrol SA destaca que la optimizaci\u00f3n en la climatizaci\u00f3n industrial reduce costos, mejora la eficiencia energ\u00e9tica y contribuye a l...\t\t\t\t\t<\/div>\n\t\t\t\t\n\t\t\t\t\t\t\t\t\t\t\t\t\t\t<div class=\"wd-post-read-more wd-style-link read-more-section\">\n\t\t\t\t\t\t<a class=\"\" href=\"https:\/\/revistaexpofrio.com\/eficiencia-y-sostenibilidad-en-la-climatizacion-industrial-moderna\/\">Continue reading<\/a>\t\t\t\t\t<\/div>\n\t\t\t\t\t\t\t\t\t\t\t\t\t<\/div>\n\t<\/div>\n<\/article>\n\n\t\t\t\t\t\t\t\t\t\t\t\n<article id=\"post-19315\" class=\"wd-post blog-design-masonry blog-post-loop blog-style-bg wd-add-shadow wd-col post-19315 post type-post status-publish format-standard has-post-thumbnail hentry category-sin-categoria\">\n\t<div class=\"wd-post-inner article-inner\">\n\t\t\t\t\t<div class=\"wd-post-thumb entry-header\">\n\t\t\t\t\t\t\t\t\t<div class=\"wd-post-img post-img-wrapp\">\n\t\t\t\t\t\t\t\t\t\t\t<\/div>\n\t\t\t\t\t\t\t\t\t\t<a class=\"wd-fill\" tabindex=\"-1\" href=\"https:\/\/revistaexpofrio.com\/rheem-celebra-sus-100-anos-en-la-ahr-expo-2025\/\" aria-label=\"Link on post Rheem celebra sus 100 a\u00f1os en la AHR Expo 2025\"><\/a>\n\t\t\t\t\n\t\t\t\t\t\t\t\t\t\t\t\t<div class=\"wd-post-date wd-style-with-bg\">\n\t\t\t\t<span class=\"post-date-day\">\n\t\t\t\t\t12\t\t\t\t<\/span>\n\t\t\t\t<span class=\"post-date-month\">\n\t\t\t\t\tFeb\t\t\t\t<\/span>\n\t\t\t<\/div>\n\t\t\t\t\t\t\t\t\t<\/div>\n\t\t\n\t\t<div class=\"wd-post-content article-body-container\">\n\t\t\t\t\t\t\t<div class=\"wd-post-cat wd-style-with-bg meta-post-categories\">\n\t\t\t\t\t<a href=\"https:\/\/revistaexpofrio.com\/category\/sin-categoria\/\" rel=\"category tag\">Sin categor\u00eda<\/a>\t\t\t\t<\/div>\n\t\t\t\n\t\t\t\t\t\t\t<h3 class=\"wd-post-title wd-entities-title title post-title\">\n\t\t\t\t\t<a href=\"https:\/\/revistaexpofrio.com\/rheem-celebra-sus-100-anos-en-la-ahr-expo-2025\/\" rel=\"bookmark\">Rheem celebra sus 100 a\u00f1os en la AHR Expo 2025<\/a>\n\t\t\t\t<\/h3>\n\t\t\t\n\t\t\t\t\t\t\t<div class=\"wd-post-meta\">\n\t\t\t\t\t\t\t\t\t\t\t\t\t\t\t<div class=\"wd-post-author\">\n\t\t\t\t\t\t\t\t\t\t\t<span>Posted by<\/span>\n\t\t\n\t\t\t\t\t<img width=\"18\" height=\"18\" src=\"https:\/\/revistaexpofrio.com\/wp-content\/themes\/woodmart\/images\/lazy.svg\" class=\"avatar avatar-18 photo\" alt=\"author-avatar\" decoding=\"async\" srcset=\"\" sizes=\"(max-width: 18px) 100vw, 18px\" data-src=\"https:\/\/revistaexpofrio.com\/wp-content\/uploads\/2026\/01\/Foto-carnet.jpg-150x150.jpeg\" data-srcset=\"https:\/\/revistaexpofrio.com\/wp-content\/uploads\/2026\/01\/Foto-carnet.jpg-150x150.jpeg 150w, https:\/\/revistaexpofrio.com\/wp-content\/uploads\/2026\/01\/Foto-carnet.jpg-300x300.jpeg 300w, https:\/\/revistaexpofrio.com\/wp-content\/uploads\/2026\/01\/Foto-carnet.jpg-768x768.jpeg 768w, https:\/\/revistaexpofrio.com\/wp-content\/uploads\/2026\/01\/Foto-carnet.jpg.jpeg 800w\" \/>\t\t\n\t\t\t\t\t<a href=\"https:\/\/revistaexpofrio.com\/author\/carlos-hijar\/\" class=\"author\" rel=\"author\">Carlos H\u00edjar<\/a>\n\t\t\t\t\t\t\t\t\t<\/div>\n\t\t\t\t\t<div class=\"wd-modified-date\">\n\t\t\t\t\t\t\t\t<time class=\"updated\" datetime=\"2025-02-12T18:55:46-05:00\">\n\t\t\t12 febrero, 2025\t\t<\/time>\n\t\t\t\t\t\t\t<\/div>\n\n\t\t\t\t\t\t\t\t\t\t\t<div tabindex=\"0\" class=\"wd-post-share wd-tltp\">\n\t\t\t\t\t\t\t<div class=\"tooltip top\">\n\t\t\t\t\t\t\t\t<div class=\"tooltip-inner\">\n\t\t\t\t\t\t\t\t\t\t\t\t<div\n\t\t\t\t\t\tclass=\" wd-social-icons wd-style-default wd-size-small social-share wd-shape-circle color-scheme-light text-center\">\n\t\t\t\t\n\t\t\t\t\n\t\t\t\t\t\t\t\t\t<a rel=\"noopener noreferrer nofollow\" href=\"https:\/\/www.facebook.com\/sharer\/sharer.php?u=https:\/\/revistaexpofrio.com\/rheem-celebra-sus-100-anos-en-la-ahr-expo-2025\/\" target=\"_blank\" class=\" wd-social-icon social-facebook\" aria-label=\"Facebook social link\">\n\t\t\t\t\t\t<span class=\"wd-icon\"><\/span>\n\t\t\t\t\t\t\t\t\t\t\t<\/a>\n\t\t\t\t\n\t\t\t\t\t\t\t\t\t<a rel=\"noopener noreferrer nofollow\" href=\"https:\/\/x.com\/share?url=https:\/\/revistaexpofrio.com\/rheem-celebra-sus-100-anos-en-la-ahr-expo-2025\/\" target=\"_blank\" class=\" wd-social-icon social-twitter\" aria-label=\"X social link\">\n\t\t\t\t\t\t<span class=\"wd-icon\"><\/span>\n\t\t\t\t\t\t\t\t\t\t\t<\/a>\n\t\t\t\t\n\t\t\t\t\n\t\t\t\t\n\t\t\t\t\n\t\t\t\t\n\t\t\t\t\n\t\t\t\t\t\t\t\t\t<a rel=\"noopener noreferrer nofollow\" href=\"https:\/\/pinterest.com\/pin\/create\/button\/?url=https:\/\/revistaexpofrio.com\/rheem-celebra-sus-100-anos-en-la-ahr-expo-2025\/&media=https:\/\/revistaexpofrio.com\/wp-includes\/images\/media\/default.svg&description=Rheem+celebra+sus+100+a%C3%B1os+en+la+AHR+Expo+2025\" target=\"_blank\" class=\" wd-social-icon social-pinterest\" aria-label=\"Pinterest social link\">\n\t\t\t\t\t\t<span class=\"wd-icon\"><\/span>\n\t\t\t\t\t\t\t\t\t\t\t<\/a>\n\t\t\t\t\n\t\t\t\t\n\t\t\t\t\t\t\t\t\t<a rel=\"noopener noreferrer nofollow\" href=\"https:\/\/www.linkedin.com\/shareArticle?mini=true&url=https:\/\/revistaexpofrio.com\/rheem-celebra-sus-100-anos-en-la-ahr-expo-2025\/\" target=\"_blank\" class=\" wd-social-icon social-linkedin\" aria-label=\"Linkedin social link\">\n\t\t\t\t\t\t<span class=\"wd-icon\"><\/span>\n\t\t\t\t\t\t\t\t\t\t\t<\/a>\n\t\t\t\t\n\t\t\t\t\n\t\t\t\t\n\t\t\t\t\n\t\t\t\t\n\t\t\t\t\n\t\t\t\t\n\t\t\t\t\n\t\t\t\t\n\t\t\t\t\n\t\t\t\t\n\t\t\t\t\n\t\t\t\t\n\t\t\t\t\n\t\t\t\t\n\t\t\t\t\t\t\t\t\t<a rel=\"noopener noreferrer nofollow\" href=\"https:\/\/telegram.me\/share\/url?url=https:\/\/revistaexpofrio.com\/rheem-celebra-sus-100-anos-en-la-ahr-expo-2025\/\" target=\"_blank\" class=\" wd-social-icon social-tg\" aria-label=\"Telegram social link\">\n\t\t\t\t\t\t<span class=\"wd-icon\"><\/span>\n\t\t\t\t\t\t\t\t\t\t\t<\/a>\n\t\t\t\t\n\t\t\t\t\n\t\t\t<\/div>\n\n\t\t\t\t\t\t\t\t\t\t<\/div>\n\t\t\t\t\t\t\t\t<div class=\"tooltip-arrow\"><\/div>\n\t\t\t\t\t\t\t<\/div>\n\t\t\t\t\t\t<\/div>\n\t\t\t\t\t\n\t\t\t\t\t\t\t\t\t\t\t\t\t\t\t\t\t<div class=\"wd-post-reply wd-style-1\">\n\t\t\t\t\t\t\t<a href=\"https:\/\/revistaexpofrio.com\/rheem-celebra-sus-100-anos-en-la-ahr-expo-2025\/#respond\"><span class=\"wd-replies-count\">0<\/span><\/a>\t\t\t\t\t\t<\/div>\n\t\t\t\t\t\t\t\t\t<\/div>\n\t\t\t\n\t\t\t\t\t\t\t\t\t\t\t\t<div class=\"wd-post-excerpt entry-content\">\n\t\t\t\t\t\tRheem celebr\u00f3 sus 100 a\u00f1os de existencia en la AHR Expo 2025, presentando su evoluci\u00f3n y compromiso con soluciones sustentables en HVAC...\t\t\t\t\t<\/div>\n\t\t\t\t\n\t\t\t\t\t\t\t\t\t\t\t\t\t\t<div class=\"wd-post-read-more wd-style-link read-more-section\">\n\t\t\t\t\t\t<a class=\"\" href=\"https:\/\/revistaexpofrio.com\/rheem-celebra-sus-100-anos-en-la-ahr-expo-2025\/\">Continue reading<\/a>\t\t\t\t\t<\/div>\n\t\t\t\t\t\t\t\t\t\t\t\t\t<\/div>\n\t<\/div>\n<\/article>\n\n\t\t\t\t\t\t\t\t\t\t\t\n<article id=\"post-19318\" class=\"wd-post blog-design-masonry blog-post-loop blog-style-bg wd-add-shadow wd-col post-19318 post type-post status-publish format-standard has-post-thumbnail hentry category-noticias category-sin-categoria tag-ahr-expo-2025 tag-compresores tag-hitachi\">\n\t<div class=\"wd-post-inner article-inner\">\n\t\t\t\t\t<div class=\"wd-post-thumb entry-header\">\n\t\t\t\t\t\t\t\t\t<div class=\"wd-post-img post-img-wrapp\">\n\t\t\t\t\t\t\t\t\t\t\t<\/div>\n\t\t\t\t\t\t\t\t\t\t<a class=\"wd-fill\" tabindex=\"-1\" href=\"https:\/\/revistaexpofrio.com\/hitachi-scroll-compressor-debuta-en-ahr-expo-2025\/\" aria-label=\"Link on post Hitachi Scroll Compressor debuta en AHR Expo 2025\"><\/a>\n\t\t\t\t\n\t\t\t\t\t\t\t\t\t\t\t\t<div class=\"wd-post-date wd-style-with-bg\">\n\t\t\t\t<span class=\"post-date-day\">\n\t\t\t\t\t11\t\t\t\t<\/span>\n\t\t\t\t<span class=\"post-date-month\">\n\t\t\t\t\tFeb\t\t\t\t<\/span>\n\t\t\t<\/div>\n\t\t\t\t\t\t\t\t\t<\/div>\n\t\t\n\t\t<div class=\"wd-post-content article-body-container\">\n\t\t\t\t\t\t\t<div class=\"wd-post-cat wd-style-with-bg meta-post-categories\">\n\t\t\t\t\t<a href=\"https:\/\/revistaexpofrio.com\/category\/noticias\/\" rel=\"category tag\">Noticias HVAC-R<\/a>, <a href=\"https:\/\/revistaexpofrio.com\/category\/sin-categoria\/\" rel=\"category tag\">Sin categor\u00eda<\/a>\t\t\t\t<\/div>\n\t\t\t\n\t\t\t\t\t\t\t<h3 class=\"wd-post-title wd-entities-title title post-title\">\n\t\t\t\t\t<a href=\"https:\/\/revistaexpofrio.com\/hitachi-scroll-compressor-debuta-en-ahr-expo-2025\/\" rel=\"bookmark\">Hitachi Scroll Compressor debuta en AHR Expo 2025<\/a>\n\t\t\t\t<\/h3>\n\t\t\t\n\t\t\t\t\t\t\t<div class=\"wd-post-meta\">\n\t\t\t\t\t\t\t\t\t\t\t\t\t\t\t<div class=\"wd-post-author\">\n\t\t\t\t\t\t\t\t\t\t\t<span>Posted by<\/span>\n\t\t\n\t\t\t\t\t<img width=\"18\" height=\"18\" src=\"https:\/\/revistaexpofrio.com\/wp-content\/themes\/woodmart\/images\/lazy.svg\" class=\"avatar avatar-18 photo\" alt=\"author-avatar\" decoding=\"async\" srcset=\"\" sizes=\"(max-width: 18px) 100vw, 18px\" data-src=\"https:\/\/revistaexpofrio.com\/wp-content\/uploads\/2026\/01\/Foto-carnet.jpg-150x150.jpeg\" data-srcset=\"https:\/\/revistaexpofrio.com\/wp-content\/uploads\/2026\/01\/Foto-carnet.jpg-150x150.jpeg 150w, https:\/\/revistaexpofrio.com\/wp-content\/uploads\/2026\/01\/Foto-carnet.jpg-300x300.jpeg 300w, https:\/\/revistaexpofrio.com\/wp-content\/uploads\/2026\/01\/Foto-carnet.jpg-768x768.jpeg 768w, https:\/\/revistaexpofrio.com\/wp-content\/uploads\/2026\/01\/Foto-carnet.jpg.jpeg 800w\" \/>\t\t\n\t\t\t\t\t<a href=\"https:\/\/revistaexpofrio.com\/author\/carlos-hijar\/\" class=\"author\" rel=\"author\">Carlos H\u00edjar<\/a>\n\t\t\t\t\t\t\t\t\t<\/div>\n\t\t\t\t\t<div class=\"wd-modified-date\">\n\t\t\t\t\t\t\t\t<time class=\"updated\" datetime=\"2025-02-11T18:46:57-05:00\">\n\t\t\t11 febrero, 2025\t\t<\/time>\n\t\t\t\t\t\t\t<\/div>\n\n\t\t\t\t\t\t\t\t\t\t\t<div tabindex=\"0\" class=\"wd-post-share wd-tltp\">\n\t\t\t\t\t\t\t<div class=\"tooltip top\">\n\t\t\t\t\t\t\t\t<div class=\"tooltip-inner\">\n\t\t\t\t\t\t\t\t\t\t\t\t<div\n\t\t\t\t\t\tclass=\" wd-social-icons wd-style-default wd-size-small social-share wd-shape-circle color-scheme-light text-center\">\n\t\t\t\t\n\t\t\t\t\n\t\t\t\t\t\t\t\t\t<a rel=\"noopener noreferrer nofollow\" href=\"https:\/\/www.facebook.com\/sharer\/sharer.php?u=https:\/\/revistaexpofrio.com\/hitachi-scroll-compressor-debuta-en-ahr-expo-2025\/\" target=\"_blank\" class=\" wd-social-icon social-facebook\" aria-label=\"Facebook social link\">\n\t\t\t\t\t\t<span class=\"wd-icon\"><\/span>\n\t\t\t\t\t\t\t\t\t\t\t<\/a>\n\t\t\t\t\n\t\t\t\t\t\t\t\t\t<a rel=\"noopener noreferrer nofollow\" href=\"https:\/\/x.com\/share?url=https:\/\/revistaexpofrio.com\/hitachi-scroll-compressor-debuta-en-ahr-expo-2025\/\" target=\"_blank\" class=\" wd-social-icon social-twitter\" aria-label=\"X social link\">\n\t\t\t\t\t\t<span class=\"wd-icon\"><\/span>\n\t\t\t\t\t\t\t\t\t\t\t<\/a>\n\t\t\t\t\n\t\t\t\t\n\t\t\t\t\n\t\t\t\t\n\t\t\t\t\n\t\t\t\t\n\t\t\t\t\t\t\t\t\t<a rel=\"noopener noreferrer nofollow\" href=\"https:\/\/pinterest.com\/pin\/create\/button\/?url=https:\/\/revistaexpofrio.com\/hitachi-scroll-compressor-debuta-en-ahr-expo-2025\/&media=https:\/\/revistaexpofrio.com\/wp-includes\/images\/media\/default.svg&description=Hitachi+Scroll+Compressor+debuta+en+AHR+Expo+2025\" target=\"_blank\" class=\" wd-social-icon social-pinterest\" aria-label=\"Pinterest social link\">\n\t\t\t\t\t\t<span class=\"wd-icon\"><\/span>\n\t\t\t\t\t\t\t\t\t\t\t<\/a>\n\t\t\t\t\n\t\t\t\t\n\t\t\t\t\t\t\t\t\t<a rel=\"noopener noreferrer nofollow\" href=\"https:\/\/www.linkedin.com\/shareArticle?mini=true&url=https:\/\/revistaexpofrio.com\/hitachi-scroll-compressor-debuta-en-ahr-expo-2025\/\" target=\"_blank\" class=\" wd-social-icon social-linkedin\" aria-label=\"Linkedin social link\">\n\t\t\t\t\t\t<span class=\"wd-icon\"><\/span>\n\t\t\t\t\t\t\t\t\t\t\t<\/a>\n\t\t\t\t\n\t\t\t\t\n\t\t\t\t\n\t\t\t\t\n\t\t\t\t\n\t\t\t\t\n\t\t\t\t\n\t\t\t\t\n\t\t\t\t\n\t\t\t\t\n\t\t\t\t\n\t\t\t\t\n\t\t\t\t\n\t\t\t\t\n\t\t\t\t\n\t\t\t\t\t\t\t\t\t<a rel=\"noopener noreferrer nofollow\" href=\"https:\/\/telegram.me\/share\/url?url=https:\/\/revistaexpofrio.com\/hitachi-scroll-compressor-debuta-en-ahr-expo-2025\/\" target=\"_blank\" class=\" wd-social-icon social-tg\" aria-label=\"Telegram social link\">\n\t\t\t\t\t\t<span class=\"wd-icon\"><\/span>\n\t\t\t\t\t\t\t\t\t\t\t<\/a>\n\t\t\t\t\n\t\t\t\t\n\t\t\t<\/div>\n\n\t\t\t\t\t\t\t\t\t\t<\/div>\n\t\t\t\t\t\t\t\t<div class=\"tooltip-arrow\"><\/div>\n\t\t\t\t\t\t\t<\/div>\n\t\t\t\t\t\t<\/div>\n\t\t\t\t\t\n\t\t\t\t\t\t\t\t\t\t\t\t\t\t\t\t\t<div class=\"wd-post-reply wd-style-1\">\n\t\t\t\t\t\t\t<a href=\"https:\/\/revistaexpofrio.com\/hitachi-scroll-compressor-debuta-en-ahr-expo-2025\/#respond\"><span class=\"wd-replies-count\">0<\/span><\/a>\t\t\t\t\t\t<\/div>\n\t\t\t\t\t\t\t\t\t<\/div>\n\t\t\t\n\t\t\t\t\t\t\t\t\t\t\t\t<div class=\"wd-post-excerpt entry-content\">\n\t\t\t\t\t\tHitachi Scroll Compressor debut\u00f3 en la AHR Expo 2025 con su nuevo compresor scroll de lado bajo con alta eficiencia.\n\n\n\nHitachi Scroll ...\t\t\t\t\t<\/div>\n\t\t\t\t\n\t\t\t\t\t\t\t\t\t\t\t\t\t\t<div class=\"wd-post-read-more wd-style-link read-more-section\">\n\t\t\t\t\t\t<a class=\"\" href=\"https:\/\/revistaexpofrio.com\/hitachi-scroll-compressor-debuta-en-ahr-expo-2025\/\">Continue reading<\/a>\t\t\t\t\t<\/div>\n\t\t\t\t\t\t\t\t\t\t\t\t\t<\/div>\n\t<\/div>\n<\/article>\n\n\t\t\t\t\t\t\t\t\t\t\t\n<article id=\"post-19332\" class=\"wd-post blog-design-masonry blog-post-loop blog-style-bg wd-add-shadow wd-col post-19332 post type-post status-publish format-standard has-post-thumbnail hentry category-sin-categoria tag-camara-chilena-de-refrigeracion-y-climatizacion tag-nombramiento tag-secretaria\">\n\t<div class=\"wd-post-inner article-inner\">\n\t\t\t\t\t<div class=\"wd-post-thumb entry-header\">\n\t\t\t\t\t\t\t\t\t<div class=\"wd-post-img post-img-wrapp\">\n\t\t\t\t\t\t\t\t\t\t\t<\/div>\n\t\t\t\t\t\t\t\t\t\t<a class=\"wd-fill\" tabindex=\"-1\" href=\"https:\/\/revistaexpofrio.com\/claudia-alvarez-gonzalez-nueva-secretaria-ejecutiva-de-la-camara\/\" aria-label=\"Link on post Claudia \u00c1lvarez Gonz\u00e1lez, nueva Secretaria Ejecutiva de la C\u00e1mara\"><\/a>\n\t\t\t\t\n\t\t\t\t\t\t\t\t\t\t\t\t<div class=\"wd-post-date wd-style-with-bg\">\n\t\t\t\t<span class=\"post-date-day\">\n\t\t\t\t\t06\t\t\t\t<\/span>\n\t\t\t\t<span class=\"post-date-month\">\n\t\t\t\t\tFeb\t\t\t\t<\/span>\n\t\t\t<\/div>\n\t\t\t\t\t\t\t\t\t<\/div>\n\t\t\n\t\t<div class=\"wd-post-content article-body-container\">\n\t\t\t\t\t\t\t<div class=\"wd-post-cat wd-style-with-bg meta-post-categories\">\n\t\t\t\t\t<a href=\"https:\/\/revistaexpofrio.com\/category\/sin-categoria\/\" rel=\"category tag\">Sin categor\u00eda<\/a>\t\t\t\t<\/div>\n\t\t\t\n\t\t\t\t\t\t\t<h3 class=\"wd-post-title wd-entities-title title post-title\">\n\t\t\t\t\t<a href=\"https:\/\/revistaexpofrio.com\/claudia-alvarez-gonzalez-nueva-secretaria-ejecutiva-de-la-camara\/\" rel=\"bookmark\">Claudia \u00c1lvarez Gonz\u00e1lez, nueva Secretaria Ejecutiva de la C\u00e1mara<\/a>\n\t\t\t\t<\/h3>\n\t\t\t\n\t\t\t\t\t\t\t<div class=\"wd-post-meta\">\n\t\t\t\t\t\t\t\t\t\t\t\t\t\t\t<div class=\"wd-post-author\">\n\t\t\t\t\t\t\t\t\t\t\t<span>Posted by<\/span>\n\t\t\n\t\t\t\t\t<img width=\"18\" height=\"18\" src=\"https:\/\/revistaexpofrio.com\/wp-content\/themes\/woodmart\/images\/lazy.svg\" class=\"avatar avatar-18 photo\" alt=\"author-avatar\" decoding=\"async\" srcset=\"\" sizes=\"(max-width: 18px) 100vw, 18px\" data-src=\"https:\/\/revistaexpofrio.com\/wp-content\/uploads\/2026\/01\/Foto-carnet.jpg-150x150.jpeg\" data-srcset=\"https:\/\/revistaexpofrio.com\/wp-content\/uploads\/2026\/01\/Foto-carnet.jpg-150x150.jpeg 150w, https:\/\/revistaexpofrio.com\/wp-content\/uploads\/2026\/01\/Foto-carnet.jpg-300x300.jpeg 300w, https:\/\/revistaexpofrio.com\/wp-content\/uploads\/2026\/01\/Foto-carnet.jpg-768x768.jpeg 768w, https:\/\/revistaexpofrio.com\/wp-content\/uploads\/2026\/01\/Foto-carnet.jpg.jpeg 800w\" \/>\t\t\n\t\t\t\t\t<a href=\"https:\/\/revistaexpofrio.com\/author\/carlos-hijar\/\" class=\"author\" rel=\"author\">Carlos H\u00edjar<\/a>\n\t\t\t\t\t\t\t\t\t<\/div>\n\t\t\t\t\t<div class=\"wd-modified-date\">\n\t\t\t\t\t\t\t\t<time class=\"updated\" datetime=\"2025-02-06T17:45:21-05:00\">\n\t\t\t6 febrero, 2025\t\t<\/time>\n\t\t\t\t\t\t\t<\/div>\n\n\t\t\t\t\t\t\t\t\t\t\t<div tabindex=\"0\" class=\"wd-post-share wd-tltp\">\n\t\t\t\t\t\t\t<div class=\"tooltip top\">\n\t\t\t\t\t\t\t\t<div class=\"tooltip-inner\">\n\t\t\t\t\t\t\t\t\t\t\t\t<div\n\t\t\t\t\t\tclass=\" wd-social-icons wd-style-default wd-size-small social-share wd-shape-circle color-scheme-light text-center\">\n\t\t\t\t\n\t\t\t\t\n\t\t\t\t\t\t\t\t\t<a rel=\"noopener noreferrer nofollow\" href=\"https:\/\/www.facebook.com\/sharer\/sharer.php?u=https:\/\/revistaexpofrio.com\/claudia-alvarez-gonzalez-nueva-secretaria-ejecutiva-de-la-camara\/\" target=\"_blank\" class=\" wd-social-icon social-facebook\" aria-label=\"Facebook social link\">\n\t\t\t\t\t\t<span class=\"wd-icon\"><\/span>\n\t\t\t\t\t\t\t\t\t\t\t<\/a>\n\t\t\t\t\n\t\t\t\t\t\t\t\t\t<a rel=\"noopener noreferrer nofollow\" href=\"https:\/\/x.com\/share?url=https:\/\/revistaexpofrio.com\/claudia-alvarez-gonzalez-nueva-secretaria-ejecutiva-de-la-camara\/\" target=\"_blank\" class=\" wd-social-icon social-twitter\" aria-label=\"X social link\">\n\t\t\t\t\t\t<span class=\"wd-icon\"><\/span>\n\t\t\t\t\t\t\t\t\t\t\t<\/a>\n\t\t\t\t\n\t\t\t\t\n\t\t\t\t\n\t\t\t\t\n\t\t\t\t\n\t\t\t\t\n\t\t\t\t\t\t\t\t\t<a rel=\"noopener noreferrer nofollow\" href=\"https:\/\/pinterest.com\/pin\/create\/button\/?url=https:\/\/revistaexpofrio.com\/claudia-alvarez-gonzalez-nueva-secretaria-ejecutiva-de-la-camara\/&media=https:\/\/revistaexpofrio.com\/wp-includes\/images\/media\/default.svg&description=Claudia+%C3%81lvarez+Gonz%C3%A1lez%2C+nueva+Secretaria+Ejecutiva+de+la+C%C3%A1mara\" target=\"_blank\" class=\" wd-social-icon social-pinterest\" aria-label=\"Pinterest social link\">\n\t\t\t\t\t\t<span class=\"wd-icon\"><\/span>\n\t\t\t\t\t\t\t\t\t\t\t<\/a>\n\t\t\t\t\n\t\t\t\t\n\t\t\t\t\t\t\t\t\t<a rel=\"noopener noreferrer nofollow\" href=\"https:\/\/www.linkedin.com\/shareArticle?mini=true&url=https:\/\/revistaexpofrio.com\/claudia-alvarez-gonzalez-nueva-secretaria-ejecutiva-de-la-camara\/\" target=\"_blank\" class=\" wd-social-icon social-linkedin\" aria-label=\"Linkedin social link\">\n\t\t\t\t\t\t<span class=\"wd-icon\"><\/span>\n\t\t\t\t\t\t\t\t\t\t\t<\/a>\n\t\t\t\t\n\t\t\t\t\n\t\t\t\t\n\t\t\t\t\n\t\t\t\t\n\t\t\t\t\n\t\t\t\t\n\t\t\t\t\n\t\t\t\t\n\t\t\t\t\n\t\t\t\t\n\t\t\t\t\n\t\t\t\t\n\t\t\t\t\n\t\t\t\t\n\t\t\t\t\t\t\t\t\t<a rel=\"noopener noreferrer nofollow\" href=\"https:\/\/telegram.me\/share\/url?url=https:\/\/revistaexpofrio.com\/claudia-alvarez-gonzalez-nueva-secretaria-ejecutiva-de-la-camara\/\" target=\"_blank\" class=\" wd-social-icon social-tg\" aria-label=\"Telegram social link\">\n\t\t\t\t\t\t<span class=\"wd-icon\"><\/span>\n\t\t\t\t\t\t\t\t\t\t\t<\/a>\n\t\t\t\t\n\t\t\t\t\n\t\t\t<\/div>\n\n\t\t\t\t\t\t\t\t\t\t<\/div>\n\t\t\t\t\t\t\t\t<div class=\"tooltip-arrow\"><\/div>\n\t\t\t\t\t\t\t<\/div>\n\t\t\t\t\t\t<\/div>\n\t\t\t\t\t\n\t\t\t\t\t\t\t\t\t\t\t\t\t\t\t\t\t<div class=\"wd-post-reply wd-style-1\">\n\t\t\t\t\t\t\t<a href=\"https:\/\/revistaexpofrio.com\/claudia-alvarez-gonzalez-nueva-secretaria-ejecutiva-de-la-camara\/#respond\"><span class=\"wd-replies-count\">0<\/span><\/a>\t\t\t\t\t\t<\/div>\n\t\t\t\t\t\t\t\t\t<\/div>\n\t\t\t\n\t\t\t\t\t\t\t\t\t\t\t\t<div class=\"wd-post-excerpt entry-content\">\n\t\t\t\t\t\tClaudia \u00c1lvarez Gonz\u00e1lez asume como Secretaria Ejecutiva de la C\u00e1mara Chilena de Refrigeraci\u00f3n y Climatizaci\u00f3n A.G.\n\n\n\nClaudia \u00c1lvarez ...\t\t\t\t\t<\/div>\n\t\t\t\t\n\t\t\t\t\t\t\t\t\t\t\t\t\t\t<div class=\"wd-post-read-more wd-style-link read-more-section\">\n\t\t\t\t\t\t<a class=\"\" href=\"https:\/\/revistaexpofrio.com\/claudia-alvarez-gonzalez-nueva-secretaria-ejecutiva-de-la-camara\/\">Continue reading<\/a>\t\t\t\t\t<\/div>\n\t\t\t\t\t\t\t\t\t\t\t\t\t<\/div>\n\t<\/div>\n<\/article>\n\n\t\t\t\t\t\t\t\t\t\t\t\n<article id=\"post-19343\" class=\"wd-post blog-design-masonry blog-post-loop blog-style-bg wd-add-shadow wd-col post-19343 post type-post status-publish format-standard has-post-thumbnail hentry category-noticias category-sin-categoria tag-camaras-frigorificas tag-fridgelap tag-sodeca\">\n\t<div class=\"wd-post-inner article-inner\">\n\t\t\t\t\t<div class=\"wd-post-thumb entry-header\">\n\t\t\t\t\t\t\t\t\t<div class=\"wd-post-img post-img-wrapp\">\n\t\t\t\t\t\t\t\t\t\t\t<\/div>\n\t\t\t\t\t\t\t\t\t\t<a class=\"wd-fill\" tabindex=\"-1\" href=\"https:\/\/revistaexpofrio.com\/sodeca-optimiza-la-evacuacion-de-humos-en-camaras-frigorificas\/\" aria-label=\"Link on post Sodeca optimiza la evacuaci\u00f3n de humos en c\u00e1maras frigor\u00edficas\"><\/a>\n\t\t\t\t\n\t\t\t\t\t\t\t\t\t\t\t\t<div class=\"wd-post-date wd-style-with-bg\">\n\t\t\t\t<span class=\"post-date-day\">\n\t\t\t\t\t04\t\t\t\t<\/span>\n\t\t\t\t<span class=\"post-date-month\">\n\t\t\t\t\tFeb\t\t\t\t<\/span>\n\t\t\t<\/div>\n\t\t\t\t\t\t\t\t\t<\/div>\n\t\t\n\t\t<div class=\"wd-post-content article-body-container\">\n\t\t\t\t\t\t\t<div class=\"wd-post-cat wd-style-with-bg meta-post-categories\">\n\t\t\t\t\t<a href=\"https:\/\/revistaexpofrio.com\/category\/noticias\/\" rel=\"category tag\">Noticias HVAC-R<\/a>, <a href=\"https:\/\/revistaexpofrio.com\/category\/sin-categoria\/\" rel=\"category tag\">Sin categor\u00eda<\/a>\t\t\t\t<\/div>\n\t\t\t\n\t\t\t\t\t\t\t<h3 class=\"wd-post-title wd-entities-title title post-title\">\n\t\t\t\t\t<a href=\"https:\/\/revistaexpofrio.com\/sodeca-optimiza-la-evacuacion-de-humos-en-camaras-frigorificas\/\" rel=\"bookmark\">Sodeca optimiza la evacuaci\u00f3n de humos en c\u00e1maras frigor\u00edficas<\/a>\n\t\t\t\t<\/h3>\n\t\t\t\n\t\t\t\t\t\t\t<div class=\"wd-post-meta\">\n\t\t\t\t\t\t\t\t\t\t\t\t\t\t\t<div class=\"wd-post-author\">\n\t\t\t\t\t\t\t\t\t\t\t<span>Posted by<\/span>\n\t\t\n\t\t\t\t\t<img width=\"18\" height=\"18\" src=\"https:\/\/revistaexpofrio.com\/wp-content\/themes\/woodmart\/images\/lazy.svg\" class=\"avatar avatar-18 photo\" alt=\"author-avatar\" decoding=\"async\" srcset=\"\" sizes=\"(max-width: 18px) 100vw, 18px\" data-src=\"https:\/\/revistaexpofrio.com\/wp-content\/uploads\/2026\/01\/Foto-carnet.jpg-150x150.jpeg\" data-srcset=\"https:\/\/revistaexpofrio.com\/wp-content\/uploads\/2026\/01\/Foto-carnet.jpg-150x150.jpeg 150w, https:\/\/revistaexpofrio.com\/wp-content\/uploads\/2026\/01\/Foto-carnet.jpg-300x300.jpeg 300w, https:\/\/revistaexpofrio.com\/wp-content\/uploads\/2026\/01\/Foto-carnet.jpg-768x768.jpeg 768w, https:\/\/revistaexpofrio.com\/wp-content\/uploads\/2026\/01\/Foto-carnet.jpg.jpeg 800w\" \/>\t\t\n\t\t\t\t\t<a href=\"https:\/\/revistaexpofrio.com\/author\/carlos-hijar\/\" class=\"author\" rel=\"author\">Carlos H\u00edjar<\/a>\n\t\t\t\t\t\t\t\t\t<\/div>\n\t\t\t\t\t<div class=\"wd-modified-date\">\n\t\t\t\t\t\t\t\t<time class=\"updated\" datetime=\"2025-02-04T17:53:05-05:00\">\n\t\t\t4 febrero, 2025\t\t<\/time>\n\t\t\t\t\t\t\t<\/div>\n\n\t\t\t\t\t\t\t\t\t\t\t<div tabindex=\"0\" class=\"wd-post-share wd-tltp\">\n\t\t\t\t\t\t\t<div class=\"tooltip top\">\n\t\t\t\t\t\t\t\t<div class=\"tooltip-inner\">\n\t\t\t\t\t\t\t\t\t\t\t\t<div\n\t\t\t\t\t\tclass=\" wd-social-icons wd-style-default wd-size-small social-share wd-shape-circle color-scheme-light text-center\">\n\t\t\t\t\n\t\t\t\t\n\t\t\t\t\t\t\t\t\t<a rel=\"noopener noreferrer nofollow\" href=\"https:\/\/www.facebook.com\/sharer\/sharer.php?u=https:\/\/revistaexpofrio.com\/sodeca-optimiza-la-evacuacion-de-humos-en-camaras-frigorificas\/\" target=\"_blank\" class=\" wd-social-icon social-facebook\" aria-label=\"Facebook social link\">\n\t\t\t\t\t\t<span class=\"wd-icon\"><\/span>\n\t\t\t\t\t\t\t\t\t\t\t<\/a>\n\t\t\t\t\n\t\t\t\t\t\t\t\t\t<a rel=\"noopener noreferrer nofollow\" href=\"https:\/\/x.com\/share?url=https:\/\/revistaexpofrio.com\/sodeca-optimiza-la-evacuacion-de-humos-en-camaras-frigorificas\/\" target=\"_blank\" class=\" wd-social-icon social-twitter\" aria-label=\"X social link\">\n\t\t\t\t\t\t<span class=\"wd-icon\"><\/span>\n\t\t\t\t\t\t\t\t\t\t\t<\/a>\n\t\t\t\t\n\t\t\t\t\n\t\t\t\t\n\t\t\t\t\n\t\t\t\t\n\t\t\t\t\n\t\t\t\t\t\t\t\t\t<a rel=\"noopener noreferrer nofollow\" href=\"https:\/\/pinterest.com\/pin\/create\/button\/?url=https:\/\/revistaexpofrio.com\/sodeca-optimiza-la-evacuacion-de-humos-en-camaras-frigorificas\/&media=https:\/\/revistaexpofrio.com\/wp-includes\/images\/media\/default.svg&description=Sodeca+optimiza+la+evacuaci%C3%B3n+de+humos+en+c%C3%A1maras+frigor%C3%ADficas\" target=\"_blank\" class=\" wd-social-icon social-pinterest\" aria-label=\"Pinterest social link\">\n\t\t\t\t\t\t<span class=\"wd-icon\"><\/span>\n\t\t\t\t\t\t\t\t\t\t\t<\/a>\n\t\t\t\t\n\t\t\t\t\n\t\t\t\t\t\t\t\t\t<a rel=\"noopener noreferrer nofollow\" href=\"https:\/\/www.linkedin.com\/shareArticle?mini=true&url=https:\/\/revistaexpofrio.com\/sodeca-optimiza-la-evacuacion-de-humos-en-camaras-frigorificas\/\" target=\"_blank\" class=\" wd-social-icon social-linkedin\" aria-label=\"Linkedin social link\">\n\t\t\t\t\t\t<span class=\"wd-icon\"><\/span>\n\t\t\t\t\t\t\t\t\t\t\t<\/a>\n\t\t\t\t\n\t\t\t\t\n\t\t\t\t\n\t\t\t\t\n\t\t\t\t\n\t\t\t\t\n\t\t\t\t\n\t\t\t\t\n\t\t\t\t\n\t\t\t\t\n\t\t\t\t\n\t\t\t\t\n\t\t\t\t\n\t\t\t\t\n\t\t\t\t\n\t\t\t\t\t\t\t\t\t<a rel=\"noopener noreferrer nofollow\" href=\"https:\/\/telegram.me\/share\/url?url=https:\/\/revistaexpofrio.com\/sodeca-optimiza-la-evacuacion-de-humos-en-camaras-frigorificas\/\" target=\"_blank\" class=\" wd-social-icon social-tg\" aria-label=\"Telegram social link\">\n\t\t\t\t\t\t<span class=\"wd-icon\"><\/span>\n\t\t\t\t\t\t\t\t\t\t\t<\/a>\n\t\t\t\t\n\t\t\t\t\n\t\t\t<\/div>\n\n\t\t\t\t\t\t\t\t\t\t<\/div>\n\t\t\t\t\t\t\t\t<div class=\"tooltip-arrow\"><\/div>\n\t\t\t\t\t\t\t<\/div>\n\t\t\t\t\t\t<\/div>\n\t\t\t\t\t\n\t\t\t\t\t\t\t\t\t\t\t\t\t\t\t\t\t<div class=\"wd-post-reply wd-style-1\">\n\t\t\t\t\t\t\t<a href=\"https:\/\/revistaexpofrio.com\/sodeca-optimiza-la-evacuacion-de-humos-en-camaras-frigorificas\/#respond\"><span class=\"wd-replies-count\">0<\/span><\/a>\t\t\t\t\t\t<\/div>\n\t\t\t\t\t\t\t\t\t<\/div>\n\t\t\t\n\t\t\t\t\t\t\t\t\t\t\t\t<div class=\"wd-post-excerpt entry-content\">\n\t\t\t\t\t\tLas compuertas de Sodeca aseguran una evacuaci\u00f3n de humos confiable en c\u00e1maras frigor\u00edficas, incluso en temperaturas extremas.\n\n\n\nLa ev...\t\t\t\t\t<\/div>\n\t\t\t\t\n\t\t\t\t\t\t\t\t\t\t\t\t\t\t<div class=\"wd-post-read-more wd-style-link read-more-section\">\n\t\t\t\t\t\t<a class=\"\" href=\"https:\/\/revistaexpofrio.com\/sodeca-optimiza-la-evacuacion-de-humos-en-camaras-frigorificas\/\">Continue reading<\/a>\t\t\t\t\t<\/div>\n\t\t\t\t\t\t\t\t\t\t\t\t\t<\/div>\n\t<\/div>\n<\/article>\n\n\t\t\t\t\t\t\t\t\t\t\t\n<article id=\"post-19407\" class=\"wd-post blog-design-masonry blog-post-loop blog-style-bg wd-add-shadow wd-col post-19407 post type-post status-publish format-standard has-post-thumbnail hentry category-sin-categoria tag-daikin tag-japon tag-sistemas-hvac\">\n\t<div class=\"wd-post-inner article-inner\">\n\t\t\t\t\t<div class=\"wd-post-thumb entry-header\">\n\t\t\t\t\t\t\t\t\t<div class=\"wd-post-img post-img-wrapp\">\n\t\t\t\t\t\t\t\t\t\t\t<\/div>\n\t\t\t\t\t\t\t\t\t\t<a class=\"wd-fill\" tabindex=\"-1\" href=\"https:\/\/revistaexpofrio.com\/como-transformara-daikin-la-climatizacion-en-woven-city\/\" aria-label=\"Link on post \u00bfC\u00f3mo transformar\u00e1 Daikin la climatizaci\u00f3n en Woven City?\"><\/a>\n\t\t\t\t\n\t\t\t\t\t\t\t\t\t\t\t\t<div class=\"wd-post-date wd-style-with-bg\">\n\t\t\t\t<span class=\"post-date-day\">\n\t\t\t\t\t20\t\t\t\t<\/span>\n\t\t\t\t<span class=\"post-date-month\">\n\t\t\t\t\tEne\t\t\t\t<\/span>\n\t\t\t<\/div>\n\t\t\t\t\t\t\t\t\t<\/div>\n\t\t\n\t\t<div class=\"wd-post-content article-body-container\">\n\t\t\t\t\t\t\t<div class=\"wd-post-cat wd-style-with-bg meta-post-categories\">\n\t\t\t\t\t<a href=\"https:\/\/revistaexpofrio.com\/category\/sin-categoria\/\" rel=\"category tag\">Sin categor\u00eda<\/a>\t\t\t\t<\/div>\n\t\t\t\n\t\t\t\t\t\t\t<h3 class=\"wd-post-title wd-entities-title title post-title\">\n\t\t\t\t\t<a href=\"https:\/\/revistaexpofrio.com\/como-transformara-daikin-la-climatizacion-en-woven-city\/\" rel=\"bookmark\">\u00bfC\u00f3mo transformar\u00e1 Daikin la climatizaci\u00f3n en Woven City?<\/a>\n\t\t\t\t<\/h3>\n\t\t\t\n\t\t\t\t\t\t\t<div class=\"wd-post-meta\">\n\t\t\t\t\t\t\t\t\t\t\t\t\t\t\t<div class=\"wd-post-author\">\n\t\t\t\t\t\t\t\t\t\t\t<span>Posted by<\/span>\n\t\t\n\t\t\t\t\t<img width=\"18\" height=\"18\" src=\"https:\/\/revistaexpofrio.com\/wp-content\/themes\/woodmart\/images\/lazy.svg\" class=\"avatar avatar-18 photo\" alt=\"author-avatar\" decoding=\"async\" srcset=\"\" sizes=\"(max-width: 18px) 100vw, 18px\" data-src=\"https:\/\/revistaexpofrio.com\/wp-content\/uploads\/2026\/01\/Foto-carnet.jpg-150x150.jpeg\" data-srcset=\"https:\/\/revistaexpofrio.com\/wp-content\/uploads\/2026\/01\/Foto-carnet.jpg-150x150.jpeg 150w, https:\/\/revistaexpofrio.com\/wp-content\/uploads\/2026\/01\/Foto-carnet.jpg-300x300.jpeg 300w, https:\/\/revistaexpofrio.com\/wp-content\/uploads\/2026\/01\/Foto-carnet.jpg-768x768.jpeg 768w, https:\/\/revistaexpofrio.com\/wp-content\/uploads\/2026\/01\/Foto-carnet.jpg.jpeg 800w\" \/>\t\t\n\t\t\t\t\t<a href=\"https:\/\/revistaexpofrio.com\/author\/carlos-hijar\/\" class=\"author\" rel=\"author\">Carlos H\u00edjar<\/a>\n\t\t\t\t\t\t\t\t\t<\/div>\n\t\t\t\t\t<div class=\"wd-modified-date\">\n\t\t\t\t\t\t\t\t<time class=\"updated\" datetime=\"2025-01-20T16:27:31-05:00\">\n\t\t\t20 enero, 2025\t\t<\/time>\n\t\t\t\t\t\t\t<\/div>\n\n\t\t\t\t\t\t\t\t\t\t\t<div tabindex=\"0\" class=\"wd-post-share wd-tltp\">\n\t\t\t\t\t\t\t<div class=\"tooltip top\">\n\t\t\t\t\t\t\t\t<div class=\"tooltip-inner\">\n\t\t\t\t\t\t\t\t\t\t\t\t<div\n\t\t\t\t\t\tclass=\" wd-social-icons wd-style-default wd-size-small social-share wd-shape-circle color-scheme-light text-center\">\n\t\t\t\t\n\t\t\t\t\n\t\t\t\t\t\t\t\t\t<a rel=\"noopener noreferrer nofollow\" href=\"https:\/\/www.facebook.com\/sharer\/sharer.php?u=https:\/\/revistaexpofrio.com\/como-transformara-daikin-la-climatizacion-en-woven-city\/\" target=\"_blank\" class=\" wd-social-icon social-facebook\" aria-label=\"Facebook social link\">\n\t\t\t\t\t\t<span class=\"wd-icon\"><\/span>\n\t\t\t\t\t\t\t\t\t\t\t<\/a>\n\t\t\t\t\n\t\t\t\t\t\t\t\t\t<a rel=\"noopener noreferrer nofollow\" href=\"https:\/\/x.com\/share?url=https:\/\/revistaexpofrio.com\/como-transformara-daikin-la-climatizacion-en-woven-city\/\" target=\"_blank\" class=\" wd-social-icon social-twitter\" aria-label=\"X social link\">\n\t\t\t\t\t\t<span class=\"wd-icon\"><\/span>\n\t\t\t\t\t\t\t\t\t\t\t<\/a>\n\t\t\t\t\n\t\t\t\t\n\t\t\t\t\n\t\t\t\t\n\t\t\t\t\n\t\t\t\t\n\t\t\t\t\t\t\t\t\t<a rel=\"noopener noreferrer nofollow\" href=\"https:\/\/pinterest.com\/pin\/create\/button\/?url=https:\/\/revistaexpofrio.com\/como-transformara-daikin-la-climatizacion-en-woven-city\/&media=https:\/\/revistaexpofrio.com\/wp-includes\/images\/media\/default.svg&description=%C2%BFC%C3%B3mo+transformar%C3%A1+Daikin+la+climatizaci%C3%B3n+en+Woven+City%3F\" target=\"_blank\" class=\" wd-social-icon social-pinterest\" aria-label=\"Pinterest social link\">\n\t\t\t\t\t\t<span class=\"wd-icon\"><\/span>\n\t\t\t\t\t\t\t\t\t\t\t<\/a>\n\t\t\t\t\n\t\t\t\t\n\t\t\t\t\t\t\t\t\t<a rel=\"noopener noreferrer nofollow\" href=\"https:\/\/www.linkedin.com\/shareArticle?mini=true&url=https:\/\/revistaexpofrio.com\/como-transformara-daikin-la-climatizacion-en-woven-city\/\" target=\"_blank\" class=\" wd-social-icon social-linkedin\" aria-label=\"Linkedin social link\">\n\t\t\t\t\t\t<span class=\"wd-icon\"><\/span>\n\t\t\t\t\t\t\t\t\t\t\t<\/a>\n\t\t\t\t\n\t\t\t\t\n\t\t\t\t\n\t\t\t\t\n\t\t\t\t\n\t\t\t\t\n\t\t\t\t\n\t\t\t\t\n\t\t\t\t\n\t\t\t\t\n\t\t\t\t\n\t\t\t\t\n\t\t\t\t\n\t\t\t\t\n\t\t\t\t\n\t\t\t\t\t\t\t\t\t<a rel=\"noopener noreferrer nofollow\" href=\"https:\/\/telegram.me\/share\/url?url=https:\/\/revistaexpofrio.com\/como-transformara-daikin-la-climatizacion-en-woven-city\/\" target=\"_blank\" class=\" wd-social-icon social-tg\" aria-label=\"Telegram social link\">\n\t\t\t\t\t\t<span class=\"wd-icon\"><\/span>\n\t\t\t\t\t\t\t\t\t\t\t<\/a>\n\t\t\t\t\n\t\t\t\t\n\t\t\t<\/div>\n\n\t\t\t\t\t\t\t\t\t\t<\/div>\n\t\t\t\t\t\t\t\t<div class=\"tooltip-arrow\"><\/div>\n\t\t\t\t\t\t\t<\/div>\n\t\t\t\t\t\t<\/div>\n\t\t\t\t\t\n\t\t\t\t\t\t\t\t\t\t\t\t\t\t\t\t\t<div class=\"wd-post-reply wd-style-1\">\n\t\t\t\t\t\t\t<a href=\"https:\/\/revistaexpofrio.com\/como-transformara-daikin-la-climatizacion-en-woven-city\/#respond\"><span class=\"wd-replies-count\">0<\/span><\/a>\t\t\t\t\t\t<\/div>\n\t\t\t\t\t\t\t\t\t<\/div>\n\t\t\t\n\t\t\t\t\t\t\t\t\t\t\t\t<div class=\"wd-post-excerpt entry-content\">\n\t\t\t\t\t\tDaikin probar\u00e1 en Woven City sistemas de climatizaci\u00f3n avanzados que mejoran el bienestar con espacios sin polen y est\u00edmulos multisenso...\t\t\t\t\t<\/div>\n\t\t\t\t\n\t\t\t\t\t\t\t\t\t\t\t\t\t\t<div class=\"wd-post-read-more wd-style-link read-more-section\">\n\t\t\t\t\t\t<a class=\"\" href=\"https:\/\/revistaexpofrio.com\/como-transformara-daikin-la-climatizacion-en-woven-city\/\">Continue reading<\/a>\t\t\t\t\t<\/div>\n\t\t\t\t\t\t\t\t\t\t\t\t\t<\/div>\n\t<\/div>\n<\/article>\n\n\t\t\t\t\t\n\t\t\t\t\t","status":"have-posts","nextPage":"https:\/\/revistaexpofrio.com\/category\/sin-categoria\/page\/3\/?woo_ajax=1","currentPage":"https:\/\/revistaexpofrio.com\/category\/sin-categoria\/page\/2"}