
			
				

					
				

			
		{"items":"\n\t\t\t\t\t\t\t\t\t\t\t\t\t\t<link rel=\"stylesheet\" id=\"wd-post-types-mod-categories-style-bg-css\" href=\"https:\/\/revistaexpofrio.com\/wp-content\/themes\/woodmart\/css\/parts\/post-types-mod-categories-style-bg.min.css?ver=8.3.4\" type=\"text\/css\" media=\"all\" \/> \t\t\t\n<article id=\"post-18722\" class=\"wd-post blog-design-masonry blog-post-loop blog-style-bg wd-add-shadow wd-col post-18722 post type-post status-publish format-standard has-post-thumbnail hentry category-noticias tag-brasil tag-climatizacion tag-lg-electronics\">\n\t<div class=\"wd-post-inner article-inner\">\n\t\t\t\t\t<div class=\"wd-post-thumb entry-header\">\n\t\t\t\t\t\t\t\t\t<div class=\"wd-post-img post-img-wrapp\">\n\t\t\t\t\t\t\t\t\t\t\t<\/div>\n\t\t\t\t\t\t\t\t\t\t<a class=\"wd-fill\" tabindex=\"-1\" href=\"https:\/\/revistaexpofrio.com\/instaladores-de-brasil-participan-en-academia-internacional-de-lg\/\" aria-label=\"Link on post Instaladores de Brasil participan en academia internacional de LG\"><\/a>\n\t\t\t\t\n\t\t\t\t\t\t\t\t\t\t\t\t<link rel=\"stylesheet\" id=\"wd-post-types-mod-date-style-bg-css\" href=\"https:\/\/revistaexpofrio.com\/wp-content\/themes\/woodmart\/css\/parts\/post-types-mod-date-style-bg.min.css?ver=8.3.4\" type=\"text\/css\" media=\"all\" \/> \t\t\t\t\t\t<div class=\"wd-post-date wd-style-with-bg\">\n\t\t\t\t<span class=\"post-date-day\">\n\t\t\t\t\t17\t\t\t\t<\/span>\n\t\t\t\t<span class=\"post-date-month\">\n\t\t\t\t\tNov\t\t\t\t<\/span>\n\t\t\t<\/div>\n\t\t\t\t\t\t\t\t\t<\/div>\n\t\t\n\t\t<div class=\"wd-post-content article-body-container\">\n\t\t\t\t\t\t\t<div class=\"wd-post-cat wd-style-with-bg meta-post-categories\">\n\t\t\t\t\t<a href=\"https:\/\/revistaexpofrio.com\/category\/noticias\/\" rel=\"category tag\">Noticias HVAC-R<\/a>\t\t\t\t<\/div>\n\t\t\t\n\t\t\t\t\t\t\t<h3 class=\"wd-post-title wd-entities-title title post-title\">\n\t\t\t\t\t<a href=\"https:\/\/revistaexpofrio.com\/instaladores-de-brasil-participan-en-academia-internacional-de-lg\/\" rel=\"bookmark\">Instaladores de Brasil participan en academia internacional de LG<\/a>\n\t\t\t\t<\/h3>\n\t\t\t\n\t\t\t\t\t\t\t<div class=\"wd-post-meta\">\n\t\t\t\t\t\t\t\t\t\t\t\t\t<link rel=\"stylesheet\" id=\"wd-blog-mod-author-css\" href=\"https:\/\/revistaexpofrio.com\/wp-content\/themes\/woodmart\/css\/parts\/blog-mod-author.min.css?ver=8.3.4\" type=\"text\/css\" media=\"all\" \/> \t\t\t\t\t\t\t\t<div class=\"wd-post-author\">\n\t\t\t\t\t\t\t\t\t\t\t<span>Posted by<\/span>\n\t\t\n\t\t\t\t\t<img width=\"18\" height=\"18\" src=\"https:\/\/revistaexpofrio.com\/wp-content\/themes\/woodmart\/images\/lazy.svg\" class=\"avatar avatar-18 photo\" alt=\"author-avatar\" decoding=\"async\" srcset=\"\" sizes=\"(max-width: 18px) 100vw, 18px\" data-src=\"https:\/\/revistaexpofrio.com\/wp-content\/uploads\/2026\/01\/Foto-carnet.jpg-150x150.jpeg\" data-srcset=\"https:\/\/revistaexpofrio.com\/wp-content\/uploads\/2026\/01\/Foto-carnet.jpg-150x150.jpeg 150w, https:\/\/revistaexpofrio.com\/wp-content\/uploads\/2026\/01\/Foto-carnet.jpg-300x300.jpeg 300w, https:\/\/revistaexpofrio.com\/wp-content\/uploads\/2026\/01\/Foto-carnet.jpg-768x768.jpeg 768w, https:\/\/revistaexpofrio.com\/wp-content\/uploads\/2026\/01\/Foto-carnet.jpg.jpeg 800w\" \/>\t\t\n\t\t\t\t\t<a href=\"https:\/\/revistaexpofrio.com\/author\/carlos-hijar\/\" class=\"author\" rel=\"author\">Carlos H\u00edjar<\/a>\n\t\t\t\t\t\t\t\t\t<\/div>\n\t\t\t\t\t<div class=\"wd-modified-date\">\n\t\t\t\t\t\t\t\t<time class=\"updated\" datetime=\"2025-11-17T10:44:30-05:00\">\n\t\t\t17 noviembre, 2025\t\t<\/time>\n\t\t\t\t\t\t\t<\/div>\n\n\t\t\t\t\t\t\t\t\t\t\t<div tabindex=\"0\" class=\"wd-post-share wd-tltp\">\n\t\t\t\t\t\t\t<div class=\"tooltip top\">\n\t\t\t\t\t\t\t\t<div class=\"tooltip-inner\">\n\t\t\t\t\t\t\t\t\t\t\t\t<link rel=\"stylesheet\" id=\"wd-social-icons-css\" href=\"https:\/\/revistaexpofrio.com\/wp-content\/themes\/woodmart\/css\/parts\/el-social-icons.min.css?ver=8.3.4\" type=\"text\/css\" media=\"all\" \/> \t\t\t\t\t\t<div\n\t\t\t\t\t\tclass=\" wd-social-icons wd-style-default wd-size-small social-share wd-shape-circle color-scheme-light text-center\">\n\t\t\t\t\n\t\t\t\t\n\t\t\t\t\t\t\t\t\t<a rel=\"noopener noreferrer nofollow\" href=\"https:\/\/www.facebook.com\/sharer\/sharer.php?u=https:\/\/revistaexpofrio.com\/instaladores-de-brasil-participan-en-academia-internacional-de-lg\/\" target=\"_blank\" class=\" wd-social-icon social-facebook\" aria-label=\"Facebook social link\">\n\t\t\t\t\t\t<span class=\"wd-icon\"><\/span>\n\t\t\t\t\t\t\t\t\t\t\t<\/a>\n\t\t\t\t\n\t\t\t\t\t\t\t\t\t<a rel=\"noopener noreferrer nofollow\" href=\"https:\/\/x.com\/share?url=https:\/\/revistaexpofrio.com\/instaladores-de-brasil-participan-en-academia-internacional-de-lg\/\" target=\"_blank\" class=\" wd-social-icon social-twitter\" aria-label=\"X social link\">\n\t\t\t\t\t\t<span class=\"wd-icon\"><\/span>\n\t\t\t\t\t\t\t\t\t\t\t<\/a>\n\t\t\t\t\n\t\t\t\t\n\t\t\t\t\n\t\t\t\t\n\t\t\t\t\n\t\t\t\t\n\t\t\t\t\t\t\t\t\t<a rel=\"noopener noreferrer nofollow\" href=\"https:\/\/pinterest.com\/pin\/create\/button\/?url=https:\/\/revistaexpofrio.com\/instaladores-de-brasil-participan-en-academia-internacional-de-lg\/&media=https:\/\/revistaexpofrio.com\/wp-includes\/images\/media\/default.svg&description=Instaladores+de+Brasil+participan+en+academia+internacional+de+LG\" target=\"_blank\" class=\" wd-social-icon social-pinterest\" aria-label=\"Pinterest social link\">\n\t\t\t\t\t\t<span class=\"wd-icon\"><\/span>\n\t\t\t\t\t\t\t\t\t\t\t<\/a>\n\t\t\t\t\n\t\t\t\t\n\t\t\t\t\t\t\t\t\t<a rel=\"noopener noreferrer nofollow\" href=\"https:\/\/www.linkedin.com\/shareArticle?mini=true&url=https:\/\/revistaexpofrio.com\/instaladores-de-brasil-participan-en-academia-internacional-de-lg\/\" target=\"_blank\" class=\" wd-social-icon social-linkedin\" aria-label=\"Linkedin social link\">\n\t\t\t\t\t\t<span class=\"wd-icon\"><\/span>\n\t\t\t\t\t\t\t\t\t\t\t<\/a>\n\t\t\t\t\n\t\t\t\t\n\t\t\t\t\n\t\t\t\t\n\t\t\t\t\n\t\t\t\t\n\t\t\t\t\n\t\t\t\t\n\t\t\t\t\n\t\t\t\t\n\t\t\t\t\n\t\t\t\t\n\t\t\t\t\n\t\t\t\t\n\t\t\t\t\n\t\t\t\t\t\t\t\t\t<a rel=\"noopener noreferrer nofollow\" href=\"https:\/\/telegram.me\/share\/url?url=https:\/\/revistaexpofrio.com\/instaladores-de-brasil-participan-en-academia-internacional-de-lg\/\" target=\"_blank\" class=\" wd-social-icon social-tg\" aria-label=\"Telegram social link\">\n\t\t\t\t\t\t<span class=\"wd-icon\"><\/span>\n\t\t\t\t\t\t\t\t\t\t\t<\/a>\n\t\t\t\t\n\t\t\t\t\n\t\t\t<\/div>\n\n\t\t\t\t\t\t\t\t\t\t<\/div>\n\t\t\t\t\t\t\t\t<div class=\"tooltip-arrow\"><\/div>\n\t\t\t\t\t\t\t<\/div>\n\t\t\t\t\t\t<\/div>\n\t\t\t\t\t\n\t\t\t\t\t\t\t\t\t\t\t\t\t\t<link rel=\"stylesheet\" id=\"wd-blog-mod-comments-button-css\" href=\"https:\/\/revistaexpofrio.com\/wp-content\/themes\/woodmart\/css\/parts\/blog-mod-comments-button.min.css?ver=8.3.4\" type=\"text\/css\" media=\"all\" \/> \t\t\t\t\t\t\t\t\t<div class=\"wd-post-reply wd-style-1\">\n\t\t\t\t\t\t\t<a href=\"https:\/\/revistaexpofrio.com\/instaladores-de-brasil-participan-en-academia-internacional-de-lg\/#respond\"><span class=\"wd-replies-count\">0<\/span><\/a>\t\t\t\t\t\t<\/div>\n\t\t\t\t\t\t\t\t\t<\/div>\n\t\t\t\n\t\t\t\t\t\t\t\t\t\t\t\t<div class=\"wd-post-excerpt entry-content\">\n\t\t\t\t\t\tLa Academia LG Brasil reuni\u00f3 a instaladores en Corea del Sur para fortalecer habilidades t\u00e9cnicas, compartir experiencias y conocer ava...\t\t\t\t\t<\/div>\n\t\t\t\t\n\t\t\t\t\t\t\t\t\t\t\t\t\t\t<div class=\"wd-post-read-more wd-style-link read-more-section\">\n\t\t\t\t\t\t<a class=\"\" href=\"https:\/\/revistaexpofrio.com\/instaladores-de-brasil-participan-en-academia-internacional-de-lg\/\">Continue reading<\/a>\t\t\t\t\t<\/div>\n\t\t\t\t\t\t\t\t\t\t\t\t\t<\/div>\n\t<\/div>\n<\/article>\n\n\t\t\t\t\t\t\t\t\t\t\t\n<article id=\"post-18738\" class=\"wd-post blog-design-masonry blog-post-loop blog-style-bg wd-add-shadow wd-col post-18738 post type-post status-publish format-standard hentry category-noticias tag-brasil tag-r290\">\n\t<div class=\"wd-post-inner article-inner\">\n\t\t\n\t\t<div class=\"wd-post-content article-body-container\">\n\t\t\t\t\t\t\t<div class=\"wd-post-cat wd-style-with-bg meta-post-categories\">\n\t\t\t\t\t<a href=\"https:\/\/revistaexpofrio.com\/category\/noticias\/\" rel=\"category tag\">Noticias HVAC-R<\/a>\t\t\t\t<\/div>\n\t\t\t\n\t\t\t\t\t\t\t<h3 class=\"wd-post-title wd-entities-title title post-title\">\n\t\t\t\t\t<a href=\"https:\/\/revistaexpofrio.com\/pbh-fortalece-capacitacion-nacional-sobre-refrigerantes-naturales-en-brasil\/\" rel=\"bookmark\">PBH fortalece capacitaci\u00f3n nacional sobre refrigerantes naturales en Brasil<\/a>\n\t\t\t\t<\/h3>\n\t\t\t\n\t\t\t\t\t\t\t<div class=\"wd-post-meta\">\n\t\t\t\t\t\t\t\t\t\t\t\t\t\t\t<div class=\"wd-post-author\">\n\t\t\t\t\t\t\t\t\t\t\t<span>Posted by<\/span>\n\t\t\n\t\t\t\t\t<img width=\"18\" height=\"18\" src=\"https:\/\/revistaexpofrio.com\/wp-content\/themes\/woodmart\/images\/lazy.svg\" class=\"avatar avatar-18 photo\" alt=\"author-avatar\" decoding=\"async\" srcset=\"\" sizes=\"(max-width: 18px) 100vw, 18px\" data-src=\"https:\/\/revistaexpofrio.com\/wp-content\/uploads\/2026\/01\/Foto-carnet.jpg-150x150.jpeg\" data-srcset=\"https:\/\/revistaexpofrio.com\/wp-content\/uploads\/2026\/01\/Foto-carnet.jpg-150x150.jpeg 150w, https:\/\/revistaexpofrio.com\/wp-content\/uploads\/2026\/01\/Foto-carnet.jpg-300x300.jpeg 300w, https:\/\/revistaexpofrio.com\/wp-content\/uploads\/2026\/01\/Foto-carnet.jpg-768x768.jpeg 768w, https:\/\/revistaexpofrio.com\/wp-content\/uploads\/2026\/01\/Foto-carnet.jpg.jpeg 800w\" \/>\t\t\n\t\t\t\t\t<a href=\"https:\/\/revistaexpofrio.com\/author\/carlos-hijar\/\" class=\"author\" rel=\"author\">Carlos H\u00edjar<\/a>\n\t\t\t\t\t\t\t\t\t<\/div>\n\t\t\t\t\t<div class=\"wd-modified-date\">\n\t\t\t\t\t\t\t\t<time class=\"updated\" datetime=\"2025-11-10T15:50:47-05:00\">\n\t\t\t10 noviembre, 2025\t\t<\/time>\n\t\t\t\t\t\t\t<\/div>\n\n\t\t\t\t\t\t\t\t\t\t\t<div tabindex=\"0\" class=\"wd-post-share wd-tltp\">\n\t\t\t\t\t\t\t<div class=\"tooltip top\">\n\t\t\t\t\t\t\t\t<div class=\"tooltip-inner\">\n\t\t\t\t\t\t\t\t\t\t\t\t<div\n\t\t\t\t\t\tclass=\" wd-social-icons wd-style-default wd-size-small social-share wd-shape-circle color-scheme-light text-center\">\n\t\t\t\t\n\t\t\t\t\n\t\t\t\t\t\t\t\t\t<a rel=\"noopener noreferrer nofollow\" href=\"https:\/\/www.facebook.com\/sharer\/sharer.php?u=https:\/\/revistaexpofrio.com\/pbh-fortalece-capacitacion-nacional-sobre-refrigerantes-naturales-en-brasil\/\" target=\"_blank\" class=\" wd-social-icon social-facebook\" aria-label=\"Facebook social link\">\n\t\t\t\t\t\t<span class=\"wd-icon\"><\/span>\n\t\t\t\t\t\t\t\t\t\t\t<\/a>\n\t\t\t\t\n\t\t\t\t\t\t\t\t\t<a rel=\"noopener noreferrer nofollow\" href=\"https:\/\/x.com\/share?url=https:\/\/revistaexpofrio.com\/pbh-fortalece-capacitacion-nacional-sobre-refrigerantes-naturales-en-brasil\/\" target=\"_blank\" class=\" wd-social-icon social-twitter\" aria-label=\"X social link\">\n\t\t\t\t\t\t<span class=\"wd-icon\"><\/span>\n\t\t\t\t\t\t\t\t\t\t\t<\/a>\n\t\t\t\t\n\t\t\t\t\n\t\t\t\t\n\t\t\t\t\n\t\t\t\t\n\t\t\t\t\n\t\t\t\t\t\t\t\t\t<a rel=\"noopener noreferrer nofollow\" href=\"https:\/\/pinterest.com\/pin\/create\/button\/?url=https:\/\/revistaexpofrio.com\/pbh-fortalece-capacitacion-nacional-sobre-refrigerantes-naturales-en-brasil\/&media=https:\/\/revistaexpofrio.com\/wp-includes\/images\/media\/default.svg&description=PBH+fortalece+capacitaci%C3%B3n+nacional+sobre+refrigerantes+naturales+en+Brasil\" target=\"_blank\" class=\" wd-social-icon social-pinterest\" aria-label=\"Pinterest social link\">\n\t\t\t\t\t\t<span class=\"wd-icon\"><\/span>\n\t\t\t\t\t\t\t\t\t\t\t<\/a>\n\t\t\t\t\n\t\t\t\t\n\t\t\t\t\t\t\t\t\t<a rel=\"noopener noreferrer nofollow\" href=\"https:\/\/www.linkedin.com\/shareArticle?mini=true&url=https:\/\/revistaexpofrio.com\/pbh-fortalece-capacitacion-nacional-sobre-refrigerantes-naturales-en-brasil\/\" target=\"_blank\" class=\" wd-social-icon social-linkedin\" aria-label=\"Linkedin social link\">\n\t\t\t\t\t\t<span class=\"wd-icon\"><\/span>\n\t\t\t\t\t\t\t\t\t\t\t<\/a>\n\t\t\t\t\n\t\t\t\t\n\t\t\t\t\n\t\t\t\t\n\t\t\t\t\n\t\t\t\t\n\t\t\t\t\n\t\t\t\t\n\t\t\t\t\n\t\t\t\t\n\t\t\t\t\n\t\t\t\t\n\t\t\t\t\n\t\t\t\t\n\t\t\t\t\n\t\t\t\t\t\t\t\t\t<a rel=\"noopener noreferrer nofollow\" href=\"https:\/\/telegram.me\/share\/url?url=https:\/\/revistaexpofrio.com\/pbh-fortalece-capacitacion-nacional-sobre-refrigerantes-naturales-en-brasil\/\" target=\"_blank\" class=\" wd-social-icon social-tg\" aria-label=\"Telegram social link\">\n\t\t\t\t\t\t<span class=\"wd-icon\"><\/span>\n\t\t\t\t\t\t\t\t\t\t\t<\/a>\n\t\t\t\t\n\t\t\t\t\n\t\t\t<\/div>\n\n\t\t\t\t\t\t\t\t\t\t<\/div>\n\t\t\t\t\t\t\t\t<div class=\"tooltip-arrow\"><\/div>\n\t\t\t\t\t\t\t<\/div>\n\t\t\t\t\t\t<\/div>\n\t\t\t\t\t\n\t\t\t\t\t\t\t\t\t\t\t\t\t\t\t\t\t<div class=\"wd-post-reply wd-style-1\">\n\t\t\t\t\t\t\t<a href=\"https:\/\/revistaexpofrio.com\/pbh-fortalece-capacitacion-nacional-sobre-refrigerantes-naturales-en-brasil\/#respond\"><span class=\"wd-replies-count\">0<\/span><\/a>\t\t\t\t\t\t<\/div>\n\t\t\t\t\t\t\t\t\t<\/div>\n\t\t\t\n\t\t\t\t\t\t\t\t\t\t\t\t<div class=\"wd-post-excerpt entry-content\">\n\t\t\t\t\t\tEl programa form\u00f3 instructores en CO\u2082 y R-290 para impulsar buenas pr\u00e1cticas, mayor seguridad operativa y avanzar en la eliminaci\u00f3n pro...\t\t\t\t\t<\/div>\n\t\t\t\t\n\t\t\t\t\t\t\t\t\t\t\t\t\t\t<div class=\"wd-post-read-more wd-style-link read-more-section\">\n\t\t\t\t\t\t<a class=\"\" href=\"https:\/\/revistaexpofrio.com\/pbh-fortalece-capacitacion-nacional-sobre-refrigerantes-naturales-en-brasil\/\">Continue reading<\/a>\t\t\t\t\t<\/div>\n\t\t\t\t\t\t\t\t\t\t\t\t\t<\/div>\n\t<\/div>\n<\/article>\n\n\t\t\t\t\t\t\t\t\t\t\t\n<article id=\"post-18756\" class=\"wd-post blog-design-masonry blog-post-loop blog-style-bg wd-add-shadow wd-col post-18756 post type-post status-publish format-standard has-post-thumbnail hentry category-noticias tag-brasil tag-cop30 tag-refrigeracion-2\">\n\t<div class=\"wd-post-inner article-inner\">\n\t\t\t\t\t<div class=\"wd-post-thumb entry-header\">\n\t\t\t\t\t\t\t\t\t<div class=\"wd-post-img post-img-wrapp\">\n\t\t\t\t\t\t\t\t\t\t\t<\/div>\n\t\t\t\t\t\t\t\t\t\t<a class=\"wd-fill\" tabindex=\"-1\" href=\"https:\/\/revistaexpofrio.com\/brasil-anuncia-pabellon-de-refrigeracion-sostenible-en-la-cop30\/\" aria-label=\"Link on post Brasil anuncia pabell\u00f3n de refrigeraci\u00f3n sostenible en la COP30\"><\/a>\n\t\t\t\t\n\t\t\t\t\t\t\t\t\t\t\t\t<div class=\"wd-post-date wd-style-with-bg\">\n\t\t\t\t<span class=\"post-date-day\">\n\t\t\t\t\t03\t\t\t\t<\/span>\n\t\t\t\t<span class=\"post-date-month\">\n\t\t\t\t\tNov\t\t\t\t<\/span>\n\t\t\t<\/div>\n\t\t\t\t\t\t\t\t\t<\/div>\n\t\t\n\t\t<div class=\"wd-post-content article-body-container\">\n\t\t\t\t\t\t\t<div class=\"wd-post-cat wd-style-with-bg meta-post-categories\">\n\t\t\t\t\t<a href=\"https:\/\/revistaexpofrio.com\/category\/noticias\/\" rel=\"category tag\">Noticias HVAC-R<\/a>\t\t\t\t<\/div>\n\t\t\t\n\t\t\t\t\t\t\t<h3 class=\"wd-post-title wd-entities-title title post-title\">\n\t\t\t\t\t<a href=\"https:\/\/revistaexpofrio.com\/brasil-anuncia-pabellon-de-refrigeracion-sostenible-en-la-cop30\/\" rel=\"bookmark\">Brasil anuncia pabell\u00f3n de refrigeraci\u00f3n sostenible en la COP30<\/a>\n\t\t\t\t<\/h3>\n\t\t\t\n\t\t\t\t\t\t\t<div class=\"wd-post-meta\">\n\t\t\t\t\t\t\t\t\t\t\t\t\t\t\t<div class=\"wd-post-author\">\n\t\t\t\t\t\t\t\t\t\t\t<span>Posted by<\/span>\n\t\t\n\t\t\t\t\t<img width=\"18\" height=\"18\" src=\"https:\/\/revistaexpofrio.com\/wp-content\/themes\/woodmart\/images\/lazy.svg\" class=\"avatar avatar-18 photo\" alt=\"author-avatar\" decoding=\"async\" srcset=\"\" sizes=\"(max-width: 18px) 100vw, 18px\" data-src=\"https:\/\/revistaexpofrio.com\/wp-content\/uploads\/2026\/01\/Foto-carnet.jpg-150x150.jpeg\" data-srcset=\"https:\/\/revistaexpofrio.com\/wp-content\/uploads\/2026\/01\/Foto-carnet.jpg-150x150.jpeg 150w, https:\/\/revistaexpofrio.com\/wp-content\/uploads\/2026\/01\/Foto-carnet.jpg-300x300.jpeg 300w, https:\/\/revistaexpofrio.com\/wp-content\/uploads\/2026\/01\/Foto-carnet.jpg-768x768.jpeg 768w, https:\/\/revistaexpofrio.com\/wp-content\/uploads\/2026\/01\/Foto-carnet.jpg.jpeg 800w\" \/>\t\t\n\t\t\t\t\t<a href=\"https:\/\/revistaexpofrio.com\/author\/carlos-hijar\/\" class=\"author\" rel=\"author\">Carlos H\u00edjar<\/a>\n\t\t\t\t\t\t\t\t\t<\/div>\n\t\t\t\t\t<div class=\"wd-modified-date\">\n\t\t\t\t\t\t\t\t<time class=\"updated\" datetime=\"2025-11-03T09:38:37-05:00\">\n\t\t\t3 noviembre, 2025\t\t<\/time>\n\t\t\t\t\t\t\t<\/div>\n\n\t\t\t\t\t\t\t\t\t\t\t<div tabindex=\"0\" class=\"wd-post-share wd-tltp\">\n\t\t\t\t\t\t\t<div class=\"tooltip top\">\n\t\t\t\t\t\t\t\t<div class=\"tooltip-inner\">\n\t\t\t\t\t\t\t\t\t\t\t\t<div\n\t\t\t\t\t\tclass=\" wd-social-icons wd-style-default wd-size-small social-share wd-shape-circle color-scheme-light text-center\">\n\t\t\t\t\n\t\t\t\t\n\t\t\t\t\t\t\t\t\t<a rel=\"noopener noreferrer nofollow\" href=\"https:\/\/www.facebook.com\/sharer\/sharer.php?u=https:\/\/revistaexpofrio.com\/brasil-anuncia-pabellon-de-refrigeracion-sostenible-en-la-cop30\/\" target=\"_blank\" class=\" wd-social-icon social-facebook\" aria-label=\"Facebook social link\">\n\t\t\t\t\t\t<span class=\"wd-icon\"><\/span>\n\t\t\t\t\t\t\t\t\t\t\t<\/a>\n\t\t\t\t\n\t\t\t\t\t\t\t\t\t<a rel=\"noopener noreferrer nofollow\" href=\"https:\/\/x.com\/share?url=https:\/\/revistaexpofrio.com\/brasil-anuncia-pabellon-de-refrigeracion-sostenible-en-la-cop30\/\" target=\"_blank\" class=\" wd-social-icon social-twitter\" aria-label=\"X social link\">\n\t\t\t\t\t\t<span class=\"wd-icon\"><\/span>\n\t\t\t\t\t\t\t\t\t\t\t<\/a>\n\t\t\t\t\n\t\t\t\t\n\t\t\t\t\n\t\t\t\t\n\t\t\t\t\n\t\t\t\t\n\t\t\t\t\t\t\t\t\t<a rel=\"noopener noreferrer nofollow\" href=\"https:\/\/pinterest.com\/pin\/create\/button\/?url=https:\/\/revistaexpofrio.com\/brasil-anuncia-pabellon-de-refrigeracion-sostenible-en-la-cop30\/&media=https:\/\/revistaexpofrio.com\/wp-includes\/images\/media\/default.svg&description=Brasil+anuncia+pabell%C3%B3n+de+refrigeraci%C3%B3n+sostenible+en+la+COP30\" target=\"_blank\" class=\" wd-social-icon social-pinterest\" aria-label=\"Pinterest social link\">\n\t\t\t\t\t\t<span class=\"wd-icon\"><\/span>\n\t\t\t\t\t\t\t\t\t\t\t<\/a>\n\t\t\t\t\n\t\t\t\t\n\t\t\t\t\t\t\t\t\t<a rel=\"noopener noreferrer nofollow\" href=\"https:\/\/www.linkedin.com\/shareArticle?mini=true&url=https:\/\/revistaexpofrio.com\/brasil-anuncia-pabellon-de-refrigeracion-sostenible-en-la-cop30\/\" target=\"_blank\" class=\" wd-social-icon social-linkedin\" aria-label=\"Linkedin social link\">\n\t\t\t\t\t\t<span class=\"wd-icon\"><\/span>\n\t\t\t\t\t\t\t\t\t\t\t<\/a>\n\t\t\t\t\n\t\t\t\t\n\t\t\t\t\n\t\t\t\t\n\t\t\t\t\n\t\t\t\t\n\t\t\t\t\n\t\t\t\t\n\t\t\t\t\n\t\t\t\t\n\t\t\t\t\n\t\t\t\t\n\t\t\t\t\n\t\t\t\t\n\t\t\t\t\n\t\t\t\t\t\t\t\t\t<a rel=\"noopener noreferrer nofollow\" href=\"https:\/\/telegram.me\/share\/url?url=https:\/\/revistaexpofrio.com\/brasil-anuncia-pabellon-de-refrigeracion-sostenible-en-la-cop30\/\" target=\"_blank\" class=\" wd-social-icon social-tg\" aria-label=\"Telegram social link\">\n\t\t\t\t\t\t<span class=\"wd-icon\"><\/span>\n\t\t\t\t\t\t\t\t\t\t\t<\/a>\n\t\t\t\t\n\t\t\t\t\n\t\t\t<\/div>\n\n\t\t\t\t\t\t\t\t\t\t<\/div>\n\t\t\t\t\t\t\t\t<div class=\"tooltip-arrow\"><\/div>\n\t\t\t\t\t\t\t<\/div>\n\t\t\t\t\t\t<\/div>\n\t\t\t\t\t\n\t\t\t\t\t\t\t\t\t\t\t\t\t\t\t\t\t<div class=\"wd-post-reply wd-style-1\">\n\t\t\t\t\t\t\t<a href=\"https:\/\/revistaexpofrio.com\/brasil-anuncia-pabellon-de-refrigeracion-sostenible-en-la-cop30\/#respond\"><span class=\"wd-replies-count\">0<\/span><\/a>\t\t\t\t\t\t<\/div>\n\t\t\t\t\t\t\t\t\t<\/div>\n\t\t\t\n\t\t\t\t\t\t\t\t\t\t\t\t<div class=\"wd-post-excerpt entry-content\">\n\t\t\t\t\t\tEl pa\u00eds impulsar\u00e1 un espacio en la Zona Azul para integrar ciudades, infraestructura y tecnolog\u00edas de enfriamiento bajo una transici\u00f3n ...\t\t\t\t\t<\/div>\n\t\t\t\t\n\t\t\t\t\t\t\t\t\t\t\t\t\t\t<div class=\"wd-post-read-more wd-style-link read-more-section\">\n\t\t\t\t\t\t<a class=\"\" href=\"https:\/\/revistaexpofrio.com\/brasil-anuncia-pabellon-de-refrigeracion-sostenible-en-la-cop30\/\">Continue reading<\/a>\t\t\t\t\t<\/div>\n\t\t\t\t\t\t\t\t\t\t\t\t\t<\/div>\n\t<\/div>\n<\/article>\n\n\t\t\t\t\t\t\t\t\t\t\t\n<article id=\"post-18774\" class=\"wd-post blog-design-masonry blog-post-loop blog-style-bg wd-add-shadow wd-col post-18774 post type-post status-publish format-standard has-post-thumbnail hentry category-en-la-entrevista tag-brasil tag-serraff\">\n\t<div class=\"wd-post-inner article-inner\">\n\t\t\t\t\t<div class=\"wd-post-thumb entry-header\">\n\t\t\t\t\t\t\t\t\t<div class=\"wd-post-img post-img-wrapp\">\n\t\t\t\t\t\t<img width=\"1024\" height=\"576\" src=\"https:\/\/revistaexpofrio.com\/wp-content\/themes\/woodmart\/images\/lazy.svg\" class=\"attachment-large size-large\" alt=\"Serraff entrevista\" decoding=\"async\" srcset=\"\" sizes=\"(max-width: 1024px) 100vw, 1024px\" data-src=\"https:\/\/revistaexpofrio.com\/wp-content\/uploads\/2025\/10\/Serraff-entrevista-1024x576.jpg\" data-srcset=\"https:\/\/revistaexpofrio.com\/wp-content\/uploads\/2025\/10\/Serraff-entrevista-1024x576.jpg 1024w, https:\/\/revistaexpofrio.com\/wp-content\/uploads\/2025\/10\/Serraff-entrevista-300x169.jpg 300w, https:\/\/revistaexpofrio.com\/wp-content\/uploads\/2025\/10\/Serraff-entrevista-768x432.jpg 768w, https:\/\/revistaexpofrio.com\/wp-content\/uploads\/2025\/10\/Serraff-entrevista.jpg 1280w\" \/>\t\t\t\t\t<\/div>\n\t\t\t\t\t\t\t\t\t\t<a class=\"wd-fill\" tabindex=\"-1\" href=\"https:\/\/revistaexpofrio.com\/queremos-ser-parte-del-crecimiento-del-mercado-peruano\/\" aria-label=\"Link on post \u201cQueremos ser parte del crecimiento del mercado peruano\u201d\"><\/a>\n\t\t\t\t\n\t\t\t\t\t\t\t\t\t\t\t\t<div class=\"wd-post-date wd-style-with-bg\">\n\t\t\t\t<span class=\"post-date-day\">\n\t\t\t\t\t14\t\t\t\t<\/span>\n\t\t\t\t<span class=\"post-date-month\">\n\t\t\t\t\tOct\t\t\t\t<\/span>\n\t\t\t<\/div>\n\t\t\t\t\t\t\t\t\t<\/div>\n\t\t\n\t\t<div class=\"wd-post-content article-body-container\">\n\t\t\t\t\t\t\t<div class=\"wd-post-cat wd-style-with-bg meta-post-categories\">\n\t\t\t\t\t<a href=\"https:\/\/revistaexpofrio.com\/category\/en-la-entrevista\/\" rel=\"category tag\">En la Entrevista<\/a>\t\t\t\t<\/div>\n\t\t\t\n\t\t\t\t\t\t\t<h3 class=\"wd-post-title wd-entities-title title post-title\">\n\t\t\t\t\t<a href=\"https:\/\/revistaexpofrio.com\/queremos-ser-parte-del-crecimiento-del-mercado-peruano\/\" rel=\"bookmark\">\u201cQueremos ser parte del crecimiento del mercado peruano\u201d<\/a>\n\t\t\t\t<\/h3>\n\t\t\t\n\t\t\t\t\t\t\t<div class=\"wd-post-meta\">\n\t\t\t\t\t\t\t\t\t\t\t\t\t\t\t<div class=\"wd-post-author\">\n\t\t\t\t\t\t\t\t\t\t\t<span>Posted by<\/span>\n\t\t\n\t\t\t\t\t<img width=\"18\" height=\"18\" src=\"https:\/\/revistaexpofrio.com\/wp-content\/themes\/woodmart\/images\/lazy.svg\" class=\"avatar avatar-18 photo\" alt=\"author-avatar\" decoding=\"async\" srcset=\"\" sizes=\"(max-width: 18px) 100vw, 18px\" data-src=\"https:\/\/revistaexpofrio.com\/wp-content\/uploads\/2026\/01\/Foto-carnet.jpg-150x150.jpeg\" data-srcset=\"https:\/\/revistaexpofrio.com\/wp-content\/uploads\/2026\/01\/Foto-carnet.jpg-150x150.jpeg 150w, https:\/\/revistaexpofrio.com\/wp-content\/uploads\/2026\/01\/Foto-carnet.jpg-300x300.jpeg 300w, https:\/\/revistaexpofrio.com\/wp-content\/uploads\/2026\/01\/Foto-carnet.jpg-768x768.jpeg 768w, https:\/\/revistaexpofrio.com\/wp-content\/uploads\/2026\/01\/Foto-carnet.jpg.jpeg 800w\" \/>\t\t\n\t\t\t\t\t<a href=\"https:\/\/revistaexpofrio.com\/author\/carlos-hijar\/\" class=\"author\" rel=\"author\">Carlos H\u00edjar<\/a>\n\t\t\t\t\t\t\t\t\t<\/div>\n\t\t\t\t\t<div class=\"wd-modified-date\">\n\t\t\t\t\t\t\t\t<time class=\"updated\" datetime=\"2026-01-20T00:08:27-05:00\">\n\t\t\t20 enero, 2026\t\t<\/time>\n\t\t\t\t\t\t\t<\/div>\n\n\t\t\t\t\t\t\t\t\t\t\t<div tabindex=\"0\" class=\"wd-post-share wd-tltp\">\n\t\t\t\t\t\t\t<div class=\"tooltip top\">\n\t\t\t\t\t\t\t\t<div class=\"tooltip-inner\">\n\t\t\t\t\t\t\t\t\t\t\t\t<div\n\t\t\t\t\t\tclass=\" wd-social-icons wd-style-default wd-size-small social-share wd-shape-circle color-scheme-light text-center\">\n\t\t\t\t\n\t\t\t\t\n\t\t\t\t\t\t\t\t\t<a rel=\"noopener noreferrer nofollow\" href=\"https:\/\/www.facebook.com\/sharer\/sharer.php?u=https:\/\/revistaexpofrio.com\/queremos-ser-parte-del-crecimiento-del-mercado-peruano\/\" target=\"_blank\" class=\" wd-social-icon social-facebook\" aria-label=\"Facebook social link\">\n\t\t\t\t\t\t<span class=\"wd-icon\"><\/span>\n\t\t\t\t\t\t\t\t\t\t\t<\/a>\n\t\t\t\t\n\t\t\t\t\t\t\t\t\t<a rel=\"noopener noreferrer nofollow\" href=\"https:\/\/x.com\/share?url=https:\/\/revistaexpofrio.com\/queremos-ser-parte-del-crecimiento-del-mercado-peruano\/\" target=\"_blank\" class=\" wd-social-icon social-twitter\" aria-label=\"X social link\">\n\t\t\t\t\t\t<span class=\"wd-icon\"><\/span>\n\t\t\t\t\t\t\t\t\t\t\t<\/a>\n\t\t\t\t\n\t\t\t\t\n\t\t\t\t\n\t\t\t\t\n\t\t\t\t\n\t\t\t\t\n\t\t\t\t\t\t\t\t\t<a rel=\"noopener noreferrer nofollow\" href=\"https:\/\/pinterest.com\/pin\/create\/button\/?url=https:\/\/revistaexpofrio.com\/queremos-ser-parte-del-crecimiento-del-mercado-peruano\/&media=https:\/\/revistaexpofrio.com\/wp-content\/uploads\/2025\/10\/Serraff-entrevista.jpg&description=%E2%80%9CQueremos+ser+parte+del+crecimiento+del+mercado+peruano%E2%80%9D\" target=\"_blank\" class=\" wd-social-icon social-pinterest\" aria-label=\"Pinterest social link\">\n\t\t\t\t\t\t<span class=\"wd-icon\"><\/span>\n\t\t\t\t\t\t\t\t\t\t\t<\/a>\n\t\t\t\t\n\t\t\t\t\n\t\t\t\t\t\t\t\t\t<a rel=\"noopener noreferrer nofollow\" href=\"https:\/\/www.linkedin.com\/shareArticle?mini=true&url=https:\/\/revistaexpofrio.com\/queremos-ser-parte-del-crecimiento-del-mercado-peruano\/\" target=\"_blank\" class=\" wd-social-icon social-linkedin\" aria-label=\"Linkedin social link\">\n\t\t\t\t\t\t<span class=\"wd-icon\"><\/span>\n\t\t\t\t\t\t\t\t\t\t\t<\/a>\n\t\t\t\t\n\t\t\t\t\n\t\t\t\t\n\t\t\t\t\n\t\t\t\t\n\t\t\t\t\n\t\t\t\t\n\t\t\t\t\n\t\t\t\t\n\t\t\t\t\n\t\t\t\t\n\t\t\t\t\n\t\t\t\t\n\t\t\t\t\n\t\t\t\t\n\t\t\t\t\t\t\t\t\t<a rel=\"noopener noreferrer nofollow\" href=\"https:\/\/telegram.me\/share\/url?url=https:\/\/revistaexpofrio.com\/queremos-ser-parte-del-crecimiento-del-mercado-peruano\/\" target=\"_blank\" class=\" wd-social-icon social-tg\" aria-label=\"Telegram social link\">\n\t\t\t\t\t\t<span class=\"wd-icon\"><\/span>\n\t\t\t\t\t\t\t\t\t\t\t<\/a>\n\t\t\t\t\n\t\t\t\t\n\t\t\t<\/div>\n\n\t\t\t\t\t\t\t\t\t\t<\/div>\n\t\t\t\t\t\t\t\t<div class=\"tooltip-arrow\"><\/div>\n\t\t\t\t\t\t\t<\/div>\n\t\t\t\t\t\t<\/div>\n\t\t\t\t\t\n\t\t\t\t\t\t\t\t\t\t\t\t\t\t\t\t\t<div class=\"wd-post-reply wd-style-1\">\n\t\t\t\t\t\t\t<a href=\"https:\/\/revistaexpofrio.com\/queremos-ser-parte-del-crecimiento-del-mercado-peruano\/#respond\"><span class=\"wd-replies-count\">0<\/span><\/a>\t\t\t\t\t\t<\/div>\n\t\t\t\t\t\t\t\t\t<\/div>\n\t\t\t\n\t\t\t\t\t\t\t\t\t\t\t\t<div class=\"wd-post-excerpt entry-content\">\n\t\t\t\t\t\tMatheus Braun, de Serraff, relata la evoluci\u00f3n de la empresa, su expansi\u00f3n en Latinoam\u00e9rica y su inter\u00e9s en el mercado peruano.\n\n\n\nMath...\t\t\t\t\t<\/div>\n\t\t\t\t\n\t\t\t\t\t\t\t\t\t\t\t\t\t\t<div class=\"wd-post-read-more wd-style-link read-more-section\">\n\t\t\t\t\t\t<a class=\"\" href=\"https:\/\/revistaexpofrio.com\/queremos-ser-parte-del-crecimiento-del-mercado-peruano\/\">Continue reading<\/a>\t\t\t\t\t<\/div>\n\t\t\t\t\t\t\t\t\t\t\t\t\t<\/div>\n\t<\/div>\n<\/article>\n\n\t\t\t\t\t\t\t\t\t\t\t\n<article id=\"post-18825\" class=\"wd-post blog-design-masonry blog-post-loop blog-style-bg wd-add-shadow wd-col post-18825 post type-post status-publish format-standard has-post-thumbnail hentry category-noticias tag-almacenamiento-refrigerado tag-brasil tag-comfrio tag-emergent-cold-latam\">\n\t<div class=\"wd-post-inner article-inner\">\n\t\t\t\t\t<div class=\"wd-post-thumb entry-header\">\n\t\t\t\t\t\t\t\t\t<div class=\"wd-post-img post-img-wrapp\">\n\t\t\t\t\t\t\t\t\t\t\t<\/div>\n\t\t\t\t\t\t\t\t\t\t<a class=\"wd-fill\" tabindex=\"-1\" href=\"https:\/\/revistaexpofrio.com\/emergent-cold-latam-fortalece-red-con-compra-de-comfrio\/\" aria-label=\"Link on post Emergent Cold LatAm fortalece red con compra de Comfrio\"><\/a>\n\t\t\t\t\n\t\t\t\t\t\t\t\t\t\t\t\t<div class=\"wd-post-date wd-style-with-bg\">\n\t\t\t\t<span class=\"post-date-day\">\n\t\t\t\t\t12\t\t\t\t<\/span>\n\t\t\t\t<span class=\"post-date-month\">\n\t\t\t\t\tSep\t\t\t\t<\/span>\n\t\t\t<\/div>\n\t\t\t\t\t\t\t\t\t<\/div>\n\t\t\n\t\t<div class=\"wd-post-content article-body-container\">\n\t\t\t\t\t\t\t<div class=\"wd-post-cat wd-style-with-bg meta-post-categories\">\n\t\t\t\t\t<a href=\"https:\/\/revistaexpofrio.com\/category\/noticias\/\" rel=\"category tag\">Noticias HVAC-R<\/a>\t\t\t\t<\/div>\n\t\t\t\n\t\t\t\t\t\t\t<h3 class=\"wd-post-title wd-entities-title title post-title\">\n\t\t\t\t\t<a href=\"https:\/\/revistaexpofrio.com\/emergent-cold-latam-fortalece-red-con-compra-de-comfrio\/\" rel=\"bookmark\">Emergent Cold LatAm fortalece red con compra de Comfrio<\/a>\n\t\t\t\t<\/h3>\n\t\t\t\n\t\t\t\t\t\t\t<div class=\"wd-post-meta\">\n\t\t\t\t\t\t\t\t\t\t\t\t\t\t\t<div class=\"wd-post-author\">\n\t\t\t\t\t\t\t\t\t\t\t<span>Posted by<\/span>\n\t\t\n\t\t\t\t\t<img width=\"18\" height=\"18\" src=\"https:\/\/revistaexpofrio.com\/wp-content\/themes\/woodmart\/images\/lazy.svg\" class=\"avatar avatar-18 photo\" alt=\"author-avatar\" decoding=\"async\" srcset=\"\" sizes=\"(max-width: 18px) 100vw, 18px\" data-src=\"https:\/\/revistaexpofrio.com\/wp-content\/uploads\/2026\/01\/Foto-carnet.jpg-150x150.jpeg\" data-srcset=\"https:\/\/revistaexpofrio.com\/wp-content\/uploads\/2026\/01\/Foto-carnet.jpg-150x150.jpeg 150w, https:\/\/revistaexpofrio.com\/wp-content\/uploads\/2026\/01\/Foto-carnet.jpg-300x300.jpeg 300w, https:\/\/revistaexpofrio.com\/wp-content\/uploads\/2026\/01\/Foto-carnet.jpg-768x768.jpeg 768w, https:\/\/revistaexpofrio.com\/wp-content\/uploads\/2026\/01\/Foto-carnet.jpg.jpeg 800w\" \/>\t\t\n\t\t\t\t\t<a href=\"https:\/\/revistaexpofrio.com\/author\/carlos-hijar\/\" class=\"author\" rel=\"author\">Carlos H\u00edjar<\/a>\n\t\t\t\t\t\t\t\t\t<\/div>\n\t\t\t\t\t<div class=\"wd-modified-date\">\n\t\t\t\t\t\t\t\t<time class=\"updated\" datetime=\"2025-09-12T10:02:58-05:00\">\n\t\t\t12 septiembre, 2025\t\t<\/time>\n\t\t\t\t\t\t\t<\/div>\n\n\t\t\t\t\t\t\t\t\t\t\t<div tabindex=\"0\" class=\"wd-post-share wd-tltp\">\n\t\t\t\t\t\t\t<div class=\"tooltip top\">\n\t\t\t\t\t\t\t\t<div class=\"tooltip-inner\">\n\t\t\t\t\t\t\t\t\t\t\t\t<div\n\t\t\t\t\t\tclass=\" wd-social-icons wd-style-default wd-size-small social-share wd-shape-circle color-scheme-light text-center\">\n\t\t\t\t\n\t\t\t\t\n\t\t\t\t\t\t\t\t\t<a rel=\"noopener noreferrer nofollow\" href=\"https:\/\/www.facebook.com\/sharer\/sharer.php?u=https:\/\/revistaexpofrio.com\/emergent-cold-latam-fortalece-red-con-compra-de-comfrio\/\" target=\"_blank\" class=\" wd-social-icon social-facebook\" aria-label=\"Facebook social link\">\n\t\t\t\t\t\t<span class=\"wd-icon\"><\/span>\n\t\t\t\t\t\t\t\t\t\t\t<\/a>\n\t\t\t\t\n\t\t\t\t\t\t\t\t\t<a rel=\"noopener noreferrer nofollow\" href=\"https:\/\/x.com\/share?url=https:\/\/revistaexpofrio.com\/emergent-cold-latam-fortalece-red-con-compra-de-comfrio\/\" target=\"_blank\" class=\" wd-social-icon social-twitter\" aria-label=\"X social link\">\n\t\t\t\t\t\t<span class=\"wd-icon\"><\/span>\n\t\t\t\t\t\t\t\t\t\t\t<\/a>\n\t\t\t\t\n\t\t\t\t\n\t\t\t\t\n\t\t\t\t\n\t\t\t\t\n\t\t\t\t\n\t\t\t\t\t\t\t\t\t<a rel=\"noopener noreferrer nofollow\" href=\"https:\/\/pinterest.com\/pin\/create\/button\/?url=https:\/\/revistaexpofrio.com\/emergent-cold-latam-fortalece-red-con-compra-de-comfrio\/&media=https:\/\/revistaexpofrio.com\/wp-includes\/images\/media\/default.svg&description=Emergent+Cold+LatAm+fortalece+red+con+compra+de+Comfrio\" target=\"_blank\" class=\" wd-social-icon social-pinterest\" aria-label=\"Pinterest social link\">\n\t\t\t\t\t\t<span class=\"wd-icon\"><\/span>\n\t\t\t\t\t\t\t\t\t\t\t<\/a>\n\t\t\t\t\n\t\t\t\t\n\t\t\t\t\t\t\t\t\t<a rel=\"noopener noreferrer nofollow\" href=\"https:\/\/www.linkedin.com\/shareArticle?mini=true&url=https:\/\/revistaexpofrio.com\/emergent-cold-latam-fortalece-red-con-compra-de-comfrio\/\" target=\"_blank\" class=\" wd-social-icon social-linkedin\" aria-label=\"Linkedin social link\">\n\t\t\t\t\t\t<span class=\"wd-icon\"><\/span>\n\t\t\t\t\t\t\t\t\t\t\t<\/a>\n\t\t\t\t\n\t\t\t\t\n\t\t\t\t\n\t\t\t\t\n\t\t\t\t\n\t\t\t\t\n\t\t\t\t\n\t\t\t\t\n\t\t\t\t\n\t\t\t\t\n\t\t\t\t\n\t\t\t\t\n\t\t\t\t\n\t\t\t\t\n\t\t\t\t\n\t\t\t\t\t\t\t\t\t<a rel=\"noopener noreferrer nofollow\" href=\"https:\/\/telegram.me\/share\/url?url=https:\/\/revistaexpofrio.com\/emergent-cold-latam-fortalece-red-con-compra-de-comfrio\/\" target=\"_blank\" class=\" wd-social-icon social-tg\" aria-label=\"Telegram social link\">\n\t\t\t\t\t\t<span class=\"wd-icon\"><\/span>\n\t\t\t\t\t\t\t\t\t\t\t<\/a>\n\t\t\t\t\n\t\t\t\t\n\t\t\t<\/div>\n\n\t\t\t\t\t\t\t\t\t\t<\/div>\n\t\t\t\t\t\t\t\t<div class=\"tooltip-arrow\"><\/div>\n\t\t\t\t\t\t\t<\/div>\n\t\t\t\t\t\t<\/div>\n\t\t\t\t\t\n\t\t\t\t\t\t\t\t\t\t\t\t\t\t\t\t\t<div class=\"wd-post-reply wd-style-1\">\n\t\t\t\t\t\t\t<a href=\"https:\/\/revistaexpofrio.com\/emergent-cold-latam-fortalece-red-con-compra-de-comfrio\/#respond\"><span class=\"wd-replies-count\">0<\/span><\/a>\t\t\t\t\t\t<\/div>\n\t\t\t\t\t\t\t\t\t<\/div>\n\t\t\t\n\t\t\t\t\t\t\t\t\t\t\t\t<div class=\"wd-post-excerpt entry-content\">\n\t\t\t\t\t\tEmergent Cold LatAm adquiri\u00f3 Comfrio en Brasil, ampliando su red de almacenamiento frigor\u00edfico y su cobertura en nuevos estados.\n\n\n\nEme...\t\t\t\t\t<\/div>\n\t\t\t\t\n\t\t\t\t\t\t\t\t\t\t\t\t\t\t<div class=\"wd-post-read-more wd-style-link read-more-section\">\n\t\t\t\t\t\t<a class=\"\" href=\"https:\/\/revistaexpofrio.com\/emergent-cold-latam-fortalece-red-con-compra-de-comfrio\/\">Continue reading<\/a>\t\t\t\t\t<\/div>\n\t\t\t\t\t\t\t\t\t\t\t\t\t<\/div>\n\t<\/div>\n<\/article>\n\n\t\t\t\t\t\t\t\t\t\t\t\n<article id=\"post-18849\" class=\"wd-post blog-design-masonry blog-post-loop blog-style-bg wd-add-shadow wd-col post-18849 post type-post status-publish format-standard has-post-thumbnail hentry category-noticias tag-brasil tag-hcfc\">\n\t<div class=\"wd-post-inner article-inner\">\n\t\t\t\t\t<div class=\"wd-post-thumb entry-header\">\n\t\t\t\t\t\t\t\t\t<div class=\"wd-post-img post-img-wrapp\">\n\t\t\t\t\t\t\t\t\t\t\t<\/div>\n\t\t\t\t\t\t\t\t\t\t<a class=\"wd-fill\" tabindex=\"-1\" href=\"https:\/\/revistaexpofrio.com\/brasil-inaugura-laboratorio-para-capacitacion-en-refrigerantes-naturales\/\" aria-label=\"Link on post Brasil inaugura laboratorio para capacitaci\u00f3n en refrigerantes naturales\"><\/a>\n\t\t\t\t\n\t\t\t\t\t\t\t\t\t\t\t\t<div class=\"wd-post-date wd-style-with-bg\">\n\t\t\t\t<span class=\"post-date-day\">\n\t\t\t\t\t05\t\t\t\t<\/span>\n\t\t\t\t<span class=\"post-date-month\">\n\t\t\t\t\tSep\t\t\t\t<\/span>\n\t\t\t<\/div>\n\t\t\t\t\t\t\t\t\t<\/div>\n\t\t\n\t\t<div class=\"wd-post-content article-body-container\">\n\t\t\t\t\t\t\t<div class=\"wd-post-cat wd-style-with-bg meta-post-categories\">\n\t\t\t\t\t<a href=\"https:\/\/revistaexpofrio.com\/category\/noticias\/\" rel=\"category tag\">Noticias HVAC-R<\/a>\t\t\t\t<\/div>\n\t\t\t\n\t\t\t\t\t\t\t<h3 class=\"wd-post-title wd-entities-title title post-title\">\n\t\t\t\t\t<a href=\"https:\/\/revistaexpofrio.com\/brasil-inaugura-laboratorio-para-capacitacion-en-refrigerantes-naturales\/\" rel=\"bookmark\">Brasil inaugura laboratorio para capacitaci\u00f3n en refrigerantes naturales<\/a>\n\t\t\t\t<\/h3>\n\t\t\t\n\t\t\t\t\t\t\t<div class=\"wd-post-meta\">\n\t\t\t\t\t\t\t\t\t\t\t\t\t\t\t<div class=\"wd-post-author\">\n\t\t\t\t\t\t\t\t\t\t\t<span>Posted by<\/span>\n\t\t\n\t\t\t\t\t<img width=\"18\" height=\"18\" src=\"https:\/\/revistaexpofrio.com\/wp-content\/themes\/woodmart\/images\/lazy.svg\" class=\"avatar avatar-18 photo\" alt=\"author-avatar\" decoding=\"async\" srcset=\"\" sizes=\"(max-width: 18px) 100vw, 18px\" data-src=\"https:\/\/revistaexpofrio.com\/wp-content\/uploads\/2026\/01\/Foto-carnet.jpg-150x150.jpeg\" data-srcset=\"https:\/\/revistaexpofrio.com\/wp-content\/uploads\/2026\/01\/Foto-carnet.jpg-150x150.jpeg 150w, https:\/\/revistaexpofrio.com\/wp-content\/uploads\/2026\/01\/Foto-carnet.jpg-300x300.jpeg 300w, https:\/\/revistaexpofrio.com\/wp-content\/uploads\/2026\/01\/Foto-carnet.jpg-768x768.jpeg 768w, https:\/\/revistaexpofrio.com\/wp-content\/uploads\/2026\/01\/Foto-carnet.jpg.jpeg 800w\" \/>\t\t\n\t\t\t\t\t<a href=\"https:\/\/revistaexpofrio.com\/author\/carlos-hijar\/\" class=\"author\" rel=\"author\">Carlos H\u00edjar<\/a>\n\t\t\t\t\t\t\t\t\t<\/div>\n\t\t\t\t\t<div class=\"wd-modified-date\">\n\t\t\t\t\t\t\t\t<time class=\"updated\" datetime=\"2025-09-05T16:53:57-05:00\">\n\t\t\t5 septiembre, 2025\t\t<\/time>\n\t\t\t\t\t\t\t<\/div>\n\n\t\t\t\t\t\t\t\t\t\t\t<div tabindex=\"0\" class=\"wd-post-share wd-tltp\">\n\t\t\t\t\t\t\t<div class=\"tooltip top\">\n\t\t\t\t\t\t\t\t<div class=\"tooltip-inner\">\n\t\t\t\t\t\t\t\t\t\t\t\t<div\n\t\t\t\t\t\tclass=\" wd-social-icons wd-style-default wd-size-small social-share wd-shape-circle color-scheme-light text-center\">\n\t\t\t\t\n\t\t\t\t\n\t\t\t\t\t\t\t\t\t<a rel=\"noopener noreferrer nofollow\" href=\"https:\/\/www.facebook.com\/sharer\/sharer.php?u=https:\/\/revistaexpofrio.com\/brasil-inaugura-laboratorio-para-capacitacion-en-refrigerantes-naturales\/\" target=\"_blank\" class=\" wd-social-icon social-facebook\" aria-label=\"Facebook social link\">\n\t\t\t\t\t\t<span class=\"wd-icon\"><\/span>\n\t\t\t\t\t\t\t\t\t\t\t<\/a>\n\t\t\t\t\n\t\t\t\t\t\t\t\t\t<a rel=\"noopener noreferrer nofollow\" href=\"https:\/\/x.com\/share?url=https:\/\/revistaexpofrio.com\/brasil-inaugura-laboratorio-para-capacitacion-en-refrigerantes-naturales\/\" target=\"_blank\" class=\" wd-social-icon social-twitter\" aria-label=\"X social link\">\n\t\t\t\t\t\t<span class=\"wd-icon\"><\/span>\n\t\t\t\t\t\t\t\t\t\t\t<\/a>\n\t\t\t\t\n\t\t\t\t\n\t\t\t\t\n\t\t\t\t\n\t\t\t\t\n\t\t\t\t\n\t\t\t\t\t\t\t\t\t<a rel=\"noopener noreferrer nofollow\" href=\"https:\/\/pinterest.com\/pin\/create\/button\/?url=https:\/\/revistaexpofrio.com\/brasil-inaugura-laboratorio-para-capacitacion-en-refrigerantes-naturales\/&media=https:\/\/revistaexpofrio.com\/wp-includes\/images\/media\/default.svg&description=Brasil+inaugura+laboratorio+para+capacitaci%C3%B3n+en+refrigerantes+naturales\" target=\"_blank\" class=\" wd-social-icon social-pinterest\" aria-label=\"Pinterest social link\">\n\t\t\t\t\t\t<span class=\"wd-icon\"><\/span>\n\t\t\t\t\t\t\t\t\t\t\t<\/a>\n\t\t\t\t\n\t\t\t\t\n\t\t\t\t\t\t\t\t\t<a rel=\"noopener noreferrer nofollow\" href=\"https:\/\/www.linkedin.com\/shareArticle?mini=true&url=https:\/\/revistaexpofrio.com\/brasil-inaugura-laboratorio-para-capacitacion-en-refrigerantes-naturales\/\" target=\"_blank\" class=\" wd-social-icon social-linkedin\" aria-label=\"Linkedin social link\">\n\t\t\t\t\t\t<span class=\"wd-icon\"><\/span>\n\t\t\t\t\t\t\t\t\t\t\t<\/a>\n\t\t\t\t\n\t\t\t\t\n\t\t\t\t\n\t\t\t\t\n\t\t\t\t\n\t\t\t\t\n\t\t\t\t\n\t\t\t\t\n\t\t\t\t\n\t\t\t\t\n\t\t\t\t\n\t\t\t\t\n\t\t\t\t\n\t\t\t\t\n\t\t\t\t\n\t\t\t\t\t\t\t\t\t<a rel=\"noopener noreferrer nofollow\" href=\"https:\/\/telegram.me\/share\/url?url=https:\/\/revistaexpofrio.com\/brasil-inaugura-laboratorio-para-capacitacion-en-refrigerantes-naturales\/\" target=\"_blank\" class=\" wd-social-icon social-tg\" aria-label=\"Telegram social link\">\n\t\t\t\t\t\t<span class=\"wd-icon\"><\/span>\n\t\t\t\t\t\t\t\t\t\t\t<\/a>\n\t\t\t\t\n\t\t\t\t\n\t\t\t<\/div>\n\n\t\t\t\t\t\t\t\t\t\t<\/div>\n\t\t\t\t\t\t\t\t<div class=\"tooltip-arrow\"><\/div>\n\t\t\t\t\t\t\t<\/div>\n\t\t\t\t\t\t<\/div>\n\t\t\t\t\t\n\t\t\t\t\t\t\t\t\t\t\t\t\t\t\t\t\t<div class=\"wd-post-reply wd-style-1\">\n\t\t\t\t\t\t\t<a href=\"https:\/\/revistaexpofrio.com\/brasil-inaugura-laboratorio-para-capacitacion-en-refrigerantes-naturales\/#respond\"><span class=\"wd-replies-count\">0<\/span><\/a>\t\t\t\t\t\t<\/div>\n\t\t\t\t\t\t\t\t\t<\/div>\n\t\t\t\n\t\t\t\t\t\t\t\t\t\t\t\t<div class=\"wd-post-excerpt entry-content\">\n\t\t\t\t\t\tLa escuela Firjan-SENAI Benfica ofrecer\u00e1 cursos gratuitos sobre CO\u2082 y R-290 como parte del plan nacional de eliminaci\u00f3n de HCFC.\n\n\n\nEn ...\t\t\t\t\t<\/div>\n\t\t\t\t\n\t\t\t\t\t\t\t\t\t\t\t\t\t\t<div class=\"wd-post-read-more wd-style-link read-more-section\">\n\t\t\t\t\t\t<a class=\"\" href=\"https:\/\/revistaexpofrio.com\/brasil-inaugura-laboratorio-para-capacitacion-en-refrigerantes-naturales\/\">Continue reading<\/a>\t\t\t\t\t<\/div>\n\t\t\t\t\t\t\t\t\t\t\t\t\t<\/div>\n\t<\/div>\n<\/article>\n\n\t\t\t\t\t\t\t\t\t\t\t\n<article id=\"post-18852\" class=\"wd-post blog-design-masonry blog-post-loop blog-style-bg wd-add-shadow wd-col post-18852 post type-post status-publish format-standard has-post-thumbnail hentry category-noticias tag-brasil tag-febrava tag-smart-air-climatizadores\">\n\t<div class=\"wd-post-inner article-inner\">\n\t\t\t\t\t<div class=\"wd-post-thumb entry-header\">\n\t\t\t\t\t\t\t\t\t<div class=\"wd-post-img post-img-wrapp\">\n\t\t\t\t\t\t\t\t\t\t\t<\/div>\n\t\t\t\t\t\t\t\t\t\t<a class=\"wd-fill\" tabindex=\"-1\" href=\"https:\/\/revistaexpofrio.com\/smart-air-climatizadores-participa-en-febrava\/\" aria-label=\"Link on post En la vanguardia de la climatizaci\u00f3n sostenible, Smart Air Climatizadores participa en Febrava\"><\/a>\n\t\t\t\t\n\t\t\t\t\t\t\t\t\t\t\t\t<div class=\"wd-post-date wd-style-with-bg\">\n\t\t\t\t<span class=\"post-date-day\">\n\t\t\t\t\t04\t\t\t\t<\/span>\n\t\t\t\t<span class=\"post-date-month\">\n\t\t\t\t\tSep\t\t\t\t<\/span>\n\t\t\t<\/div>\n\t\t\t\t\t\t\t\t\t<\/div>\n\t\t\n\t\t<div class=\"wd-post-content article-body-container\">\n\t\t\t\t\t\t\t<div class=\"wd-post-cat wd-style-with-bg meta-post-categories\">\n\t\t\t\t\t<a href=\"https:\/\/revistaexpofrio.com\/category\/noticias\/\" rel=\"category tag\">Noticias HVAC-R<\/a>\t\t\t\t<\/div>\n\t\t\t\n\t\t\t\t\t\t\t<h3 class=\"wd-post-title wd-entities-title title post-title\">\n\t\t\t\t\t<a href=\"https:\/\/revistaexpofrio.com\/smart-air-climatizadores-participa-en-febrava\/\" rel=\"bookmark\">En la vanguardia de la climatizaci\u00f3n sostenible, Smart Air Climatizadores participa en Febrava<\/a>\n\t\t\t\t<\/h3>\n\t\t\t\n\t\t\t\t\t\t\t<div class=\"wd-post-meta\">\n\t\t\t\t\t\t\t\t\t\t\t\t\t\t\t<div class=\"wd-post-author\">\n\t\t\t\t\t\t\t\t\t\t\t<span>Posted by<\/span>\n\t\t\n\t\t\t\t\t<img width=\"18\" height=\"18\" src=\"https:\/\/revistaexpofrio.com\/wp-content\/themes\/woodmart\/images\/lazy.svg\" class=\"avatar avatar-18 photo\" alt=\"author-avatar\" decoding=\"async\" srcset=\"\" sizes=\"(max-width: 18px) 100vw, 18px\" data-src=\"https:\/\/revistaexpofrio.com\/wp-content\/uploads\/2026\/01\/Foto-carnet.jpg-150x150.jpeg\" data-srcset=\"https:\/\/revistaexpofrio.com\/wp-content\/uploads\/2026\/01\/Foto-carnet.jpg-150x150.jpeg 150w, https:\/\/revistaexpofrio.com\/wp-content\/uploads\/2026\/01\/Foto-carnet.jpg-300x300.jpeg 300w, https:\/\/revistaexpofrio.com\/wp-content\/uploads\/2026\/01\/Foto-carnet.jpg-768x768.jpeg 768w, https:\/\/revistaexpofrio.com\/wp-content\/uploads\/2026\/01\/Foto-carnet.jpg.jpeg 800w\" \/>\t\t\n\t\t\t\t\t<a href=\"https:\/\/revistaexpofrio.com\/author\/carlos-hijar\/\" class=\"author\" rel=\"author\">Carlos H\u00edjar<\/a>\n\t\t\t\t\t\t\t\t\t<\/div>\n\t\t\t\t\t<div class=\"wd-modified-date\">\n\t\t\t\t\t\t\t\t<time class=\"updated\" datetime=\"2025-09-04T11:02:24-05:00\">\n\t\t\t4 septiembre, 2025\t\t<\/time>\n\t\t\t\t\t\t\t<\/div>\n\n\t\t\t\t\t\t\t\t\t\t\t<div tabindex=\"0\" class=\"wd-post-share wd-tltp\">\n\t\t\t\t\t\t\t<div class=\"tooltip top\">\n\t\t\t\t\t\t\t\t<div class=\"tooltip-inner\">\n\t\t\t\t\t\t\t\t\t\t\t\t<div\n\t\t\t\t\t\tclass=\" wd-social-icons wd-style-default wd-size-small social-share wd-shape-circle color-scheme-light text-center\">\n\t\t\t\t\n\t\t\t\t\n\t\t\t\t\t\t\t\t\t<a rel=\"noopener noreferrer nofollow\" href=\"https:\/\/www.facebook.com\/sharer\/sharer.php?u=https:\/\/revistaexpofrio.com\/smart-air-climatizadores-participa-en-febrava\/\" target=\"_blank\" class=\" wd-social-icon social-facebook\" aria-label=\"Facebook social link\">\n\t\t\t\t\t\t<span class=\"wd-icon\"><\/span>\n\t\t\t\t\t\t\t\t\t\t\t<\/a>\n\t\t\t\t\n\t\t\t\t\t\t\t\t\t<a rel=\"noopener noreferrer nofollow\" href=\"https:\/\/x.com\/share?url=https:\/\/revistaexpofrio.com\/smart-air-climatizadores-participa-en-febrava\/\" target=\"_blank\" class=\" wd-social-icon social-twitter\" aria-label=\"X social link\">\n\t\t\t\t\t\t<span class=\"wd-icon\"><\/span>\n\t\t\t\t\t\t\t\t\t\t\t<\/a>\n\t\t\t\t\n\t\t\t\t\n\t\t\t\t\n\t\t\t\t\n\t\t\t\t\n\t\t\t\t\n\t\t\t\t\t\t\t\t\t<a rel=\"noopener noreferrer nofollow\" href=\"https:\/\/pinterest.com\/pin\/create\/button\/?url=https:\/\/revistaexpofrio.com\/smart-air-climatizadores-participa-en-febrava\/&media=https:\/\/revistaexpofrio.com\/wp-includes\/images\/media\/default.svg&description=En+la+vanguardia+de+la+climatizaci%C3%B3n+sostenible%2C+Smart+Air+Climatizadores+participa+en+Febrava\" target=\"_blank\" class=\" wd-social-icon social-pinterest\" aria-label=\"Pinterest social link\">\n\t\t\t\t\t\t<span class=\"wd-icon\"><\/span>\n\t\t\t\t\t\t\t\t\t\t\t<\/a>\n\t\t\t\t\n\t\t\t\t\n\t\t\t\t\t\t\t\t\t<a rel=\"noopener noreferrer nofollow\" href=\"https:\/\/www.linkedin.com\/shareArticle?mini=true&url=https:\/\/revistaexpofrio.com\/smart-air-climatizadores-participa-en-febrava\/\" target=\"_blank\" class=\" wd-social-icon social-linkedin\" aria-label=\"Linkedin social link\">\n\t\t\t\t\t\t<span class=\"wd-icon\"><\/span>\n\t\t\t\t\t\t\t\t\t\t\t<\/a>\n\t\t\t\t\n\t\t\t\t\n\t\t\t\t\n\t\t\t\t\n\t\t\t\t\n\t\t\t\t\n\t\t\t\t\n\t\t\t\t\n\t\t\t\t\n\t\t\t\t\n\t\t\t\t\n\t\t\t\t\n\t\t\t\t\n\t\t\t\t\n\t\t\t\t\n\t\t\t\t\t\t\t\t\t<a rel=\"noopener noreferrer nofollow\" href=\"https:\/\/telegram.me\/share\/url?url=https:\/\/revistaexpofrio.com\/smart-air-climatizadores-participa-en-febrava\/\" target=\"_blank\" class=\" wd-social-icon social-tg\" aria-label=\"Telegram social link\">\n\t\t\t\t\t\t<span class=\"wd-icon\"><\/span>\n\t\t\t\t\t\t\t\t\t\t\t<\/a>\n\t\t\t\t\n\t\t\t\t\n\t\t\t<\/div>\n\n\t\t\t\t\t\t\t\t\t\t<\/div>\n\t\t\t\t\t\t\t\t<div class=\"tooltip-arrow\"><\/div>\n\t\t\t\t\t\t\t<\/div>\n\t\t\t\t\t\t<\/div>\n\t\t\t\t\t\n\t\t\t\t\t\t\t\t\t\t\t\t\t\t\t\t\t<div class=\"wd-post-reply wd-style-1\">\n\t\t\t\t\t\t\t<a href=\"https:\/\/revistaexpofrio.com\/smart-air-climatizadores-participa-en-febrava\/#respond\"><span class=\"wd-replies-count\">0<\/span><\/a>\t\t\t\t\t\t<\/div>\n\t\t\t\t\t\t\t\t\t<\/div>\n\t\t\t\n\t\t\t\t\t\t\t\t\t\t\t\t<div class=\"wd-post-excerpt entry-content\">\n\t\t\t\t\t\tCon un portafolio ampliado y un enfoque en la innovaci\u00f3n, la empresa de Santa Catarina se une a un evento que lidera los debates sobre ...\t\t\t\t\t<\/div>\n\t\t\t\t\n\t\t\t\t\t\t\t\t\t\t\t\t\t\t<div class=\"wd-post-read-more wd-style-link read-more-section\">\n\t\t\t\t\t\t<a class=\"\" href=\"https:\/\/revistaexpofrio.com\/smart-air-climatizadores-participa-en-febrava\/\">Continue reading<\/a>\t\t\t\t\t<\/div>\n\t\t\t\t\t\t\t\t\t\t\t\t\t<\/div>\n\t<\/div>\n<\/article>\n\n\t\t\t\t\t\t\t\t\t\t\t\n<article id=\"post-18967\" class=\"wd-post blog-design-masonry blog-post-loop blog-style-bg wd-add-shadow wd-col post-18967 post type-post status-publish format-standard has-post-thumbnail hentry category-noticias tag-brasil tag-refrigeracion-comercial tag-refrigerantes-naturales\">\n\t<div class=\"wd-post-inner article-inner\">\n\t\t\t\t\t<div class=\"wd-post-thumb entry-header\">\n\t\t\t\t\t\t\t\t\t<div class=\"wd-post-img post-img-wrapp\">\n\t\t\t\t\t\t\t\t\t\t\t<\/div>\n\t\t\t\t\t\t\t\t\t\t<a class=\"wd-fill\" tabindex=\"-1\" href=\"https:\/\/revistaexpofrio.com\/brasil-inaugura-primer-laboratorio-con-refrigerantes-naturales\/\" aria-label=\"Link on post Brasil inaugura primer laboratorio con refrigerantes naturales\"><\/a>\n\t\t\t\t\n\t\t\t\t\t\t\t\t\t\t\t\t<div class=\"wd-post-date wd-style-with-bg\">\n\t\t\t\t<span class=\"post-date-day\">\n\t\t\t\t\t14\t\t\t\t<\/span>\n\t\t\t\t<span class=\"post-date-month\">\n\t\t\t\t\tJul\t\t\t\t<\/span>\n\t\t\t<\/div>\n\t\t\t\t\t\t\t\t\t<\/div>\n\t\t\n\t\t<div class=\"wd-post-content article-body-container\">\n\t\t\t\t\t\t\t<div class=\"wd-post-cat wd-style-with-bg meta-post-categories\">\n\t\t\t\t\t<a href=\"https:\/\/revistaexpofrio.com\/category\/noticias\/\" rel=\"category tag\">Noticias HVAC-R<\/a>\t\t\t\t<\/div>\n\t\t\t\n\t\t\t\t\t\t\t<h3 class=\"wd-post-title wd-entities-title title post-title\">\n\t\t\t\t\t<a href=\"https:\/\/revistaexpofrio.com\/brasil-inaugura-primer-laboratorio-con-refrigerantes-naturales\/\" rel=\"bookmark\">Brasil inaugura primer laboratorio con refrigerantes naturales<\/a>\n\t\t\t\t<\/h3>\n\t\t\t\n\t\t\t\t\t\t\t<div class=\"wd-post-meta\">\n\t\t\t\t\t\t\t\t\t\t\t\t\t\t\t<div class=\"wd-post-author\">\n\t\t\t\t\t\t\t\t\t\t\t<span>Posted by<\/span>\n\t\t\n\t\t\t\t\t<img width=\"18\" height=\"18\" src=\"https:\/\/revistaexpofrio.com\/wp-content\/themes\/woodmart\/images\/lazy.svg\" class=\"avatar avatar-18 photo\" alt=\"author-avatar\" decoding=\"async\" srcset=\"\" sizes=\"(max-width: 18px) 100vw, 18px\" data-src=\"https:\/\/revistaexpofrio.com\/wp-content\/uploads\/2026\/01\/Foto-carnet.jpg-150x150.jpeg\" data-srcset=\"https:\/\/revistaexpofrio.com\/wp-content\/uploads\/2026\/01\/Foto-carnet.jpg-150x150.jpeg 150w, https:\/\/revistaexpofrio.com\/wp-content\/uploads\/2026\/01\/Foto-carnet.jpg-300x300.jpeg 300w, https:\/\/revistaexpofrio.com\/wp-content\/uploads\/2026\/01\/Foto-carnet.jpg-768x768.jpeg 768w, https:\/\/revistaexpofrio.com\/wp-content\/uploads\/2026\/01\/Foto-carnet.jpg.jpeg 800w\" \/>\t\t\n\t\t\t\t\t<a href=\"https:\/\/revistaexpofrio.com\/author\/carlos-hijar\/\" class=\"author\" rel=\"author\">Carlos H\u00edjar<\/a>\n\t\t\t\t\t\t\t\t\t<\/div>\n\t\t\t\t\t<div class=\"wd-modified-date\">\n\t\t\t\t\t\t\t\t<time class=\"updated\" datetime=\"2025-07-14T09:29:56-05:00\">\n\t\t\t14 julio, 2025\t\t<\/time>\n\t\t\t\t\t\t\t<\/div>\n\n\t\t\t\t\t\t\t\t\t\t\t<div tabindex=\"0\" class=\"wd-post-share wd-tltp\">\n\t\t\t\t\t\t\t<div class=\"tooltip top\">\n\t\t\t\t\t\t\t\t<div class=\"tooltip-inner\">\n\t\t\t\t\t\t\t\t\t\t\t\t<div\n\t\t\t\t\t\tclass=\" wd-social-icons wd-style-default wd-size-small social-share wd-shape-circle color-scheme-light text-center\">\n\t\t\t\t\n\t\t\t\t\n\t\t\t\t\t\t\t\t\t<a rel=\"noopener noreferrer nofollow\" href=\"https:\/\/www.facebook.com\/sharer\/sharer.php?u=https:\/\/revistaexpofrio.com\/brasil-inaugura-primer-laboratorio-con-refrigerantes-naturales\/\" target=\"_blank\" class=\" wd-social-icon social-facebook\" aria-label=\"Facebook social link\">\n\t\t\t\t\t\t<span class=\"wd-icon\"><\/span>\n\t\t\t\t\t\t\t\t\t\t\t<\/a>\n\t\t\t\t\n\t\t\t\t\t\t\t\t\t<a rel=\"noopener noreferrer nofollow\" href=\"https:\/\/x.com\/share?url=https:\/\/revistaexpofrio.com\/brasil-inaugura-primer-laboratorio-con-refrigerantes-naturales\/\" target=\"_blank\" class=\" wd-social-icon social-twitter\" aria-label=\"X social link\">\n\t\t\t\t\t\t<span class=\"wd-icon\"><\/span>\n\t\t\t\t\t\t\t\t\t\t\t<\/a>\n\t\t\t\t\n\t\t\t\t\n\t\t\t\t\n\t\t\t\t\n\t\t\t\t\n\t\t\t\t\n\t\t\t\t\t\t\t\t\t<a rel=\"noopener noreferrer nofollow\" href=\"https:\/\/pinterest.com\/pin\/create\/button\/?url=https:\/\/revistaexpofrio.com\/brasil-inaugura-primer-laboratorio-con-refrigerantes-naturales\/&media=https:\/\/revistaexpofrio.com\/wp-includes\/images\/media\/default.svg&description=Brasil+inaugura+primer+laboratorio+con+refrigerantes+naturales\" target=\"_blank\" class=\" wd-social-icon social-pinterest\" aria-label=\"Pinterest social link\">\n\t\t\t\t\t\t<span class=\"wd-icon\"><\/span>\n\t\t\t\t\t\t\t\t\t\t\t<\/a>\n\t\t\t\t\n\t\t\t\t\n\t\t\t\t\t\t\t\t\t<a rel=\"noopener noreferrer nofollow\" href=\"https:\/\/www.linkedin.com\/shareArticle?mini=true&url=https:\/\/revistaexpofrio.com\/brasil-inaugura-primer-laboratorio-con-refrigerantes-naturales\/\" target=\"_blank\" class=\" wd-social-icon social-linkedin\" aria-label=\"Linkedin social link\">\n\t\t\t\t\t\t<span class=\"wd-icon\"><\/span>\n\t\t\t\t\t\t\t\t\t\t\t<\/a>\n\t\t\t\t\n\t\t\t\t\n\t\t\t\t\n\t\t\t\t\n\t\t\t\t\n\t\t\t\t\n\t\t\t\t\n\t\t\t\t\n\t\t\t\t\n\t\t\t\t\n\t\t\t\t\n\t\t\t\t\n\t\t\t\t\n\t\t\t\t\n\t\t\t\t\n\t\t\t\t\t\t\t\t\t<a rel=\"noopener noreferrer nofollow\" href=\"https:\/\/telegram.me\/share\/url?url=https:\/\/revistaexpofrio.com\/brasil-inaugura-primer-laboratorio-con-refrigerantes-naturales\/\" target=\"_blank\" class=\" wd-social-icon social-tg\" aria-label=\"Telegram social link\">\n\t\t\t\t\t\t<span class=\"wd-icon\"><\/span>\n\t\t\t\t\t\t\t\t\t\t\t<\/a>\n\t\t\t\t\n\t\t\t\t\n\t\t\t<\/div>\n\n\t\t\t\t\t\t\t\t\t\t<\/div>\n\t\t\t\t\t\t\t\t<div class=\"tooltip-arrow\"><\/div>\n\t\t\t\t\t\t\t<\/div>\n\t\t\t\t\t\t<\/div>\n\t\t\t\t\t\n\t\t\t\t\t\t\t\t\t\t\t\t\t\t\t\t\t<div class=\"wd-post-reply wd-style-1\">\n\t\t\t\t\t\t\t<a href=\"https:\/\/revistaexpofrio.com\/brasil-inaugura-primer-laboratorio-con-refrigerantes-naturales\/#respond\"><span class=\"wd-replies-count\">0<\/span><\/a>\t\t\t\t\t\t<\/div>\n\t\t\t\t\t\t\t\t\t<\/div>\n\t\t\t\n\t\t\t\t\t\t\t\t\t\t\t\t<div class=\"wd-post-excerpt entry-content\">\n\t\t\t\t\t\tEl laboratorio en Curitiba capacitar\u00e1 a t\u00e9cnicos en el uso de CO\u2082 y R-290 para sistemas de refrigeraci\u00f3n comercial sostenible.\n\n\n\nEn ju...\t\t\t\t\t<\/div>\n\t\t\t\t\n\t\t\t\t\t\t\t\t\t\t\t\t\t\t<div class=\"wd-post-read-more wd-style-link read-more-section\">\n\t\t\t\t\t\t<a class=\"\" href=\"https:\/\/revistaexpofrio.com\/brasil-inaugura-primer-laboratorio-con-refrigerantes-naturales\/\">Continue reading<\/a>\t\t\t\t\t<\/div>\n\t\t\t\t\t\t\t\t\t\t\t\t\t<\/div>\n\t<\/div>\n<\/article>\n\n\t\t\t\t\t\t\t\t\t\t\t\n<article id=\"post-18973\" class=\"wd-post blog-design-masonry blog-post-loop blog-style-bg wd-add-shadow wd-col post-18973 post type-post status-publish format-standard has-post-thumbnail hentry category-en-la-entrevista tag-brasil tag-frascold tag-latinoamerica tag-peru tag-refrigeracion-2\">\n\t<div class=\"wd-post-inner article-inner\">\n\t\t\t\t\t<div class=\"wd-post-thumb entry-header\">\n\t\t\t\t\t\t\t\t\t<div class=\"wd-post-img post-img-wrapp\">\n\t\t\t\t\t\t\t\t\t\t\t<\/div>\n\t\t\t\t\t\t\t\t\t\t<a class=\"wd-fill\" tabindex=\"-1\" href=\"https:\/\/revistaexpofrio.com\/frascold-apuesta-por-crecer-en-america-latina\/\" aria-label=\"Link on post \u201cFrascold apuesta por crecer en Am\u00e9rica Latina\u201d\"><\/a>\n\t\t\t\t\n\t\t\t\t\t\t\t\t\t\t\t\t<div class=\"wd-post-date wd-style-with-bg\">\n\t\t\t\t<span class=\"post-date-day\">\n\t\t\t\t\t10\t\t\t\t<\/span>\n\t\t\t\t<span class=\"post-date-month\">\n\t\t\t\t\tJul\t\t\t\t<\/span>\n\t\t\t<\/div>\n\t\t\t\t\t\t\t\t\t<\/div>\n\t\t\n\t\t<div class=\"wd-post-content article-body-container\">\n\t\t\t\t\t\t\t<div class=\"wd-post-cat wd-style-with-bg meta-post-categories\">\n\t\t\t\t\t<a href=\"https:\/\/revistaexpofrio.com\/category\/en-la-entrevista\/\" rel=\"category tag\">En la Entrevista<\/a>\t\t\t\t<\/div>\n\t\t\t\n\t\t\t\t\t\t\t<h3 class=\"wd-post-title wd-entities-title title post-title\">\n\t\t\t\t\t<a href=\"https:\/\/revistaexpofrio.com\/frascold-apuesta-por-crecer-en-america-latina\/\" rel=\"bookmark\">\u201cFrascold apuesta por crecer en Am\u00e9rica Latina\u201d<\/a>\n\t\t\t\t<\/h3>\n\t\t\t\n\t\t\t\t\t\t\t<div class=\"wd-post-meta\">\n\t\t\t\t\t\t\t\t\t\t\t\t\t\t\t<div class=\"wd-post-author\">\n\t\t\t\t\t\t\t\t\t\t\t<span>Posted by<\/span>\n\t\t\n\t\t\t\t\t<img width=\"18\" height=\"18\" src=\"https:\/\/revistaexpofrio.com\/wp-content\/themes\/woodmart\/images\/lazy.svg\" class=\"avatar avatar-18 photo\" alt=\"author-avatar\" decoding=\"async\" srcset=\"\" sizes=\"(max-width: 18px) 100vw, 18px\" data-src=\"https:\/\/revistaexpofrio.com\/wp-content\/uploads\/2026\/01\/Foto-carnet.jpg-150x150.jpeg\" data-srcset=\"https:\/\/revistaexpofrio.com\/wp-content\/uploads\/2026\/01\/Foto-carnet.jpg-150x150.jpeg 150w, https:\/\/revistaexpofrio.com\/wp-content\/uploads\/2026\/01\/Foto-carnet.jpg-300x300.jpeg 300w, https:\/\/revistaexpofrio.com\/wp-content\/uploads\/2026\/01\/Foto-carnet.jpg-768x768.jpeg 768w, https:\/\/revistaexpofrio.com\/wp-content\/uploads\/2026\/01\/Foto-carnet.jpg.jpeg 800w\" \/>\t\t\n\t\t\t\t\t<a href=\"https:\/\/revistaexpofrio.com\/author\/carlos-hijar\/\" class=\"author\" rel=\"author\">Carlos H\u00edjar<\/a>\n\t\t\t\t\t\t\t\t\t<\/div>\n\t\t\t\t\t<div class=\"wd-modified-date\">\n\t\t\t\t\t\t\t\t<time class=\"updated\" datetime=\"2025-07-10T16:49:11-05:00\">\n\t\t\t10 julio, 2025\t\t<\/time>\n\t\t\t\t\t\t\t<\/div>\n\n\t\t\t\t\t\t\t\t\t\t\t<div tabindex=\"0\" class=\"wd-post-share wd-tltp\">\n\t\t\t\t\t\t\t<div class=\"tooltip top\">\n\t\t\t\t\t\t\t\t<div class=\"tooltip-inner\">\n\t\t\t\t\t\t\t\t\t\t\t\t<div\n\t\t\t\t\t\tclass=\" wd-social-icons wd-style-default wd-size-small social-share wd-shape-circle color-scheme-light text-center\">\n\t\t\t\t\n\t\t\t\t\n\t\t\t\t\t\t\t\t\t<a rel=\"noopener noreferrer nofollow\" href=\"https:\/\/www.facebook.com\/sharer\/sharer.php?u=https:\/\/revistaexpofrio.com\/frascold-apuesta-por-crecer-en-america-latina\/\" target=\"_blank\" class=\" wd-social-icon social-facebook\" aria-label=\"Facebook social link\">\n\t\t\t\t\t\t<span class=\"wd-icon\"><\/span>\n\t\t\t\t\t\t\t\t\t\t\t<\/a>\n\t\t\t\t\n\t\t\t\t\t\t\t\t\t<a rel=\"noopener noreferrer nofollow\" href=\"https:\/\/x.com\/share?url=https:\/\/revistaexpofrio.com\/frascold-apuesta-por-crecer-en-america-latina\/\" target=\"_blank\" class=\" wd-social-icon social-twitter\" aria-label=\"X social link\">\n\t\t\t\t\t\t<span class=\"wd-icon\"><\/span>\n\t\t\t\t\t\t\t\t\t\t\t<\/a>\n\t\t\t\t\n\t\t\t\t\n\t\t\t\t\n\t\t\t\t\n\t\t\t\t\n\t\t\t\t\n\t\t\t\t\t\t\t\t\t<a rel=\"noopener noreferrer nofollow\" href=\"https:\/\/pinterest.com\/pin\/create\/button\/?url=https:\/\/revistaexpofrio.com\/frascold-apuesta-por-crecer-en-america-latina\/&media=https:\/\/revistaexpofrio.com\/wp-includes\/images\/media\/default.svg&description=%E2%80%9CFrascold+apuesta+por+crecer+en+Am%C3%A9rica+Latina%E2%80%9D\" target=\"_blank\" class=\" wd-social-icon social-pinterest\" aria-label=\"Pinterest social link\">\n\t\t\t\t\t\t<span class=\"wd-icon\"><\/span>\n\t\t\t\t\t\t\t\t\t\t\t<\/a>\n\t\t\t\t\n\t\t\t\t\n\t\t\t\t\t\t\t\t\t<a rel=\"noopener noreferrer nofollow\" href=\"https:\/\/www.linkedin.com\/shareArticle?mini=true&url=https:\/\/revistaexpofrio.com\/frascold-apuesta-por-crecer-en-america-latina\/\" target=\"_blank\" class=\" wd-social-icon social-linkedin\" aria-label=\"Linkedin social link\">\n\t\t\t\t\t\t<span class=\"wd-icon\"><\/span>\n\t\t\t\t\t\t\t\t\t\t\t<\/a>\n\t\t\t\t\n\t\t\t\t\n\t\t\t\t\n\t\t\t\t\n\t\t\t\t\n\t\t\t\t\n\t\t\t\t\n\t\t\t\t\n\t\t\t\t\n\t\t\t\t\n\t\t\t\t\n\t\t\t\t\n\t\t\t\t\n\t\t\t\t\n\t\t\t\t\n\t\t\t\t\t\t\t\t\t<a rel=\"noopener noreferrer nofollow\" href=\"https:\/\/telegram.me\/share\/url?url=https:\/\/revistaexpofrio.com\/frascold-apuesta-por-crecer-en-america-latina\/\" target=\"_blank\" class=\" wd-social-icon social-tg\" aria-label=\"Telegram social link\">\n\t\t\t\t\t\t<span class=\"wd-icon\"><\/span>\n\t\t\t\t\t\t\t\t\t\t\t<\/a>\n\t\t\t\t\n\t\t\t\t\n\t\t\t<\/div>\n\n\t\t\t\t\t\t\t\t\t\t<\/div>\n\t\t\t\t\t\t\t\t<div class=\"tooltip-arrow\"><\/div>\n\t\t\t\t\t\t\t<\/div>\n\t\t\t\t\t\t<\/div>\n\t\t\t\t\t\n\t\t\t\t\t\t\t\t\t\t\t\t\t\t\t\t\t<div class=\"wd-post-reply wd-style-1\">\n\t\t\t\t\t\t\t<a href=\"https:\/\/revistaexpofrio.com\/frascold-apuesta-por-crecer-en-america-latina\/#respond\"><span class=\"wd-replies-count\">0<\/span><\/a>\t\t\t\t\t\t<\/div>\n\t\t\t\t\t\t\t\t\t<\/div>\n\t\t\t\n\t\t\t\t\t\t\t\t\t\t\t\t<div class=\"wd-post-excerpt entry-content\">\n\t\t\t\t\t\tRoni Mendes, gerente comercial para LATAM de Frascold, nos destaca su estrategia regional, tecnolog\u00edas sostenibles y oportunidades clav...\t\t\t\t\t<\/div>\n\t\t\t\t\n\t\t\t\t\t\t\t\t\t\t\t\t\t\t<div class=\"wd-post-read-more wd-style-link read-more-section\">\n\t\t\t\t\t\t<a class=\"\" href=\"https:\/\/revistaexpofrio.com\/frascold-apuesta-por-crecer-en-america-latina\/\">Continue reading<\/a>\t\t\t\t\t<\/div>\n\t\t\t\t\t\t\t\t\t\t\t\t\t<\/div>\n\t<\/div>\n<\/article>\n\n\t\t\t\t\t\t\t\t\t\t\t\n<article id=\"post-19017\" class=\"wd-post blog-design-masonry blog-post-loop blog-style-bg wd-add-shadow wd-col post-19017 post type-post status-publish format-standard has-post-thumbnail hentry category-noticias tag-brasil tag-friozem\">\n\t<div class=\"wd-post-inner article-inner\">\n\t\t\t\t\t<div class=\"wd-post-thumb entry-header\">\n\t\t\t\t\t\t\t\t\t<div class=\"wd-post-img post-img-wrapp\">\n\t\t\t\t\t\t\t\t\t\t\t<\/div>\n\t\t\t\t\t\t\t\t\t\t<a class=\"wd-fill\" tabindex=\"-1\" href=\"https:\/\/revistaexpofrio.com\/friozem-inaugura-centro-logistico-con-capacidad-y-expansion\/\" aria-label=\"Link on post Friozem inaugura centro log\u00edstico con capacidad y expansi\u00f3n\"><\/a>\n\t\t\t\t\n\t\t\t\t\t\t\t\t\t\t\t\t<div class=\"wd-post-date wd-style-with-bg\">\n\t\t\t\t<span class=\"post-date-day\">\n\t\t\t\t\t24\t\t\t\t<\/span>\n\t\t\t\t<span class=\"post-date-month\">\n\t\t\t\t\tJun\t\t\t\t<\/span>\n\t\t\t<\/div>\n\t\t\t\t\t\t\t\t\t<\/div>\n\t\t\n\t\t<div class=\"wd-post-content article-body-container\">\n\t\t\t\t\t\t\t<div class=\"wd-post-cat wd-style-with-bg meta-post-categories\">\n\t\t\t\t\t<a href=\"https:\/\/revistaexpofrio.com\/category\/noticias\/\" rel=\"category tag\">Noticias HVAC-R<\/a>\t\t\t\t<\/div>\n\t\t\t\n\t\t\t\t\t\t\t<h3 class=\"wd-post-title wd-entities-title title post-title\">\n\t\t\t\t\t<a href=\"https:\/\/revistaexpofrio.com\/friozem-inaugura-centro-logistico-con-capacidad-y-expansion\/\" rel=\"bookmark\">Friozem inaugura centro log\u00edstico con capacidad y expansi\u00f3n<\/a>\n\t\t\t\t<\/h3>\n\t\t\t\n\t\t\t\t\t\t\t<div class=\"wd-post-meta\">\n\t\t\t\t\t\t\t\t\t\t\t\t\t\t\t<div class=\"wd-post-author\">\n\t\t\t\t\t\t\t\t\t\t\t<span>Posted by<\/span>\n\t\t\n\t\t\t\t\t<img width=\"18\" height=\"18\" src=\"https:\/\/revistaexpofrio.com\/wp-content\/themes\/woodmart\/images\/lazy.svg\" class=\"avatar avatar-18 photo\" alt=\"author-avatar\" decoding=\"async\" srcset=\"\" sizes=\"(max-width: 18px) 100vw, 18px\" data-src=\"https:\/\/revistaexpofrio.com\/wp-content\/uploads\/2026\/01\/Foto-carnet.jpg-150x150.jpeg\" data-srcset=\"https:\/\/revistaexpofrio.com\/wp-content\/uploads\/2026\/01\/Foto-carnet.jpg-150x150.jpeg 150w, https:\/\/revistaexpofrio.com\/wp-content\/uploads\/2026\/01\/Foto-carnet.jpg-300x300.jpeg 300w, https:\/\/revistaexpofrio.com\/wp-content\/uploads\/2026\/01\/Foto-carnet.jpg-768x768.jpeg 768w, https:\/\/revistaexpofrio.com\/wp-content\/uploads\/2026\/01\/Foto-carnet.jpg.jpeg 800w\" \/>\t\t\n\t\t\t\t\t<a href=\"https:\/\/revistaexpofrio.com\/author\/carlos-hijar\/\" class=\"author\" rel=\"author\">Carlos H\u00edjar<\/a>\n\t\t\t\t\t\t\t\t\t<\/div>\n\t\t\t\t\t<div class=\"wd-modified-date\">\n\t\t\t\t\t\t\t\t<time class=\"updated\" datetime=\"2025-06-24T17:31:03-05:00\">\n\t\t\t24 junio, 2025\t\t<\/time>\n\t\t\t\t\t\t\t<\/div>\n\n\t\t\t\t\t\t\t\t\t\t\t<div tabindex=\"0\" class=\"wd-post-share wd-tltp\">\n\t\t\t\t\t\t\t<div class=\"tooltip top\">\n\t\t\t\t\t\t\t\t<div class=\"tooltip-inner\">\n\t\t\t\t\t\t\t\t\t\t\t\t<div\n\t\t\t\t\t\tclass=\" wd-social-icons wd-style-default wd-size-small social-share wd-shape-circle color-scheme-light text-center\">\n\t\t\t\t\n\t\t\t\t\n\t\t\t\t\t\t\t\t\t<a rel=\"noopener noreferrer nofollow\" href=\"https:\/\/www.facebook.com\/sharer\/sharer.php?u=https:\/\/revistaexpofrio.com\/friozem-inaugura-centro-logistico-con-capacidad-y-expansion\/\" target=\"_blank\" class=\" wd-social-icon social-facebook\" aria-label=\"Facebook social link\">\n\t\t\t\t\t\t<span class=\"wd-icon\"><\/span>\n\t\t\t\t\t\t\t\t\t\t\t<\/a>\n\t\t\t\t\n\t\t\t\t\t\t\t\t\t<a rel=\"noopener noreferrer nofollow\" href=\"https:\/\/x.com\/share?url=https:\/\/revistaexpofrio.com\/friozem-inaugura-centro-logistico-con-capacidad-y-expansion\/\" target=\"_blank\" class=\" wd-social-icon social-twitter\" aria-label=\"X social link\">\n\t\t\t\t\t\t<span class=\"wd-icon\"><\/span>\n\t\t\t\t\t\t\t\t\t\t\t<\/a>\n\t\t\t\t\n\t\t\t\t\n\t\t\t\t\n\t\t\t\t\n\t\t\t\t\n\t\t\t\t\n\t\t\t\t\t\t\t\t\t<a rel=\"noopener noreferrer nofollow\" href=\"https:\/\/pinterest.com\/pin\/create\/button\/?url=https:\/\/revistaexpofrio.com\/friozem-inaugura-centro-logistico-con-capacidad-y-expansion\/&media=https:\/\/revistaexpofrio.com\/wp-includes\/images\/media\/default.svg&description=Friozem+inaugura+centro+log%C3%ADstico+con+capacidad+y+expansi%C3%B3n\" target=\"_blank\" class=\" wd-social-icon social-pinterest\" aria-label=\"Pinterest social link\">\n\t\t\t\t\t\t<span class=\"wd-icon\"><\/span>\n\t\t\t\t\t\t\t\t\t\t\t<\/a>\n\t\t\t\t\n\t\t\t\t\n\t\t\t\t\t\t\t\t\t<a rel=\"noopener noreferrer nofollow\" href=\"https:\/\/www.linkedin.com\/shareArticle?mini=true&url=https:\/\/revistaexpofrio.com\/friozem-inaugura-centro-logistico-con-capacidad-y-expansion\/\" target=\"_blank\" class=\" wd-social-icon social-linkedin\" aria-label=\"Linkedin social link\">\n\t\t\t\t\t\t<span class=\"wd-icon\"><\/span>\n\t\t\t\t\t\t\t\t\t\t\t<\/a>\n\t\t\t\t\n\t\t\t\t\n\t\t\t\t\n\t\t\t\t\n\t\t\t\t\n\t\t\t\t\n\t\t\t\t\n\t\t\t\t\n\t\t\t\t\n\t\t\t\t\n\t\t\t\t\n\t\t\t\t\n\t\t\t\t\n\t\t\t\t\n\t\t\t\t\n\t\t\t\t\t\t\t\t\t<a rel=\"noopener noreferrer nofollow\" href=\"https:\/\/telegram.me\/share\/url?url=https:\/\/revistaexpofrio.com\/friozem-inaugura-centro-logistico-con-capacidad-y-expansion\/\" target=\"_blank\" class=\" wd-social-icon social-tg\" aria-label=\"Telegram social link\">\n\t\t\t\t\t\t<span class=\"wd-icon\"><\/span>\n\t\t\t\t\t\t\t\t\t\t\t<\/a>\n\t\t\t\t\n\t\t\t\t\n\t\t\t<\/div>\n\n\t\t\t\t\t\t\t\t\t\t<\/div>\n\t\t\t\t\t\t\t\t<div class=\"tooltip-arrow\"><\/div>\n\t\t\t\t\t\t\t<\/div>\n\t\t\t\t\t\t<\/div>\n\t\t\t\t\t\n\t\t\t\t\t\t\t\t\t\t\t\t\t\t\t\t\t<div class=\"wd-post-reply wd-style-1\">\n\t\t\t\t\t\t\t<a href=\"https:\/\/revistaexpofrio.com\/friozem-inaugura-centro-logistico-con-capacidad-y-expansion\/#respond\"><span class=\"wd-replies-count\">0<\/span><\/a>\t\t\t\t\t\t<\/div>\n\t\t\t\t\t\t\t\t\t<\/div>\n\t\t\t\n\t\t\t\t\t\t\t\t\t\t\t\t<div class=\"wd-post-excerpt entry-content\">\n\t\t\t\t\t\tLa nueva planta en Sapucaia do Sul, Brasil, incluye 28 mil posiciones para pal\u00e9s y mantiene el 90% del personal anterior.\n\n\n\nFriozem Lo...\t\t\t\t\t<\/div>\n\t\t\t\t\n\t\t\t\t\t\t\t\t\t\t\t\t\t\t<div class=\"wd-post-read-more wd-style-link read-more-section\">\n\t\t\t\t\t\t<a class=\"\" href=\"https:\/\/revistaexpofrio.com\/friozem-inaugura-centro-logistico-con-capacidad-y-expansion\/\">Continue reading<\/a>\t\t\t\t\t<\/div>\n\t\t\t\t\t\t\t\t\t\t\t\t\t<\/div>\n\t<\/div>\n<\/article>\n\n\t\t\t\t\t\n\t\t\t\t\t","status":"have-posts","nextPage":"https:\/\/revistaexpofrio.com\/tag\/brasil\/page\/3\/?woo_ajax=1","currentPage":"https:\/\/revistaexpofrio.com\/tag\/brasil\/page\/2"}