
			
				

					
				

			
		{"items":"\n\t\t\t\t\t\t\t\t\t\t\t\t\t\t<link rel=\"stylesheet\" id=\"wd-post-types-mod-categories-style-bg-css\" href=\"https:\/\/revistaexpofrio.com\/wp-content\/themes\/woodmart\/css\/parts\/post-types-mod-categories-style-bg.min.css?ver=8.3.4\" type=\"text\/css\" media=\"all\" \/> \t\t\t\n<article id=\"post-18760\" class=\"wd-post blog-design-masonry blog-post-loop blog-style-bg wd-add-shadow wd-col post-18760 post type-post status-publish format-standard has-post-thumbnail hentry category-noticias tag-aire-acondicionado tag-latinoamerica tag-lg-electronics\">\n\t<div class=\"wd-post-inner article-inner\">\n\t\t\t\t\t<div class=\"wd-post-thumb entry-header\">\n\t\t\t\t\t\t\t\t\t<div class=\"wd-post-img post-img-wrapp\">\n\t\t\t\t\t\t\t\t\t\t\t<\/div>\n\t\t\t\t\t\t\t\t\t\t<a class=\"wd-fill\" tabindex=\"-1\" href=\"https:\/\/revistaexpofrio.com\/lg-lidera-el-mercado-latinoamericano-de-aire-acondicionado\/\" aria-label=\"Link on post LG lidera el mercado latinoamericano de aire acondicionado\"><\/a>\n\t\t\t\t\n\t\t\t\t\t\t\t\t\t\t\t\t<link rel=\"stylesheet\" id=\"wd-post-types-mod-date-style-bg-css\" href=\"https:\/\/revistaexpofrio.com\/wp-content\/themes\/woodmart\/css\/parts\/post-types-mod-date-style-bg.min.css?ver=8.3.4\" type=\"text\/css\" media=\"all\" \/> \t\t\t\t\t\t<div class=\"wd-post-date wd-style-with-bg\">\n\t\t\t\t<span class=\"post-date-day\">\n\t\t\t\t\t30\t\t\t\t<\/span>\n\t\t\t\t<span class=\"post-date-month\">\n\t\t\t\t\tOct\t\t\t\t<\/span>\n\t\t\t<\/div>\n\t\t\t\t\t\t\t\t\t<\/div>\n\t\t\n\t\t<div class=\"wd-post-content article-body-container\">\n\t\t\t\t\t\t\t<div class=\"wd-post-cat wd-style-with-bg meta-post-categories\">\n\t\t\t\t\t<a href=\"https:\/\/revistaexpofrio.com\/category\/noticias\/\" rel=\"category tag\">Noticias HVAC-R<\/a>\t\t\t\t<\/div>\n\t\t\t\n\t\t\t\t\t\t\t<h3 class=\"wd-post-title wd-entities-title title post-title\">\n\t\t\t\t\t<a href=\"https:\/\/revistaexpofrio.com\/lg-lidera-el-mercado-latinoamericano-de-aire-acondicionado\/\" rel=\"bookmark\">LG lidera el mercado latinoamericano de aire acondicionado<\/a>\n\t\t\t\t<\/h3>\n\t\t\t\n\t\t\t\t\t\t\t<div class=\"wd-post-meta\">\n\t\t\t\t\t\t\t\t\t\t\t\t\t<link rel=\"stylesheet\" id=\"wd-blog-mod-author-css\" href=\"https:\/\/revistaexpofrio.com\/wp-content\/themes\/woodmart\/css\/parts\/blog-mod-author.min.css?ver=8.3.4\" type=\"text\/css\" media=\"all\" \/> \t\t\t\t\t\t\t\t<div class=\"wd-post-author\">\n\t\t\t\t\t\t\t\t\t\t\t<span>Posted by<\/span>\n\t\t\n\t\t\t\t\t<img width=\"18\" height=\"18\" src=\"https:\/\/revistaexpofrio.com\/wp-content\/themes\/woodmart\/images\/lazy.svg\" class=\"avatar avatar-18 photo\" alt=\"author-avatar\" decoding=\"async\" srcset=\"\" sizes=\"(max-width: 18px) 100vw, 18px\" data-src=\"https:\/\/revistaexpofrio.com\/wp-content\/uploads\/2026\/01\/Foto-carnet.jpg-150x150.jpeg\" data-srcset=\"https:\/\/revistaexpofrio.com\/wp-content\/uploads\/2026\/01\/Foto-carnet.jpg-150x150.jpeg 150w, https:\/\/revistaexpofrio.com\/wp-content\/uploads\/2026\/01\/Foto-carnet.jpg-300x300.jpeg 300w, https:\/\/revistaexpofrio.com\/wp-content\/uploads\/2026\/01\/Foto-carnet.jpg-768x768.jpeg 768w, https:\/\/revistaexpofrio.com\/wp-content\/uploads\/2026\/01\/Foto-carnet.jpg.jpeg 800w\" \/>\t\t\n\t\t\t\t\t<a href=\"https:\/\/revistaexpofrio.com\/author\/carlos-hijar\/\" class=\"author\" rel=\"author\">Carlos H\u00edjar<\/a>\n\t\t\t\t\t\t\t\t\t<\/div>\n\t\t\t\t\t<div class=\"wd-modified-date\">\n\t\t\t\t\t\t\t\t<time class=\"updated\" datetime=\"2025-10-30T10:11:08-05:00\">\n\t\t\t30 octubre, 2025\t\t<\/time>\n\t\t\t\t\t\t\t<\/div>\n\n\t\t\t\t\t\t\t\t\t\t\t<div tabindex=\"0\" class=\"wd-post-share wd-tltp\">\n\t\t\t\t\t\t\t<div class=\"tooltip top\">\n\t\t\t\t\t\t\t\t<div class=\"tooltip-inner\">\n\t\t\t\t\t\t\t\t\t\t\t\t<link rel=\"stylesheet\" id=\"wd-social-icons-css\" href=\"https:\/\/revistaexpofrio.com\/wp-content\/themes\/woodmart\/css\/parts\/el-social-icons.min.css?ver=8.3.4\" type=\"text\/css\" media=\"all\" \/> \t\t\t\t\t\t<div\n\t\t\t\t\t\tclass=\" wd-social-icons wd-style-default wd-size-small social-share wd-shape-circle color-scheme-light text-center\">\n\t\t\t\t\n\t\t\t\t\n\t\t\t\t\t\t\t\t\t<a rel=\"noopener noreferrer nofollow\" href=\"https:\/\/www.facebook.com\/sharer\/sharer.php?u=https:\/\/revistaexpofrio.com\/lg-lidera-el-mercado-latinoamericano-de-aire-acondicionado\/\" target=\"_blank\" class=\" wd-social-icon social-facebook\" aria-label=\"Facebook social link\">\n\t\t\t\t\t\t<span class=\"wd-icon\"><\/span>\n\t\t\t\t\t\t\t\t\t\t\t<\/a>\n\t\t\t\t\n\t\t\t\t\t\t\t\t\t<a rel=\"noopener noreferrer nofollow\" href=\"https:\/\/x.com\/share?url=https:\/\/revistaexpofrio.com\/lg-lidera-el-mercado-latinoamericano-de-aire-acondicionado\/\" target=\"_blank\" class=\" wd-social-icon social-twitter\" aria-label=\"X social link\">\n\t\t\t\t\t\t<span class=\"wd-icon\"><\/span>\n\t\t\t\t\t\t\t\t\t\t\t<\/a>\n\t\t\t\t\n\t\t\t\t\n\t\t\t\t\n\t\t\t\t\n\t\t\t\t\n\t\t\t\t\n\t\t\t\t\t\t\t\t\t<a rel=\"noopener noreferrer nofollow\" href=\"https:\/\/pinterest.com\/pin\/create\/button\/?url=https:\/\/revistaexpofrio.com\/lg-lidera-el-mercado-latinoamericano-de-aire-acondicionado\/&media=https:\/\/revistaexpofrio.com\/wp-includes\/images\/media\/default.svg&description=LG+lidera+el+mercado+latinoamericano+de+aire+acondicionado\" target=\"_blank\" class=\" wd-social-icon social-pinterest\" aria-label=\"Pinterest social link\">\n\t\t\t\t\t\t<span class=\"wd-icon\"><\/span>\n\t\t\t\t\t\t\t\t\t\t\t<\/a>\n\t\t\t\t\n\t\t\t\t\n\t\t\t\t\t\t\t\t\t<a rel=\"noopener noreferrer nofollow\" href=\"https:\/\/www.linkedin.com\/shareArticle?mini=true&url=https:\/\/revistaexpofrio.com\/lg-lidera-el-mercado-latinoamericano-de-aire-acondicionado\/\" target=\"_blank\" class=\" wd-social-icon social-linkedin\" aria-label=\"Linkedin social link\">\n\t\t\t\t\t\t<span class=\"wd-icon\"><\/span>\n\t\t\t\t\t\t\t\t\t\t\t<\/a>\n\t\t\t\t\n\t\t\t\t\n\t\t\t\t\n\t\t\t\t\n\t\t\t\t\n\t\t\t\t\n\t\t\t\t\n\t\t\t\t\n\t\t\t\t\n\t\t\t\t\n\t\t\t\t\n\t\t\t\t\n\t\t\t\t\n\t\t\t\t\n\t\t\t\t\n\t\t\t\t\t\t\t\t\t<a rel=\"noopener noreferrer nofollow\" href=\"https:\/\/telegram.me\/share\/url?url=https:\/\/revistaexpofrio.com\/lg-lidera-el-mercado-latinoamericano-de-aire-acondicionado\/\" target=\"_blank\" class=\" wd-social-icon social-tg\" aria-label=\"Telegram social link\">\n\t\t\t\t\t\t<span class=\"wd-icon\"><\/span>\n\t\t\t\t\t\t\t\t\t\t\t<\/a>\n\t\t\t\t\n\t\t\t\t\n\t\t\t<\/div>\n\n\t\t\t\t\t\t\t\t\t\t<\/div>\n\t\t\t\t\t\t\t\t<div class=\"tooltip-arrow\"><\/div>\n\t\t\t\t\t\t\t<\/div>\n\t\t\t\t\t\t<\/div>\n\t\t\t\t\t\n\t\t\t\t\t\t\t\t\t\t\t\t\t\t<link rel=\"stylesheet\" id=\"wd-blog-mod-comments-button-css\" href=\"https:\/\/revistaexpofrio.com\/wp-content\/themes\/woodmart\/css\/parts\/blog-mod-comments-button.min.css?ver=8.3.4\" type=\"text\/css\" media=\"all\" \/> \t\t\t\t\t\t\t\t\t<div class=\"wd-post-reply wd-style-1\">\n\t\t\t\t\t\t\t<a href=\"https:\/\/revistaexpofrio.com\/lg-lidera-el-mercado-latinoamericano-de-aire-acondicionado\/#respond\"><span class=\"wd-replies-count\">0<\/span><\/a>\t\t\t\t\t\t<\/div>\n\t\t\t\t\t\t\t\t\t<\/div>\n\t\t\t\n\t\t\t\t\t\t\t\t\t\t\t\t<div class=\"wd-post-excerpt entry-content\">\n\t\t\t\t\t\tSeg\u00fan Euromonitor International, LG lidera por d\u00e9cimo a\u00f1o consecutivo las ventas de aires acondicionados residenciales en Latinoam\u00e9rica...\t\t\t\t\t<\/div>\n\t\t\t\t\n\t\t\t\t\t\t\t\t\t\t\t\t\t\t<div class=\"wd-post-read-more wd-style-link read-more-section\">\n\t\t\t\t\t\t<a class=\"\" href=\"https:\/\/revistaexpofrio.com\/lg-lidera-el-mercado-latinoamericano-de-aire-acondicionado\/\">Continue reading<\/a>\t\t\t\t\t<\/div>\n\t\t\t\t\t\t\t\t\t\t\t\t\t<\/div>\n\t<\/div>\n<\/article>\n\n\t\t\t\t\t\t\t\t\t\t\t\n<article id=\"post-18763\" class=\"wd-post blog-design-masonry blog-post-loop blog-style-bg wd-add-shadow wd-col post-18763 post type-post status-publish format-standard has-post-thumbnail hentry category-noticias tag-inauguracion tag-lg-electronics\">\n\t<div class=\"wd-post-inner article-inner\">\n\t\t\t\t\t<div class=\"wd-post-thumb entry-header\">\n\t\t\t\t\t\t\t\t\t<div class=\"wd-post-img post-img-wrapp\">\n\t\t\t\t\t\t\t\t\t\t\t<\/div>\n\t\t\t\t\t\t\t\t\t\t<a class=\"wd-fill\" tabindex=\"-1\" href=\"https:\/\/revistaexpofrio.com\/lg-inaugura-nueva-planta-de-aire-acondicionado-en-indonesia\/\" aria-label=\"Link on post LG inaugura nueva planta de aire acondicionado en Indonesia\"><\/a>\n\t\t\t\t\n\t\t\t\t\t\t\t\t\t\t\t\t<div class=\"wd-post-date wd-style-with-bg\">\n\t\t\t\t<span class=\"post-date-day\">\n\t\t\t\t\t28\t\t\t\t<\/span>\n\t\t\t\t<span class=\"post-date-month\">\n\t\t\t\t\tOct\t\t\t\t<\/span>\n\t\t\t<\/div>\n\t\t\t\t\t\t\t\t\t<\/div>\n\t\t\n\t\t<div class=\"wd-post-content article-body-container\">\n\t\t\t\t\t\t\t<div class=\"wd-post-cat wd-style-with-bg meta-post-categories\">\n\t\t\t\t\t<a href=\"https:\/\/revistaexpofrio.com\/category\/noticias\/\" rel=\"category tag\">Noticias HVAC-R<\/a>\t\t\t\t<\/div>\n\t\t\t\n\t\t\t\t\t\t\t<h3 class=\"wd-post-title wd-entities-title title post-title\">\n\t\t\t\t\t<a href=\"https:\/\/revistaexpofrio.com\/lg-inaugura-nueva-planta-de-aire-acondicionado-en-indonesia\/\" rel=\"bookmark\">LG inaugura nueva planta de aire acondicionado en Indonesia<\/a>\n\t\t\t\t<\/h3>\n\t\t\t\n\t\t\t\t\t\t\t<div class=\"wd-post-meta\">\n\t\t\t\t\t\t\t\t\t\t\t\t\t\t\t<div class=\"wd-post-author\">\n\t\t\t\t\t\t\t\t\t\t\t<span>Posted by<\/span>\n\t\t\n\t\t\t\t\t<img width=\"18\" height=\"18\" src=\"https:\/\/revistaexpofrio.com\/wp-content\/themes\/woodmart\/images\/lazy.svg\" class=\"avatar avatar-18 photo\" alt=\"author-avatar\" decoding=\"async\" srcset=\"\" sizes=\"(max-width: 18px) 100vw, 18px\" data-src=\"https:\/\/revistaexpofrio.com\/wp-content\/uploads\/2026\/01\/Foto-carnet.jpg-150x150.jpeg\" data-srcset=\"https:\/\/revistaexpofrio.com\/wp-content\/uploads\/2026\/01\/Foto-carnet.jpg-150x150.jpeg 150w, https:\/\/revistaexpofrio.com\/wp-content\/uploads\/2026\/01\/Foto-carnet.jpg-300x300.jpeg 300w, https:\/\/revistaexpofrio.com\/wp-content\/uploads\/2026\/01\/Foto-carnet.jpg-768x768.jpeg 768w, https:\/\/revistaexpofrio.com\/wp-content\/uploads\/2026\/01\/Foto-carnet.jpg.jpeg 800w\" \/>\t\t\n\t\t\t\t\t<a href=\"https:\/\/revistaexpofrio.com\/author\/carlos-hijar\/\" class=\"author\" rel=\"author\">Carlos H\u00edjar<\/a>\n\t\t\t\t\t\t\t\t\t<\/div>\n\t\t\t\t\t<div class=\"wd-modified-date\">\n\t\t\t\t\t\t\t\t<time class=\"updated\" datetime=\"2025-10-28T16:31:47-05:00\">\n\t\t\t28 octubre, 2025\t\t<\/time>\n\t\t\t\t\t\t\t<\/div>\n\n\t\t\t\t\t\t\t\t\t\t\t<div tabindex=\"0\" class=\"wd-post-share wd-tltp\">\n\t\t\t\t\t\t\t<div class=\"tooltip top\">\n\t\t\t\t\t\t\t\t<div class=\"tooltip-inner\">\n\t\t\t\t\t\t\t\t\t\t\t\t<div\n\t\t\t\t\t\tclass=\" wd-social-icons wd-style-default wd-size-small social-share wd-shape-circle color-scheme-light text-center\">\n\t\t\t\t\n\t\t\t\t\n\t\t\t\t\t\t\t\t\t<a rel=\"noopener noreferrer nofollow\" href=\"https:\/\/www.facebook.com\/sharer\/sharer.php?u=https:\/\/revistaexpofrio.com\/lg-inaugura-nueva-planta-de-aire-acondicionado-en-indonesia\/\" target=\"_blank\" class=\" wd-social-icon social-facebook\" aria-label=\"Facebook social link\">\n\t\t\t\t\t\t<span class=\"wd-icon\"><\/span>\n\t\t\t\t\t\t\t\t\t\t\t<\/a>\n\t\t\t\t\n\t\t\t\t\t\t\t\t\t<a rel=\"noopener noreferrer nofollow\" href=\"https:\/\/x.com\/share?url=https:\/\/revistaexpofrio.com\/lg-inaugura-nueva-planta-de-aire-acondicionado-en-indonesia\/\" target=\"_blank\" class=\" wd-social-icon social-twitter\" aria-label=\"X social link\">\n\t\t\t\t\t\t<span class=\"wd-icon\"><\/span>\n\t\t\t\t\t\t\t\t\t\t\t<\/a>\n\t\t\t\t\n\t\t\t\t\n\t\t\t\t\n\t\t\t\t\n\t\t\t\t\n\t\t\t\t\n\t\t\t\t\t\t\t\t\t<a rel=\"noopener noreferrer nofollow\" href=\"https:\/\/pinterest.com\/pin\/create\/button\/?url=https:\/\/revistaexpofrio.com\/lg-inaugura-nueva-planta-de-aire-acondicionado-en-indonesia\/&media=https:\/\/revistaexpofrio.com\/wp-includes\/images\/media\/default.svg&description=LG+inaugura+nueva+planta+de+aire+acondicionado+en+Indonesia\" target=\"_blank\" class=\" wd-social-icon social-pinterest\" aria-label=\"Pinterest social link\">\n\t\t\t\t\t\t<span class=\"wd-icon\"><\/span>\n\t\t\t\t\t\t\t\t\t\t\t<\/a>\n\t\t\t\t\n\t\t\t\t\n\t\t\t\t\t\t\t\t\t<a rel=\"noopener noreferrer nofollow\" href=\"https:\/\/www.linkedin.com\/shareArticle?mini=true&url=https:\/\/revistaexpofrio.com\/lg-inaugura-nueva-planta-de-aire-acondicionado-en-indonesia\/\" target=\"_blank\" class=\" wd-social-icon social-linkedin\" aria-label=\"Linkedin social link\">\n\t\t\t\t\t\t<span class=\"wd-icon\"><\/span>\n\t\t\t\t\t\t\t\t\t\t\t<\/a>\n\t\t\t\t\n\t\t\t\t\n\t\t\t\t\n\t\t\t\t\n\t\t\t\t\n\t\t\t\t\n\t\t\t\t\n\t\t\t\t\n\t\t\t\t\n\t\t\t\t\n\t\t\t\t\n\t\t\t\t\n\t\t\t\t\n\t\t\t\t\n\t\t\t\t\n\t\t\t\t\t\t\t\t\t<a rel=\"noopener noreferrer nofollow\" href=\"https:\/\/telegram.me\/share\/url?url=https:\/\/revistaexpofrio.com\/lg-inaugura-nueva-planta-de-aire-acondicionado-en-indonesia\/\" target=\"_blank\" class=\" wd-social-icon social-tg\" aria-label=\"Telegram social link\">\n\t\t\t\t\t\t<span class=\"wd-icon\"><\/span>\n\t\t\t\t\t\t\t\t\t\t\t<\/a>\n\t\t\t\t\n\t\t\t\t\n\t\t\t<\/div>\n\n\t\t\t\t\t\t\t\t\t\t<\/div>\n\t\t\t\t\t\t\t\t<div class=\"tooltip-arrow\"><\/div>\n\t\t\t\t\t\t\t<\/div>\n\t\t\t\t\t\t<\/div>\n\t\t\t\t\t\n\t\t\t\t\t\t\t\t\t\t\t\t\t\t\t\t\t<div class=\"wd-post-reply wd-style-1\">\n\t\t\t\t\t\t\t<a href=\"https:\/\/revistaexpofrio.com\/lg-inaugura-nueva-planta-de-aire-acondicionado-en-indonesia\/#respond\"><span class=\"wd-replies-count\">0<\/span><\/a>\t\t\t\t\t\t<\/div>\n\t\t\t\t\t\t\t\t\t<\/div>\n\t\t\t\n\t\t\t\t\t\t\t\t\t\t\t\t<div class=\"wd-post-excerpt entry-content\">\n\t\t\t\t\t\tLa f\u00e1brica en Bekasi producir\u00e1 700.000 unidades anuales y fortalecer\u00e1 la estrategia de expansi\u00f3n de LG en el Sur Global.\n\n\n\nLG Electron...\t\t\t\t\t<\/div>\n\t\t\t\t\n\t\t\t\t\t\t\t\t\t\t\t\t\t\t<div class=\"wd-post-read-more wd-style-link read-more-section\">\n\t\t\t\t\t\t<a class=\"\" href=\"https:\/\/revistaexpofrio.com\/lg-inaugura-nueva-planta-de-aire-acondicionado-en-indonesia\/\">Continue reading<\/a>\t\t\t\t\t<\/div>\n\t\t\t\t\t\t\t\t\t\t\t\t\t<\/div>\n\t<\/div>\n<\/article>\n\n\t\t\t\t\t\t\t\t\t\t\t\n<article id=\"post-18821\" class=\"wd-post blog-design-masonry blog-post-loop blog-style-bg wd-add-shadow wd-col post-18821 post type-post status-publish format-standard has-post-thumbnail hentry category-nacional tag-lg-electronics tag-peru\">\n\t<div class=\"wd-post-inner article-inner\">\n\t\t\t\t\t<div class=\"wd-post-thumb entry-header\">\n\t\t\t\t\t\t\t\t\t<div class=\"wd-post-img post-img-wrapp\">\n\t\t\t\t\t\t\t\t\t\t\t<\/div>\n\t\t\t\t\t\t\t\t\t\t<a class=\"wd-fill\" tabindex=\"-1\" href=\"https:\/\/revistaexpofrio.com\/lg-electronics-peru-celebra-28-anos-en-climatizacion\/\" aria-label=\"Link on post LG Electronics Per\u00fa celebra 28 a\u00f1os en climatizaci\u00f3n\"><\/a>\n\t\t\t\t\n\t\t\t\t\t\t\t\t\t\t\t\t<div class=\"wd-post-date wd-style-with-bg\">\n\t\t\t\t<span class=\"post-date-day\">\n\t\t\t\t\t15\t\t\t\t<\/span>\n\t\t\t\t<span class=\"post-date-month\">\n\t\t\t\t\tSep\t\t\t\t<\/span>\n\t\t\t<\/div>\n\t\t\t\t\t\t\t\t\t<\/div>\n\t\t\n\t\t<div class=\"wd-post-content article-body-container\">\n\t\t\t\t\t\t\t<div class=\"wd-post-cat wd-style-with-bg meta-post-categories\">\n\t\t\t\t\t<a href=\"https:\/\/revistaexpofrio.com\/category\/nacional\/\" rel=\"category tag\">Nacional<\/a>\t\t\t\t<\/div>\n\t\t\t\n\t\t\t\t\t\t\t<h3 class=\"wd-post-title wd-entities-title title post-title\">\n\t\t\t\t\t<a href=\"https:\/\/revistaexpofrio.com\/lg-electronics-peru-celebra-28-anos-en-climatizacion\/\" rel=\"bookmark\">LG Electronics Per\u00fa celebra 28 a\u00f1os en climatizaci\u00f3n<\/a>\n\t\t\t\t<\/h3>\n\t\t\t\n\t\t\t\t\t\t\t<div class=\"wd-post-meta\">\n\t\t\t\t\t\t\t\t\t\t\t\t\t\t\t<div class=\"wd-post-author\">\n\t\t\t\t\t\t\t\t\t\t\t<span>Posted by<\/span>\n\t\t\n\t\t\t\t\t<img width=\"18\" height=\"18\" src=\"https:\/\/revistaexpofrio.com\/wp-content\/themes\/woodmart\/images\/lazy.svg\" class=\"avatar avatar-18 photo\" alt=\"author-avatar\" decoding=\"async\" srcset=\"\" sizes=\"(max-width: 18px) 100vw, 18px\" data-src=\"https:\/\/revistaexpofrio.com\/wp-content\/uploads\/2026\/01\/Foto-carnet.jpg-150x150.jpeg\" data-srcset=\"https:\/\/revistaexpofrio.com\/wp-content\/uploads\/2026\/01\/Foto-carnet.jpg-150x150.jpeg 150w, https:\/\/revistaexpofrio.com\/wp-content\/uploads\/2026\/01\/Foto-carnet.jpg-300x300.jpeg 300w, https:\/\/revistaexpofrio.com\/wp-content\/uploads\/2026\/01\/Foto-carnet.jpg-768x768.jpeg 768w, https:\/\/revistaexpofrio.com\/wp-content\/uploads\/2026\/01\/Foto-carnet.jpg.jpeg 800w\" \/>\t\t\n\t\t\t\t\t<a href=\"https:\/\/revistaexpofrio.com\/author\/carlos-hijar\/\" class=\"author\" rel=\"author\">Carlos H\u00edjar<\/a>\n\t\t\t\t\t\t\t\t\t<\/div>\n\t\t\t\t\t<div class=\"wd-modified-date\">\n\t\t\t\t\t\t\t\t<time class=\"updated\" datetime=\"2025-09-15T09:29:09-05:00\">\n\t\t\t15 septiembre, 2025\t\t<\/time>\n\t\t\t\t\t\t\t<\/div>\n\n\t\t\t\t\t\t\t\t\t\t\t<div tabindex=\"0\" class=\"wd-post-share wd-tltp\">\n\t\t\t\t\t\t\t<div class=\"tooltip top\">\n\t\t\t\t\t\t\t\t<div class=\"tooltip-inner\">\n\t\t\t\t\t\t\t\t\t\t\t\t<div\n\t\t\t\t\t\tclass=\" wd-social-icons wd-style-default wd-size-small social-share wd-shape-circle color-scheme-light text-center\">\n\t\t\t\t\n\t\t\t\t\n\t\t\t\t\t\t\t\t\t<a rel=\"noopener noreferrer nofollow\" href=\"https:\/\/www.facebook.com\/sharer\/sharer.php?u=https:\/\/revistaexpofrio.com\/lg-electronics-peru-celebra-28-anos-en-climatizacion\/\" target=\"_blank\" class=\" wd-social-icon social-facebook\" aria-label=\"Facebook social link\">\n\t\t\t\t\t\t<span class=\"wd-icon\"><\/span>\n\t\t\t\t\t\t\t\t\t\t\t<\/a>\n\t\t\t\t\n\t\t\t\t\t\t\t\t\t<a rel=\"noopener noreferrer nofollow\" href=\"https:\/\/x.com\/share?url=https:\/\/revistaexpofrio.com\/lg-electronics-peru-celebra-28-anos-en-climatizacion\/\" target=\"_blank\" class=\" wd-social-icon social-twitter\" aria-label=\"X social link\">\n\t\t\t\t\t\t<span class=\"wd-icon\"><\/span>\n\t\t\t\t\t\t\t\t\t\t\t<\/a>\n\t\t\t\t\n\t\t\t\t\n\t\t\t\t\n\t\t\t\t\n\t\t\t\t\n\t\t\t\t\n\t\t\t\t\t\t\t\t\t<a rel=\"noopener noreferrer nofollow\" href=\"https:\/\/pinterest.com\/pin\/create\/button\/?url=https:\/\/revistaexpofrio.com\/lg-electronics-peru-celebra-28-anos-en-climatizacion\/&media=https:\/\/revistaexpofrio.com\/wp-includes\/images\/media\/default.svg&description=LG+Electronics+Per%C3%BA+celebra+28+a%C3%B1os+en+climatizaci%C3%B3n\" target=\"_blank\" class=\" wd-social-icon social-pinterest\" aria-label=\"Pinterest social link\">\n\t\t\t\t\t\t<span class=\"wd-icon\"><\/span>\n\t\t\t\t\t\t\t\t\t\t\t<\/a>\n\t\t\t\t\n\t\t\t\t\n\t\t\t\t\t\t\t\t\t<a rel=\"noopener noreferrer nofollow\" href=\"https:\/\/www.linkedin.com\/shareArticle?mini=true&url=https:\/\/revistaexpofrio.com\/lg-electronics-peru-celebra-28-anos-en-climatizacion\/\" target=\"_blank\" class=\" wd-social-icon social-linkedin\" aria-label=\"Linkedin social link\">\n\t\t\t\t\t\t<span class=\"wd-icon\"><\/span>\n\t\t\t\t\t\t\t\t\t\t\t<\/a>\n\t\t\t\t\n\t\t\t\t\n\t\t\t\t\n\t\t\t\t\n\t\t\t\t\n\t\t\t\t\n\t\t\t\t\n\t\t\t\t\n\t\t\t\t\n\t\t\t\t\n\t\t\t\t\n\t\t\t\t\n\t\t\t\t\n\t\t\t\t\n\t\t\t\t\n\t\t\t\t\t\t\t\t\t<a rel=\"noopener noreferrer nofollow\" href=\"https:\/\/telegram.me\/share\/url?url=https:\/\/revistaexpofrio.com\/lg-electronics-peru-celebra-28-anos-en-climatizacion\/\" target=\"_blank\" class=\" wd-social-icon social-tg\" aria-label=\"Telegram social link\">\n\t\t\t\t\t\t<span class=\"wd-icon\"><\/span>\n\t\t\t\t\t\t\t\t\t\t\t<\/a>\n\t\t\t\t\n\t\t\t\t\n\t\t\t<\/div>\n\n\t\t\t\t\t\t\t\t\t\t<\/div>\n\t\t\t\t\t\t\t\t<div class=\"tooltip-arrow\"><\/div>\n\t\t\t\t\t\t\t<\/div>\n\t\t\t\t\t\t<\/div>\n\t\t\t\t\t\n\t\t\t\t\t\t\t\t\t\t\t\t\t\t\t\t\t<div class=\"wd-post-reply wd-style-1\">\n\t\t\t\t\t\t\t<a href=\"https:\/\/revistaexpofrio.com\/lg-electronics-peru-celebra-28-anos-en-climatizacion\/#respond\"><span class=\"wd-replies-count\">0<\/span><\/a>\t\t\t\t\t\t<\/div>\n\t\t\t\t\t\t\t\t\t<\/div>\n\t\t\t\n\t\t\t\t\t\t\t\t\t\t\t\t<div class=\"wd-post-excerpt entry-content\">\n\t\t\t\t\t\tRony Cortez Terrazas destac\u00f3 los 28 a\u00f1os de trayectoria de LG Electronics Per\u00fa en HVAC, con un equipo consolidado y visi\u00f3n regional.\n\n\n...\t\t\t\t\t<\/div>\n\t\t\t\t\n\t\t\t\t\t\t\t\t\t\t\t\t\t\t<div class=\"wd-post-read-more wd-style-link read-more-section\">\n\t\t\t\t\t\t<a class=\"\" href=\"https:\/\/revistaexpofrio.com\/lg-electronics-peru-celebra-28-anos-en-climatizacion\/\">Continue reading<\/a>\t\t\t\t\t<\/div>\n\t\t\t\t\t\t\t\t\t\t\t\t\t<\/div>\n\t<\/div>\n<\/article>\n\n\t\t\t\t\t\t\t\t\t\t\t\n<article id=\"post-18955\" class=\"wd-post blog-design-masonry blog-post-loop blog-style-bg wd-add-shadow wd-col post-18955 post type-post status-publish format-standard has-post-thumbnail hentry category-noticias tag-calentadores tag-lg-electronics\">\n\t<div class=\"wd-post-inner article-inner\">\n\t\t\t\t\t<div class=\"wd-post-thumb entry-header\">\n\t\t\t\t\t\t\t\t\t<div class=\"wd-post-img post-img-wrapp\">\n\t\t\t\t\t\t\t\t\t\t\t<\/div>\n\t\t\t\t\t\t\t\t\t\t<a class=\"wd-fill\" tabindex=\"-1\" href=\"https:\/\/revistaexpofrio.com\/lg-lanza-calentadores-eficientes-ante-nuevas-regulaciones-energeticas\/\" aria-label=\"Link on post LG lanza calentadores eficientes ante nuevas regulaciones energ\u00e9ticas\"><\/a>\n\t\t\t\t\n\t\t\t\t\t\t\t\t\t\t\t\t<div class=\"wd-post-date wd-style-with-bg\">\n\t\t\t\t<span class=\"post-date-day\">\n\t\t\t\t\t17\t\t\t\t<\/span>\n\t\t\t\t<span class=\"post-date-month\">\n\t\t\t\t\tJul\t\t\t\t<\/span>\n\t\t\t<\/div>\n\t\t\t\t\t\t\t\t\t<\/div>\n\t\t\n\t\t<div class=\"wd-post-content article-body-container\">\n\t\t\t\t\t\t\t<div class=\"wd-post-cat wd-style-with-bg meta-post-categories\">\n\t\t\t\t\t<a href=\"https:\/\/revistaexpofrio.com\/category\/noticias\/\" rel=\"category tag\">Noticias HVAC-R<\/a>\t\t\t\t<\/div>\n\t\t\t\n\t\t\t\t\t\t\t<h3 class=\"wd-post-title wd-entities-title title post-title\">\n\t\t\t\t\t<a href=\"https:\/\/revistaexpofrio.com\/lg-lanza-calentadores-eficientes-ante-nuevas-regulaciones-energeticas\/\" rel=\"bookmark\">LG lanza calentadores eficientes ante nuevas regulaciones energ\u00e9ticas<\/a>\n\t\t\t\t<\/h3>\n\t\t\t\n\t\t\t\t\t\t\t<div class=\"wd-post-meta\">\n\t\t\t\t\t\t\t\t\t\t\t\t\t\t\t<div class=\"wd-post-author\">\n\t\t\t\t\t\t\t\t\t\t\t<span>Posted by<\/span>\n\t\t\n\t\t\t\t\t<img width=\"18\" height=\"18\" src=\"https:\/\/revistaexpofrio.com\/wp-content\/themes\/woodmart\/images\/lazy.svg\" class=\"avatar avatar-18 photo\" alt=\"author-avatar\" decoding=\"async\" srcset=\"\" sizes=\"(max-width: 18px) 100vw, 18px\" data-src=\"https:\/\/revistaexpofrio.com\/wp-content\/uploads\/2026\/01\/Foto-carnet.jpg-150x150.jpeg\" data-srcset=\"https:\/\/revistaexpofrio.com\/wp-content\/uploads\/2026\/01\/Foto-carnet.jpg-150x150.jpeg 150w, https:\/\/revistaexpofrio.com\/wp-content\/uploads\/2026\/01\/Foto-carnet.jpg-300x300.jpeg 300w, https:\/\/revistaexpofrio.com\/wp-content\/uploads\/2026\/01\/Foto-carnet.jpg-768x768.jpeg 768w, https:\/\/revistaexpofrio.com\/wp-content\/uploads\/2026\/01\/Foto-carnet.jpg.jpeg 800w\" \/>\t\t\n\t\t\t\t\t<a href=\"https:\/\/revistaexpofrio.com\/author\/carlos-hijar\/\" class=\"author\" rel=\"author\">Carlos H\u00edjar<\/a>\n\t\t\t\t\t\t\t\t\t<\/div>\n\t\t\t\t\t<div class=\"wd-modified-date\">\n\t\t\t\t\t\t\t\t<time class=\"updated\" datetime=\"2025-07-17T10:52:47-05:00\">\n\t\t\t17 julio, 2025\t\t<\/time>\n\t\t\t\t\t\t\t<\/div>\n\n\t\t\t\t\t\t\t\t\t\t\t<div tabindex=\"0\" class=\"wd-post-share wd-tltp\">\n\t\t\t\t\t\t\t<div class=\"tooltip top\">\n\t\t\t\t\t\t\t\t<div class=\"tooltip-inner\">\n\t\t\t\t\t\t\t\t\t\t\t\t<div\n\t\t\t\t\t\tclass=\" wd-social-icons wd-style-default wd-size-small social-share wd-shape-circle color-scheme-light text-center\">\n\t\t\t\t\n\t\t\t\t\n\t\t\t\t\t\t\t\t\t<a rel=\"noopener noreferrer nofollow\" href=\"https:\/\/www.facebook.com\/sharer\/sharer.php?u=https:\/\/revistaexpofrio.com\/lg-lanza-calentadores-eficientes-ante-nuevas-regulaciones-energeticas\/\" target=\"_blank\" class=\" wd-social-icon social-facebook\" aria-label=\"Facebook social link\">\n\t\t\t\t\t\t<span class=\"wd-icon\"><\/span>\n\t\t\t\t\t\t\t\t\t\t\t<\/a>\n\t\t\t\t\n\t\t\t\t\t\t\t\t\t<a rel=\"noopener noreferrer nofollow\" href=\"https:\/\/x.com\/share?url=https:\/\/revistaexpofrio.com\/lg-lanza-calentadores-eficientes-ante-nuevas-regulaciones-energeticas\/\" target=\"_blank\" class=\" wd-social-icon social-twitter\" aria-label=\"X social link\">\n\t\t\t\t\t\t<span class=\"wd-icon\"><\/span>\n\t\t\t\t\t\t\t\t\t\t\t<\/a>\n\t\t\t\t\n\t\t\t\t\n\t\t\t\t\n\t\t\t\t\n\t\t\t\t\n\t\t\t\t\n\t\t\t\t\t\t\t\t\t<a rel=\"noopener noreferrer nofollow\" href=\"https:\/\/pinterest.com\/pin\/create\/button\/?url=https:\/\/revistaexpofrio.com\/lg-lanza-calentadores-eficientes-ante-nuevas-regulaciones-energeticas\/&media=https:\/\/revistaexpofrio.com\/wp-includes\/images\/media\/default.svg&description=LG+lanza+calentadores+eficientes+ante+nuevas+regulaciones+energ%C3%A9ticas\" target=\"_blank\" class=\" wd-social-icon social-pinterest\" aria-label=\"Pinterest social link\">\n\t\t\t\t\t\t<span class=\"wd-icon\"><\/span>\n\t\t\t\t\t\t\t\t\t\t\t<\/a>\n\t\t\t\t\n\t\t\t\t\n\t\t\t\t\t\t\t\t\t<a rel=\"noopener noreferrer nofollow\" href=\"https:\/\/www.linkedin.com\/shareArticle?mini=true&url=https:\/\/revistaexpofrio.com\/lg-lanza-calentadores-eficientes-ante-nuevas-regulaciones-energeticas\/\" target=\"_blank\" class=\" wd-social-icon social-linkedin\" aria-label=\"Linkedin social link\">\n\t\t\t\t\t\t<span class=\"wd-icon\"><\/span>\n\t\t\t\t\t\t\t\t\t\t\t<\/a>\n\t\t\t\t\n\t\t\t\t\n\t\t\t\t\n\t\t\t\t\n\t\t\t\t\n\t\t\t\t\n\t\t\t\t\n\t\t\t\t\n\t\t\t\t\n\t\t\t\t\n\t\t\t\t\n\t\t\t\t\n\t\t\t\t\n\t\t\t\t\n\t\t\t\t\n\t\t\t\t\t\t\t\t\t<a rel=\"noopener noreferrer nofollow\" href=\"https:\/\/telegram.me\/share\/url?url=https:\/\/revistaexpofrio.com\/lg-lanza-calentadores-eficientes-ante-nuevas-regulaciones-energeticas\/\" target=\"_blank\" class=\" wd-social-icon social-tg\" aria-label=\"Telegram social link\">\n\t\t\t\t\t\t<span class=\"wd-icon\"><\/span>\n\t\t\t\t\t\t\t\t\t\t\t<\/a>\n\t\t\t\t\n\t\t\t\t\n\t\t\t<\/div>\n\n\t\t\t\t\t\t\t\t\t\t<\/div>\n\t\t\t\t\t\t\t\t<div class=\"tooltip-arrow\"><\/div>\n\t\t\t\t\t\t\t<\/div>\n\t\t\t\t\t\t<\/div>\n\t\t\t\t\t\n\t\t\t\t\t\t\t\t\t\t\t\t\t\t\t\t\t<div class=\"wd-post-reply wd-style-1\">\n\t\t\t\t\t\t\t<a href=\"https:\/\/revistaexpofrio.com\/lg-lanza-calentadores-eficientes-ante-nuevas-regulaciones-energeticas\/#respond\"><span class=\"wd-replies-count\">0<\/span><\/a>\t\t\t\t\t\t<\/div>\n\t\t\t\t\t\t\t\t\t<\/div>\n\t\t\t\n\t\t\t\t\t\t\t\t\t\t\t\t<div class=\"wd-post-excerpt entry-content\">\n\t\t\t\t\t\tLG destac\u00f3 c\u00f3mo sus calentadores con bomba de responden a nuevas normativas energ\u00e9ticas en EE. UU. y Europa, seg\u00fan nota oficial.\n\n\n\nEn ...\t\t\t\t\t<\/div>\n\t\t\t\t\n\t\t\t\t\t\t\t\t\t\t\t\t\t\t<div class=\"wd-post-read-more wd-style-link read-more-section\">\n\t\t\t\t\t\t<a class=\"\" href=\"https:\/\/revistaexpofrio.com\/lg-lanza-calentadores-eficientes-ante-nuevas-regulaciones-energeticas\/\">Continue reading<\/a>\t\t\t\t\t<\/div>\n\t\t\t\t\t\t\t\t\t\t\t\t\t<\/div>\n\t<\/div>\n<\/article>\n\n\t\t\t\t\t\t\t\t\t\t\t\n<article id=\"post-18974\" class=\"wd-post blog-design-masonry blog-post-loop blog-style-bg wd-add-shadow wd-col post-18974 post type-post status-publish format-standard has-post-thumbnail hentry category-noticias tag-clima-rio tag-hvac-2 tag-lg-electronics\">\n\t<div class=\"wd-post-inner article-inner\">\n\t\t\t\t\t<div class=\"wd-post-thumb entry-header\">\n\t\t\t\t\t\t\t\t\t<div class=\"wd-post-img post-img-wrapp\">\n\t\t\t\t\t\t\t\t\t\t\t<\/div>\n\t\t\t\t\t\t\t\t\t\t<a class=\"wd-fill\" tabindex=\"-1\" href=\"https:\/\/revistaexpofrio.com\/clima-rio-inaugura-sala-de-entrenamiento-con-lg\/\" aria-label=\"Link on post Clima Rio inaugura sala de entrenamiento con LG\"><\/a>\n\t\t\t\t\n\t\t\t\t\t\t\t\t\t\t\t\t<div class=\"wd-post-date wd-style-with-bg\">\n\t\t\t\t<span class=\"post-date-day\">\n\t\t\t\t\t10\t\t\t\t<\/span>\n\t\t\t\t<span class=\"post-date-month\">\n\t\t\t\t\tJul\t\t\t\t<\/span>\n\t\t\t<\/div>\n\t\t\t\t\t\t\t\t\t<\/div>\n\t\t\n\t\t<div class=\"wd-post-content article-body-container\">\n\t\t\t\t\t\t\t<div class=\"wd-post-cat wd-style-with-bg meta-post-categories\">\n\t\t\t\t\t<a href=\"https:\/\/revistaexpofrio.com\/category\/noticias\/\" rel=\"category tag\">Noticias HVAC-R<\/a>\t\t\t\t<\/div>\n\t\t\t\n\t\t\t\t\t\t\t<h3 class=\"wd-post-title wd-entities-title title post-title\">\n\t\t\t\t\t<a href=\"https:\/\/revistaexpofrio.com\/clima-rio-inaugura-sala-de-entrenamiento-con-lg\/\" rel=\"bookmark\">Clima Rio inaugura sala de entrenamiento con LG<\/a>\n\t\t\t\t<\/h3>\n\t\t\t\n\t\t\t\t\t\t\t<div class=\"wd-post-meta\">\n\t\t\t\t\t\t\t\t\t\t\t\t\t\t\t<div class=\"wd-post-author\">\n\t\t\t\t\t\t\t\t\t\t\t<span>Posted by<\/span>\n\t\t\n\t\t\t\t\t<img width=\"18\" height=\"18\" src=\"https:\/\/revistaexpofrio.com\/wp-content\/themes\/woodmart\/images\/lazy.svg\" class=\"avatar avatar-18 photo\" alt=\"author-avatar\" decoding=\"async\" srcset=\"\" sizes=\"(max-width: 18px) 100vw, 18px\" data-src=\"https:\/\/revistaexpofrio.com\/wp-content\/uploads\/2026\/01\/Foto-carnet.jpg-150x150.jpeg\" data-srcset=\"https:\/\/revistaexpofrio.com\/wp-content\/uploads\/2026\/01\/Foto-carnet.jpg-150x150.jpeg 150w, https:\/\/revistaexpofrio.com\/wp-content\/uploads\/2026\/01\/Foto-carnet.jpg-300x300.jpeg 300w, https:\/\/revistaexpofrio.com\/wp-content\/uploads\/2026\/01\/Foto-carnet.jpg-768x768.jpeg 768w, https:\/\/revistaexpofrio.com\/wp-content\/uploads\/2026\/01\/Foto-carnet.jpg.jpeg 800w\" \/>\t\t\n\t\t\t\t\t<a href=\"https:\/\/revistaexpofrio.com\/author\/carlos-hijar\/\" class=\"author\" rel=\"author\">Carlos H\u00edjar<\/a>\n\t\t\t\t\t\t\t\t\t<\/div>\n\t\t\t\t\t<div class=\"wd-modified-date\">\n\t\t\t\t\t\t\t\t<time class=\"updated\" datetime=\"2025-07-10T12:32:01-05:00\">\n\t\t\t10 julio, 2025\t\t<\/time>\n\t\t\t\t\t\t\t<\/div>\n\n\t\t\t\t\t\t\t\t\t\t\t<div tabindex=\"0\" class=\"wd-post-share wd-tltp\">\n\t\t\t\t\t\t\t<div class=\"tooltip top\">\n\t\t\t\t\t\t\t\t<div class=\"tooltip-inner\">\n\t\t\t\t\t\t\t\t\t\t\t\t<div\n\t\t\t\t\t\tclass=\" wd-social-icons wd-style-default wd-size-small social-share wd-shape-circle color-scheme-light text-center\">\n\t\t\t\t\n\t\t\t\t\n\t\t\t\t\t\t\t\t\t<a rel=\"noopener noreferrer nofollow\" href=\"https:\/\/www.facebook.com\/sharer\/sharer.php?u=https:\/\/revistaexpofrio.com\/clima-rio-inaugura-sala-de-entrenamiento-con-lg\/\" target=\"_blank\" class=\" wd-social-icon social-facebook\" aria-label=\"Facebook social link\">\n\t\t\t\t\t\t<span class=\"wd-icon\"><\/span>\n\t\t\t\t\t\t\t\t\t\t\t<\/a>\n\t\t\t\t\n\t\t\t\t\t\t\t\t\t<a rel=\"noopener noreferrer nofollow\" href=\"https:\/\/x.com\/share?url=https:\/\/revistaexpofrio.com\/clima-rio-inaugura-sala-de-entrenamiento-con-lg\/\" target=\"_blank\" class=\" wd-social-icon social-twitter\" aria-label=\"X social link\">\n\t\t\t\t\t\t<span class=\"wd-icon\"><\/span>\n\t\t\t\t\t\t\t\t\t\t\t<\/a>\n\t\t\t\t\n\t\t\t\t\n\t\t\t\t\n\t\t\t\t\n\t\t\t\t\n\t\t\t\t\n\t\t\t\t\t\t\t\t\t<a rel=\"noopener noreferrer nofollow\" href=\"https:\/\/pinterest.com\/pin\/create\/button\/?url=https:\/\/revistaexpofrio.com\/clima-rio-inaugura-sala-de-entrenamiento-con-lg\/&media=https:\/\/revistaexpofrio.com\/wp-includes\/images\/media\/default.svg&description=Clima+Rio+inaugura+sala+de+entrenamiento+con+LG\" target=\"_blank\" class=\" wd-social-icon social-pinterest\" aria-label=\"Pinterest social link\">\n\t\t\t\t\t\t<span class=\"wd-icon\"><\/span>\n\t\t\t\t\t\t\t\t\t\t\t<\/a>\n\t\t\t\t\n\t\t\t\t\n\t\t\t\t\t\t\t\t\t<a rel=\"noopener noreferrer nofollow\" href=\"https:\/\/www.linkedin.com\/shareArticle?mini=true&url=https:\/\/revistaexpofrio.com\/clima-rio-inaugura-sala-de-entrenamiento-con-lg\/\" target=\"_blank\" class=\" wd-social-icon social-linkedin\" aria-label=\"Linkedin social link\">\n\t\t\t\t\t\t<span class=\"wd-icon\"><\/span>\n\t\t\t\t\t\t\t\t\t\t\t<\/a>\n\t\t\t\t\n\t\t\t\t\n\t\t\t\t\n\t\t\t\t\n\t\t\t\t\n\t\t\t\t\n\t\t\t\t\n\t\t\t\t\n\t\t\t\t\n\t\t\t\t\n\t\t\t\t\n\t\t\t\t\n\t\t\t\t\n\t\t\t\t\n\t\t\t\t\n\t\t\t\t\t\t\t\t\t<a rel=\"noopener noreferrer nofollow\" href=\"https:\/\/telegram.me\/share\/url?url=https:\/\/revistaexpofrio.com\/clima-rio-inaugura-sala-de-entrenamiento-con-lg\/\" target=\"_blank\" class=\" wd-social-icon social-tg\" aria-label=\"Telegram social link\">\n\t\t\t\t\t\t<span class=\"wd-icon\"><\/span>\n\t\t\t\t\t\t\t\t\t\t\t<\/a>\n\t\t\t\t\n\t\t\t\t\n\t\t\t<\/div>\n\n\t\t\t\t\t\t\t\t\t\t<\/div>\n\t\t\t\t\t\t\t\t<div class=\"tooltip-arrow\"><\/div>\n\t\t\t\t\t\t\t<\/div>\n\t\t\t\t\t\t<\/div>\n\t\t\t\t\t\n\t\t\t\t\t\t\t\t\t\t\t\t\t\t\t\t\t<div class=\"wd-post-reply wd-style-1\">\n\t\t\t\t\t\t\t<a href=\"https:\/\/revistaexpofrio.com\/clima-rio-inaugura-sala-de-entrenamiento-con-lg\/#respond\"><span class=\"wd-replies-count\">0<\/span><\/a>\t\t\t\t\t\t<\/div>\n\t\t\t\t\t\t\t\t\t<\/div>\n\t\t\t\n\t\t\t\t\t\t\t\t\t\t\t\t<div class=\"wd-post-excerpt entry-content\">\n\t\t\t\t\t\tClima Rio abri\u00f3 una nueva sala de entrenamiento LG con soluciones HVAC, fortaleciendo la formaci\u00f3n t\u00e9cnica en Brasil.\n\n\n\nClima Rio info...\t\t\t\t\t<\/div>\n\t\t\t\t\n\t\t\t\t\t\t\t\t\t\t\t\t\t\t<div class=\"wd-post-read-more wd-style-link read-more-section\">\n\t\t\t\t\t\t<a class=\"\" href=\"https:\/\/revistaexpofrio.com\/clima-rio-inaugura-sala-de-entrenamiento-con-lg\/\">Continue reading<\/a>\t\t\t\t\t<\/div>\n\t\t\t\t\t\t\t\t\t\t\t\t\t<\/div>\n\t<\/div>\n<\/article>\n\n\t\t\t\t\t\t\t\t\t\t\t\n<article id=\"post-19077\" class=\"wd-post blog-design-masonry blog-post-loop blog-style-bg wd-add-shadow wd-col post-19077 post type-post status-publish format-standard has-post-thumbnail hentry category-noticias tag-bre tag-cu tag-hvac-2 tag-lg-electronics\">\n\t<div class=\"wd-post-inner article-inner\">\n\t\t\t\t\t<div class=\"wd-post-thumb entry-header\">\n\t\t\t\t\t\t\t\t\t<div class=\"wd-post-img post-img-wrapp\">\n\t\t\t\t\t\t\t\t\t\t\t<\/div>\n\t\t\t\t\t\t\t\t\t\t<a class=\"wd-fill\" tabindex=\"-1\" href=\"https:\/\/revistaexpofrio.com\/lg-realizara-cumbre-hvac-en-latinoamerica-durante-julio\/\" aria-label=\"Link on post LG realizar\u00e1 cumbre HVAC en Latinoam\u00e9rica durante julio\"><\/a>\n\t\t\t\t\n\t\t\t\t\t\t\t\t\t\t\t\t<div class=\"wd-post-date wd-style-with-bg\">\n\t\t\t\t<span class=\"post-date-day\">\n\t\t\t\t\t23\t\t\t\t<\/span>\n\t\t\t\t<span class=\"post-date-month\">\n\t\t\t\t\tMay\t\t\t\t<\/span>\n\t\t\t<\/div>\n\t\t\t\t\t\t\t\t\t<\/div>\n\t\t\n\t\t<div class=\"wd-post-content article-body-container\">\n\t\t\t\t\t\t\t<div class=\"wd-post-cat wd-style-with-bg meta-post-categories\">\n\t\t\t\t\t<a href=\"https:\/\/revistaexpofrio.com\/category\/noticias\/\" rel=\"category tag\">Noticias HVAC-R<\/a>\t\t\t\t<\/div>\n\t\t\t\n\t\t\t\t\t\t\t<h3 class=\"wd-post-title wd-entities-title title post-title\">\n\t\t\t\t\t<a href=\"https:\/\/revistaexpofrio.com\/lg-realizara-cumbre-hvac-en-latinoamerica-durante-julio\/\" rel=\"bookmark\">LG realizar\u00e1 cumbre HVAC en Latinoam\u00e9rica durante julio<\/a>\n\t\t\t\t<\/h3>\n\t\t\t\n\t\t\t\t\t\t\t<div class=\"wd-post-meta\">\n\t\t\t\t\t\t\t\t\t\t\t\t\t\t\t<div class=\"wd-post-author\">\n\t\t\t\t\t\t\t\t\t\t\t<span>Posted by<\/span>\n\t\t\n\t\t\t\t\t<img width=\"18\" height=\"18\" src=\"https:\/\/revistaexpofrio.com\/wp-content\/themes\/woodmart\/images\/lazy.svg\" class=\"avatar avatar-18 photo\" alt=\"author-avatar\" decoding=\"async\" srcset=\"\" sizes=\"(max-width: 18px) 100vw, 18px\" data-src=\"https:\/\/revistaexpofrio.com\/wp-content\/uploads\/2026\/01\/Foto-carnet.jpg-150x150.jpeg\" data-srcset=\"https:\/\/revistaexpofrio.com\/wp-content\/uploads\/2026\/01\/Foto-carnet.jpg-150x150.jpeg 150w, https:\/\/revistaexpofrio.com\/wp-content\/uploads\/2026\/01\/Foto-carnet.jpg-300x300.jpeg 300w, https:\/\/revistaexpofrio.com\/wp-content\/uploads\/2026\/01\/Foto-carnet.jpg-768x768.jpeg 768w, https:\/\/revistaexpofrio.com\/wp-content\/uploads\/2026\/01\/Foto-carnet.jpg.jpeg 800w\" \/>\t\t\n\t\t\t\t\t<a href=\"https:\/\/revistaexpofrio.com\/author\/carlos-hijar\/\" class=\"author\" rel=\"author\">Carlos H\u00edjar<\/a>\n\t\t\t\t\t\t\t\t\t<\/div>\n\t\t\t\t\t<div class=\"wd-modified-date\">\n\t\t\t\t\t\t\t\t<time class=\"updated\" datetime=\"2025-05-23T10:39:33-05:00\">\n\t\t\t23 mayo, 2025\t\t<\/time>\n\t\t\t\t\t\t\t<\/div>\n\n\t\t\t\t\t\t\t\t\t\t\t<div tabindex=\"0\" class=\"wd-post-share wd-tltp\">\n\t\t\t\t\t\t\t<div class=\"tooltip top\">\n\t\t\t\t\t\t\t\t<div class=\"tooltip-inner\">\n\t\t\t\t\t\t\t\t\t\t\t\t<div\n\t\t\t\t\t\tclass=\" wd-social-icons wd-style-default wd-size-small social-share wd-shape-circle color-scheme-light text-center\">\n\t\t\t\t\n\t\t\t\t\n\t\t\t\t\t\t\t\t\t<a rel=\"noopener noreferrer nofollow\" href=\"https:\/\/www.facebook.com\/sharer\/sharer.php?u=https:\/\/revistaexpofrio.com\/lg-realizara-cumbre-hvac-en-latinoamerica-durante-julio\/\" target=\"_blank\" class=\" wd-social-icon social-facebook\" aria-label=\"Facebook social link\">\n\t\t\t\t\t\t<span class=\"wd-icon\"><\/span>\n\t\t\t\t\t\t\t\t\t\t\t<\/a>\n\t\t\t\t\n\t\t\t\t\t\t\t\t\t<a rel=\"noopener noreferrer nofollow\" href=\"https:\/\/x.com\/share?url=https:\/\/revistaexpofrio.com\/lg-realizara-cumbre-hvac-en-latinoamerica-durante-julio\/\" target=\"_blank\" class=\" wd-social-icon social-twitter\" aria-label=\"X social link\">\n\t\t\t\t\t\t<span class=\"wd-icon\"><\/span>\n\t\t\t\t\t\t\t\t\t\t\t<\/a>\n\t\t\t\t\n\t\t\t\t\n\t\t\t\t\n\t\t\t\t\n\t\t\t\t\n\t\t\t\t\n\t\t\t\t\t\t\t\t\t<a rel=\"noopener noreferrer nofollow\" href=\"https:\/\/pinterest.com\/pin\/create\/button\/?url=https:\/\/revistaexpofrio.com\/lg-realizara-cumbre-hvac-en-latinoamerica-durante-julio\/&media=https:\/\/revistaexpofrio.com\/wp-includes\/images\/media\/default.svg&description=LG+realizar%C3%A1+cumbre+HVAC+en+Latinoam%C3%A9rica+durante+julio\" target=\"_blank\" class=\" wd-social-icon social-pinterest\" aria-label=\"Pinterest social link\">\n\t\t\t\t\t\t<span class=\"wd-icon\"><\/span>\n\t\t\t\t\t\t\t\t\t\t\t<\/a>\n\t\t\t\t\n\t\t\t\t\n\t\t\t\t\t\t\t\t\t<a rel=\"noopener noreferrer nofollow\" href=\"https:\/\/www.linkedin.com\/shareArticle?mini=true&url=https:\/\/revistaexpofrio.com\/lg-realizara-cumbre-hvac-en-latinoamerica-durante-julio\/\" target=\"_blank\" class=\" wd-social-icon social-linkedin\" aria-label=\"Linkedin social link\">\n\t\t\t\t\t\t<span class=\"wd-icon\"><\/span>\n\t\t\t\t\t\t\t\t\t\t\t<\/a>\n\t\t\t\t\n\t\t\t\t\n\t\t\t\t\n\t\t\t\t\n\t\t\t\t\n\t\t\t\t\n\t\t\t\t\n\t\t\t\t\n\t\t\t\t\n\t\t\t\t\n\t\t\t\t\n\t\t\t\t\n\t\t\t\t\n\t\t\t\t\n\t\t\t\t\n\t\t\t\t\t\t\t\t\t<a rel=\"noopener noreferrer nofollow\" href=\"https:\/\/telegram.me\/share\/url?url=https:\/\/revistaexpofrio.com\/lg-realizara-cumbre-hvac-en-latinoamerica-durante-julio\/\" target=\"_blank\" class=\" wd-social-icon social-tg\" aria-label=\"Telegram social link\">\n\t\t\t\t\t\t<span class=\"wd-icon\"><\/span>\n\t\t\t\t\t\t\t\t\t\t\t<\/a>\n\t\t\t\t\n\t\t\t\t\n\t\t\t<\/div>\n\n\t\t\t\t\t\t\t\t\t\t<\/div>\n\t\t\t\t\t\t\t\t<div class=\"tooltip-arrow\"><\/div>\n\t\t\t\t\t\t\t<\/div>\n\t\t\t\t\t\t<\/div>\n\t\t\t\t\t\n\t\t\t\t\t\t\t\t\t\t\t\t\t\t\t\t\t<div class=\"wd-post-reply wd-style-1\">\n\t\t\t\t\t\t\t<a href=\"https:\/\/revistaexpofrio.com\/lg-realizara-cumbre-hvac-en-latinoamerica-durante-julio\/#respond\"><span class=\"wd-replies-count\">0<\/span><\/a>\t\t\t\t\t\t<\/div>\n\t\t\t\t\t\t\t\t\t<\/div>\n\t\t\t\n\t\t\t\t\t\t\t\t\t\t\t\t<div class=\"wd-post-excerpt entry-content\">\n\t\t\t\t\t\tLG celebrar\u00e1 en julio su Cumbre de L\u00edderes HVAC en Latinoam\u00e9rica, parte de su estrategia global de colaboraci\u00f3n y expansi\u00f3n.\n\n\n\nLG Elec...\t\t\t\t\t<\/div>\n\t\t\t\t\n\t\t\t\t\t\t\t\t\t\t\t\t\t\t<div class=\"wd-post-read-more wd-style-link read-more-section\">\n\t\t\t\t\t\t<a class=\"\" href=\"https:\/\/revistaexpofrio.com\/lg-realizara-cumbre-hvac-en-latinoamerica-durante-julio\/\">Continue reading<\/a>\t\t\t\t\t<\/div>\n\t\t\t\t\t\t\t\t\t\t\t\t\t<\/div>\n\t<\/div>\n<\/article>\n\n\t\t\t\t\t\t\t\t\t\t\t\n<article id=\"post-19151\" class=\"wd-post blog-design-masonry blog-post-loop blog-style-bg wd-add-shadow wd-col post-19151 post type-post status-publish format-standard has-post-thumbnail hentry category-noticias tag-centro-de-datos tag-lg-electronics tag-refrigeracion-2\">\n\t<div class=\"wd-post-inner article-inner\">\n\t\t\t\t\t<div class=\"wd-post-thumb entry-header\">\n\t\t\t\t\t\t\t\t\t<div class=\"wd-post-img post-img-wrapp\">\n\t\t\t\t\t\t\t\t\t\t\t<\/div>\n\t\t\t\t\t\t\t\t\t\t<a class=\"wd-fill\" tabindex=\"-1\" href=\"https:\/\/revistaexpofrio.com\/lg-lanza-soluciones-de-refrigeracion-para-centros-de-datos\/\" aria-label=\"Link on post LG lanza soluciones de refrigeraci\u00f3n para centros de datos\"><\/a>\n\t\t\t\t\n\t\t\t\t\t\t\t\t\t\t\t\t<div class=\"wd-post-date wd-style-with-bg\">\n\t\t\t\t<span class=\"post-date-day\">\n\t\t\t\t\t15\t\t\t\t<\/span>\n\t\t\t\t<span class=\"post-date-month\">\n\t\t\t\t\tAbr\t\t\t\t<\/span>\n\t\t\t<\/div>\n\t\t\t\t\t\t\t\t\t<\/div>\n\t\t\n\t\t<div class=\"wd-post-content article-body-container\">\n\t\t\t\t\t\t\t<div class=\"wd-post-cat wd-style-with-bg meta-post-categories\">\n\t\t\t\t\t<a href=\"https:\/\/revistaexpofrio.com\/category\/noticias\/\" rel=\"category tag\">Noticias HVAC-R<\/a>\t\t\t\t<\/div>\n\t\t\t\n\t\t\t\t\t\t\t<h3 class=\"wd-post-title wd-entities-title title post-title\">\n\t\t\t\t\t<a href=\"https:\/\/revistaexpofrio.com\/lg-lanza-soluciones-de-refrigeracion-para-centros-de-datos\/\" rel=\"bookmark\">LG lanza soluciones de refrigeraci\u00f3n para centros de datos<\/a>\n\t\t\t\t<\/h3>\n\t\t\t\n\t\t\t\t\t\t\t<div class=\"wd-post-meta\">\n\t\t\t\t\t\t\t\t\t\t\t\t\t\t\t<div class=\"wd-post-author\">\n\t\t\t\t\t\t\t\t\t\t\t<span>Posted by<\/span>\n\t\t\n\t\t\t\t\t<img width=\"18\" height=\"18\" src=\"https:\/\/revistaexpofrio.com\/wp-content\/themes\/woodmart\/images\/lazy.svg\" class=\"avatar avatar-18 photo\" alt=\"author-avatar\" decoding=\"async\" srcset=\"\" sizes=\"(max-width: 18px) 100vw, 18px\" data-src=\"https:\/\/revistaexpofrio.com\/wp-content\/uploads\/2026\/01\/Foto-carnet.jpg-150x150.jpeg\" data-srcset=\"https:\/\/revistaexpofrio.com\/wp-content\/uploads\/2026\/01\/Foto-carnet.jpg-150x150.jpeg 150w, https:\/\/revistaexpofrio.com\/wp-content\/uploads\/2026\/01\/Foto-carnet.jpg-300x300.jpeg 300w, https:\/\/revistaexpofrio.com\/wp-content\/uploads\/2026\/01\/Foto-carnet.jpg-768x768.jpeg 768w, https:\/\/revistaexpofrio.com\/wp-content\/uploads\/2026\/01\/Foto-carnet.jpg.jpeg 800w\" \/>\t\t\n\t\t\t\t\t<a href=\"https:\/\/revistaexpofrio.com\/author\/carlos-hijar\/\" class=\"author\" rel=\"author\">Carlos H\u00edjar<\/a>\n\t\t\t\t\t\t\t\t\t<\/div>\n\t\t\t\t\t<div class=\"wd-modified-date\">\n\t\t\t\t\t\t\t\t<time class=\"updated\" datetime=\"2025-04-15T11:31:59-05:00\">\n\t\t\t15 abril, 2025\t\t<\/time>\n\t\t\t\t\t\t\t<\/div>\n\n\t\t\t\t\t\t\t\t\t\t\t<div tabindex=\"0\" class=\"wd-post-share wd-tltp\">\n\t\t\t\t\t\t\t<div class=\"tooltip top\">\n\t\t\t\t\t\t\t\t<div class=\"tooltip-inner\">\n\t\t\t\t\t\t\t\t\t\t\t\t<div\n\t\t\t\t\t\tclass=\" wd-social-icons wd-style-default wd-size-small social-share wd-shape-circle color-scheme-light text-center\">\n\t\t\t\t\n\t\t\t\t\n\t\t\t\t\t\t\t\t\t<a rel=\"noopener noreferrer nofollow\" href=\"https:\/\/www.facebook.com\/sharer\/sharer.php?u=https:\/\/revistaexpofrio.com\/lg-lanza-soluciones-de-refrigeracion-para-centros-de-datos\/\" target=\"_blank\" class=\" wd-social-icon social-facebook\" aria-label=\"Facebook social link\">\n\t\t\t\t\t\t<span class=\"wd-icon\"><\/span>\n\t\t\t\t\t\t\t\t\t\t\t<\/a>\n\t\t\t\t\n\t\t\t\t\t\t\t\t\t<a rel=\"noopener noreferrer nofollow\" href=\"https:\/\/x.com\/share?url=https:\/\/revistaexpofrio.com\/lg-lanza-soluciones-de-refrigeracion-para-centros-de-datos\/\" target=\"_blank\" class=\" wd-social-icon social-twitter\" aria-label=\"X social link\">\n\t\t\t\t\t\t<span class=\"wd-icon\"><\/span>\n\t\t\t\t\t\t\t\t\t\t\t<\/a>\n\t\t\t\t\n\t\t\t\t\n\t\t\t\t\n\t\t\t\t\n\t\t\t\t\n\t\t\t\t\n\t\t\t\t\t\t\t\t\t<a rel=\"noopener noreferrer nofollow\" href=\"https:\/\/pinterest.com\/pin\/create\/button\/?url=https:\/\/revistaexpofrio.com\/lg-lanza-soluciones-de-refrigeracion-para-centros-de-datos\/&media=https:\/\/revistaexpofrio.com\/wp-includes\/images\/media\/default.svg&description=LG+lanza+soluciones+de+refrigeraci%C3%B3n+para+centros+de+datos\" target=\"_blank\" class=\" wd-social-icon social-pinterest\" aria-label=\"Pinterest social link\">\n\t\t\t\t\t\t<span class=\"wd-icon\"><\/span>\n\t\t\t\t\t\t\t\t\t\t\t<\/a>\n\t\t\t\t\n\t\t\t\t\n\t\t\t\t\t\t\t\t\t<a rel=\"noopener noreferrer nofollow\" href=\"https:\/\/www.linkedin.com\/shareArticle?mini=true&url=https:\/\/revistaexpofrio.com\/lg-lanza-soluciones-de-refrigeracion-para-centros-de-datos\/\" target=\"_blank\" class=\" wd-social-icon social-linkedin\" aria-label=\"Linkedin social link\">\n\t\t\t\t\t\t<span class=\"wd-icon\"><\/span>\n\t\t\t\t\t\t\t\t\t\t\t<\/a>\n\t\t\t\t\n\t\t\t\t\n\t\t\t\t\n\t\t\t\t\n\t\t\t\t\n\t\t\t\t\n\t\t\t\t\n\t\t\t\t\n\t\t\t\t\n\t\t\t\t\n\t\t\t\t\n\t\t\t\t\n\t\t\t\t\n\t\t\t\t\n\t\t\t\t\n\t\t\t\t\t\t\t\t\t<a rel=\"noopener noreferrer nofollow\" href=\"https:\/\/telegram.me\/share\/url?url=https:\/\/revistaexpofrio.com\/lg-lanza-soluciones-de-refrigeracion-para-centros-de-datos\/\" target=\"_blank\" class=\" wd-social-icon social-tg\" aria-label=\"Telegram social link\">\n\t\t\t\t\t\t<span class=\"wd-icon\"><\/span>\n\t\t\t\t\t\t\t\t\t\t\t<\/a>\n\t\t\t\t\n\t\t\t\t\n\t\t\t<\/div>\n\n\t\t\t\t\t\t\t\t\t\t<\/div>\n\t\t\t\t\t\t\t\t<div class=\"tooltip-arrow\"><\/div>\n\t\t\t\t\t\t\t<\/div>\n\t\t\t\t\t\t<\/div>\n\t\t\t\t\t\n\t\t\t\t\t\t\t\t\t\t\t\t\t\t\t\t\t<div class=\"wd-post-reply wd-style-1\">\n\t\t\t\t\t\t\t<a href=\"https:\/\/revistaexpofrio.com\/lg-lanza-soluciones-de-refrigeracion-para-centros-de-datos\/#respond\"><span class=\"wd-replies-count\">0<\/span><\/a>\t\t\t\t\t\t<\/div>\n\t\t\t\t\t\t\t\t\t<\/div>\n\t\t\t\n\t\t\t\t\t\t\t\t\t\t\t\t<div class=\"wd-post-excerpt entry-content\">\n\t\t\t\t\t\tLG debuta en DCW 2025 con tecnolog\u00edas D2C, enfriadores de alta eficiencia y control inteligente para centros de datos con IA.\n\n\n\nLG Ele...\t\t\t\t\t<\/div>\n\t\t\t\t\n\t\t\t\t\t\t\t\t\t\t\t\t\t\t<div class=\"wd-post-read-more wd-style-link read-more-section\">\n\t\t\t\t\t\t<a class=\"\" href=\"https:\/\/revistaexpofrio.com\/lg-lanza-soluciones-de-refrigeracion-para-centros-de-datos\/\">Continue reading<\/a>\t\t\t\t\t<\/div>\n\t\t\t\t\t\t\t\t\t\t\t\t\t<\/div>\n\t<\/div>\n<\/article>\n\n\t\t\t\t\t\t\t\t\t\t\t\n<article id=\"post-19206\" class=\"wd-post blog-design-masonry blog-post-loop blog-style-bg wd-add-shadow wd-col post-19206 post type-post status-publish format-standard has-post-thumbnail hentry category-mundo-hvacr tag-ish-2025 tag-lg-electronics tag-solucion-hvac\">\n\t<div class=\"wd-post-inner article-inner\">\n\t\t\t\t\t<div class=\"wd-post-thumb entry-header\">\n\t\t\t\t\t\t\t\t\t<div class=\"wd-post-img post-img-wrapp\">\n\t\t\t\t\t\t\t\t\t\t\t<\/div>\n\t\t\t\t\t\t\t\t\t\t<a class=\"wd-fill\" tabindex=\"-1\" href=\"https:\/\/revistaexpofrio.com\/lg-presenta-en-ish-2025-sus-nuevas-soluciones-hvac-eficientes\/\" aria-label=\"Link on post LG presenta en ISH 2025 sus nuevas soluciones HVAC eficientes\"><\/a>\n\t\t\t\t\n\t\t\t\t\t\t\t\t\t\t\t\t<div class=\"wd-post-date wd-style-with-bg\">\n\t\t\t\t<span class=\"post-date-day\">\n\t\t\t\t\t22\t\t\t\t<\/span>\n\t\t\t\t<span class=\"post-date-month\">\n\t\t\t\t\tMar\t\t\t\t<\/span>\n\t\t\t<\/div>\n\t\t\t\t\t\t\t\t\t<\/div>\n\t\t\n\t\t<div class=\"wd-post-content article-body-container\">\n\t\t\t\t\t\t\t<div class=\"wd-post-cat wd-style-with-bg meta-post-categories\">\n\t\t\t\t\t<a href=\"https:\/\/revistaexpofrio.com\/category\/mundo-hvacr\/\" rel=\"category tag\">Internacional<\/a>\t\t\t\t<\/div>\n\t\t\t\n\t\t\t\t\t\t\t<h3 class=\"wd-post-title wd-entities-title title post-title\">\n\t\t\t\t\t<a href=\"https:\/\/revistaexpofrio.com\/lg-presenta-en-ish-2025-sus-nuevas-soluciones-hvac-eficientes\/\" rel=\"bookmark\">LG presenta en ISH 2025 sus nuevas soluciones HVAC eficientes<\/a>\n\t\t\t\t<\/h3>\n\t\t\t\n\t\t\t\t\t\t\t<div class=\"wd-post-meta\">\n\t\t\t\t\t\t\t\t\t\t\t\t\t\t\t<div class=\"wd-post-author\">\n\t\t\t\t\t\t\t\t\t\t\t<span>Posted by<\/span>\n\t\t\n\t\t\t\t\t<img width=\"18\" height=\"18\" src=\"https:\/\/revistaexpofrio.com\/wp-content\/themes\/woodmart\/images\/lazy.svg\" class=\"avatar avatar-18 photo\" alt=\"author-avatar\" decoding=\"async\" srcset=\"\" sizes=\"(max-width: 18px) 100vw, 18px\" data-src=\"https:\/\/revistaexpofrio.com\/wp-content\/uploads\/2026\/01\/Foto-carnet.jpg-150x150.jpeg\" data-srcset=\"https:\/\/revistaexpofrio.com\/wp-content\/uploads\/2026\/01\/Foto-carnet.jpg-150x150.jpeg 150w, https:\/\/revistaexpofrio.com\/wp-content\/uploads\/2026\/01\/Foto-carnet.jpg-300x300.jpeg 300w, https:\/\/revistaexpofrio.com\/wp-content\/uploads\/2026\/01\/Foto-carnet.jpg-768x768.jpeg 768w, https:\/\/revistaexpofrio.com\/wp-content\/uploads\/2026\/01\/Foto-carnet.jpg.jpeg 800w\" \/>\t\t\n\t\t\t\t\t<a href=\"https:\/\/revistaexpofrio.com\/author\/carlos-hijar\/\" class=\"author\" rel=\"author\">Carlos H\u00edjar<\/a>\n\t\t\t\t\t\t\t\t\t<\/div>\n\t\t\t\t\t<div class=\"wd-modified-date\">\n\t\t\t\t\t\t\t\t<time class=\"updated\" datetime=\"2025-03-22T11:34:37-05:00\">\n\t\t\t22 marzo, 2025\t\t<\/time>\n\t\t\t\t\t\t\t<\/div>\n\n\t\t\t\t\t\t\t\t\t\t\t<div tabindex=\"0\" class=\"wd-post-share wd-tltp\">\n\t\t\t\t\t\t\t<div class=\"tooltip top\">\n\t\t\t\t\t\t\t\t<div class=\"tooltip-inner\">\n\t\t\t\t\t\t\t\t\t\t\t\t<div\n\t\t\t\t\t\tclass=\" wd-social-icons wd-style-default wd-size-small social-share wd-shape-circle color-scheme-light text-center\">\n\t\t\t\t\n\t\t\t\t\n\t\t\t\t\t\t\t\t\t<a rel=\"noopener noreferrer nofollow\" href=\"https:\/\/www.facebook.com\/sharer\/sharer.php?u=https:\/\/revistaexpofrio.com\/lg-presenta-en-ish-2025-sus-nuevas-soluciones-hvac-eficientes\/\" target=\"_blank\" class=\" wd-social-icon social-facebook\" aria-label=\"Facebook social link\">\n\t\t\t\t\t\t<span class=\"wd-icon\"><\/span>\n\t\t\t\t\t\t\t\t\t\t\t<\/a>\n\t\t\t\t\n\t\t\t\t\t\t\t\t\t<a rel=\"noopener noreferrer nofollow\" href=\"https:\/\/x.com\/share?url=https:\/\/revistaexpofrio.com\/lg-presenta-en-ish-2025-sus-nuevas-soluciones-hvac-eficientes\/\" target=\"_blank\" class=\" wd-social-icon social-twitter\" aria-label=\"X social link\">\n\t\t\t\t\t\t<span class=\"wd-icon\"><\/span>\n\t\t\t\t\t\t\t\t\t\t\t<\/a>\n\t\t\t\t\n\t\t\t\t\n\t\t\t\t\n\t\t\t\t\n\t\t\t\t\n\t\t\t\t\n\t\t\t\t\t\t\t\t\t<a rel=\"noopener noreferrer nofollow\" href=\"https:\/\/pinterest.com\/pin\/create\/button\/?url=https:\/\/revistaexpofrio.com\/lg-presenta-en-ish-2025-sus-nuevas-soluciones-hvac-eficientes\/&media=https:\/\/revistaexpofrio.com\/wp-includes\/images\/media\/default.svg&description=LG+presenta+en+ISH+2025+sus+nuevas+soluciones+HVAC+eficientes\" target=\"_blank\" class=\" wd-social-icon social-pinterest\" aria-label=\"Pinterest social link\">\n\t\t\t\t\t\t<span class=\"wd-icon\"><\/span>\n\t\t\t\t\t\t\t\t\t\t\t<\/a>\n\t\t\t\t\n\t\t\t\t\n\t\t\t\t\t\t\t\t\t<a rel=\"noopener noreferrer nofollow\" href=\"https:\/\/www.linkedin.com\/shareArticle?mini=true&url=https:\/\/revistaexpofrio.com\/lg-presenta-en-ish-2025-sus-nuevas-soluciones-hvac-eficientes\/\" target=\"_blank\" class=\" wd-social-icon social-linkedin\" aria-label=\"Linkedin social link\">\n\t\t\t\t\t\t<span class=\"wd-icon\"><\/span>\n\t\t\t\t\t\t\t\t\t\t\t<\/a>\n\t\t\t\t\n\t\t\t\t\n\t\t\t\t\n\t\t\t\t\n\t\t\t\t\n\t\t\t\t\n\t\t\t\t\n\t\t\t\t\n\t\t\t\t\n\t\t\t\t\n\t\t\t\t\n\t\t\t\t\n\t\t\t\t\n\t\t\t\t\n\t\t\t\t\n\t\t\t\t\t\t\t\t\t<a rel=\"noopener noreferrer nofollow\" href=\"https:\/\/telegram.me\/share\/url?url=https:\/\/revistaexpofrio.com\/lg-presenta-en-ish-2025-sus-nuevas-soluciones-hvac-eficientes\/\" target=\"_blank\" class=\" wd-social-icon social-tg\" aria-label=\"Telegram social link\">\n\t\t\t\t\t\t<span class=\"wd-icon\"><\/span>\n\t\t\t\t\t\t\t\t\t\t\t<\/a>\n\t\t\t\t\n\t\t\t\t\n\t\t\t<\/div>\n\n\t\t\t\t\t\t\t\t\t\t<\/div>\n\t\t\t\t\t\t\t\t<div class=\"tooltip-arrow\"><\/div>\n\t\t\t\t\t\t\t<\/div>\n\t\t\t\t\t\t<\/div>\n\t\t\t\t\t\n\t\t\t\t\t\t\t\t\t\t\t\t\t\t\t\t\t<div class=\"wd-post-reply wd-style-1\">\n\t\t\t\t\t\t\t<a href=\"https:\/\/revistaexpofrio.com\/lg-presenta-en-ish-2025-sus-nuevas-soluciones-hvac-eficientes\/#respond\"><span class=\"wd-replies-count\">0<\/span><\/a>\t\t\t\t\t\t<\/div>\n\t\t\t\t\t\t\t\t\t<\/div>\n\t\t\t\n\t\t\t\t\t\t\t\t\t\t\t\t<div class=\"wd-post-excerpt entry-content\">\n\t\t\t\t\t\tLG present\u00f3 en ISH 2025 su nueva gama HVAC con tecnolog\u00eda eficiente y sostenible para entornos residenciales y comerciales.\n\n\n\nLG Elect...\t\t\t\t\t<\/div>\n\t\t\t\t\n\t\t\t\t\t\t\t\t\t\t\t\t\t\t<div class=\"wd-post-read-more wd-style-link read-more-section\">\n\t\t\t\t\t\t<a class=\"\" href=\"https:\/\/revistaexpofrio.com\/lg-presenta-en-ish-2025-sus-nuevas-soluciones-hvac-eficientes\/\">Continue reading<\/a>\t\t\t\t\t<\/div>\n\t\t\t\t\t\t\t\t\t\t\t\t\t<\/div>\n\t<\/div>\n<\/article>\n\n\t\t\t\t\t\t\t\t\t\t\t\n<article id=\"post-19220\" class=\"wd-post blog-design-masonry blog-post-loop blog-style-bg wd-add-shadow wd-col post-19220 post type-post status-publish format-standard has-post-thumbnail hentry category-noticias tag-centros-comerciales tag-climatizacion tag-lg-electronics\">\n\t<div class=\"wd-post-inner article-inner\">\n\t\t\t\t\t<div class=\"wd-post-thumb entry-header\">\n\t\t\t\t\t\t\t\t\t<div class=\"wd-post-img post-img-wrapp\">\n\t\t\t\t\t\t\t\t\t\t\t<\/div>\n\t\t\t\t\t\t\t\t\t\t<a class=\"wd-fill\" tabindex=\"-1\" href=\"https:\/\/revistaexpofrio.com\/como-optimizar-la-climatizacion-en-centros-comerciales\/\" aria-label=\"Link on post \u00bfC\u00f3mo optimizar la climatizaci\u00f3n en centros comerciales?\"><\/a>\n\t\t\t\t\n\t\t\t\t\t\t\t\t\t\t\t\t<div class=\"wd-post-date wd-style-with-bg\">\n\t\t\t\t<span class=\"post-date-day\">\n\t\t\t\t\t18\t\t\t\t<\/span>\n\t\t\t\t<span class=\"post-date-month\">\n\t\t\t\t\tMar\t\t\t\t<\/span>\n\t\t\t<\/div>\n\t\t\t\t\t\t\t\t\t<\/div>\n\t\t\n\t\t<div class=\"wd-post-content article-body-container\">\n\t\t\t\t\t\t\t<div class=\"wd-post-cat wd-style-with-bg meta-post-categories\">\n\t\t\t\t\t<a href=\"https:\/\/revistaexpofrio.com\/category\/noticias\/\" rel=\"category tag\">Noticias HVAC-R<\/a>\t\t\t\t<\/div>\n\t\t\t\n\t\t\t\t\t\t\t<h3 class=\"wd-post-title wd-entities-title title post-title\">\n\t\t\t\t\t<a href=\"https:\/\/revistaexpofrio.com\/como-optimizar-la-climatizacion-en-centros-comerciales\/\" rel=\"bookmark\">\u00bfC\u00f3mo optimizar la climatizaci\u00f3n en centros comerciales?<\/a>\n\t\t\t\t<\/h3>\n\t\t\t\n\t\t\t\t\t\t\t<div class=\"wd-post-meta\">\n\t\t\t\t\t\t\t\t\t\t\t\t\t\t\t<div class=\"wd-post-author\">\n\t\t\t\t\t\t\t\t\t\t\t<span>Posted by<\/span>\n\t\t\n\t\t\t\t\t<img width=\"18\" height=\"18\" src=\"https:\/\/revistaexpofrio.com\/wp-content\/themes\/woodmart\/images\/lazy.svg\" class=\"avatar avatar-18 photo\" alt=\"author-avatar\" decoding=\"async\" srcset=\"\" sizes=\"(max-width: 18px) 100vw, 18px\" data-src=\"https:\/\/revistaexpofrio.com\/wp-content\/uploads\/2026\/01\/Foto-carnet.jpg-150x150.jpeg\" data-srcset=\"https:\/\/revistaexpofrio.com\/wp-content\/uploads\/2026\/01\/Foto-carnet.jpg-150x150.jpeg 150w, https:\/\/revistaexpofrio.com\/wp-content\/uploads\/2026\/01\/Foto-carnet.jpg-300x300.jpeg 300w, https:\/\/revistaexpofrio.com\/wp-content\/uploads\/2026\/01\/Foto-carnet.jpg-768x768.jpeg 768w, https:\/\/revistaexpofrio.com\/wp-content\/uploads\/2026\/01\/Foto-carnet.jpg.jpeg 800w\" \/>\t\t\n\t\t\t\t\t<a href=\"https:\/\/revistaexpofrio.com\/author\/carlos-hijar\/\" class=\"author\" rel=\"author\">Carlos H\u00edjar<\/a>\n\t\t\t\t\t\t\t\t\t<\/div>\n\t\t\t\t\t<div class=\"wd-modified-date\">\n\t\t\t\t\t\t\t\t<time class=\"updated\" datetime=\"2025-03-18T10:04:44-05:00\">\n\t\t\t18 marzo, 2025\t\t<\/time>\n\t\t\t\t\t\t\t<\/div>\n\n\t\t\t\t\t\t\t\t\t\t\t<div tabindex=\"0\" class=\"wd-post-share wd-tltp\">\n\t\t\t\t\t\t\t<div class=\"tooltip top\">\n\t\t\t\t\t\t\t\t<div class=\"tooltip-inner\">\n\t\t\t\t\t\t\t\t\t\t\t\t<div\n\t\t\t\t\t\tclass=\" wd-social-icons wd-style-default wd-size-small social-share wd-shape-circle color-scheme-light text-center\">\n\t\t\t\t\n\t\t\t\t\n\t\t\t\t\t\t\t\t\t<a rel=\"noopener noreferrer nofollow\" href=\"https:\/\/www.facebook.com\/sharer\/sharer.php?u=https:\/\/revistaexpofrio.com\/como-optimizar-la-climatizacion-en-centros-comerciales\/\" target=\"_blank\" class=\" wd-social-icon social-facebook\" aria-label=\"Facebook social link\">\n\t\t\t\t\t\t<span class=\"wd-icon\"><\/span>\n\t\t\t\t\t\t\t\t\t\t\t<\/a>\n\t\t\t\t\n\t\t\t\t\t\t\t\t\t<a rel=\"noopener noreferrer nofollow\" href=\"https:\/\/x.com\/share?url=https:\/\/revistaexpofrio.com\/como-optimizar-la-climatizacion-en-centros-comerciales\/\" target=\"_blank\" class=\" wd-social-icon social-twitter\" aria-label=\"X social link\">\n\t\t\t\t\t\t<span class=\"wd-icon\"><\/span>\n\t\t\t\t\t\t\t\t\t\t\t<\/a>\n\t\t\t\t\n\t\t\t\t\n\t\t\t\t\n\t\t\t\t\n\t\t\t\t\n\t\t\t\t\n\t\t\t\t\t\t\t\t\t<a rel=\"noopener noreferrer nofollow\" href=\"https:\/\/pinterest.com\/pin\/create\/button\/?url=https:\/\/revistaexpofrio.com\/como-optimizar-la-climatizacion-en-centros-comerciales\/&media=https:\/\/revistaexpofrio.com\/wp-includes\/images\/media\/default.svg&description=%C2%BFC%C3%B3mo+optimizar+la+climatizaci%C3%B3n+en+centros+comerciales%3F\" target=\"_blank\" class=\" wd-social-icon social-pinterest\" aria-label=\"Pinterest social link\">\n\t\t\t\t\t\t<span class=\"wd-icon\"><\/span>\n\t\t\t\t\t\t\t\t\t\t\t<\/a>\n\t\t\t\t\n\t\t\t\t\n\t\t\t\t\t\t\t\t\t<a rel=\"noopener noreferrer nofollow\" href=\"https:\/\/www.linkedin.com\/shareArticle?mini=true&url=https:\/\/revistaexpofrio.com\/como-optimizar-la-climatizacion-en-centros-comerciales\/\" target=\"_blank\" class=\" wd-social-icon social-linkedin\" aria-label=\"Linkedin social link\">\n\t\t\t\t\t\t<span class=\"wd-icon\"><\/span>\n\t\t\t\t\t\t\t\t\t\t\t<\/a>\n\t\t\t\t\n\t\t\t\t\n\t\t\t\t\n\t\t\t\t\n\t\t\t\t\n\t\t\t\t\n\t\t\t\t\n\t\t\t\t\n\t\t\t\t\n\t\t\t\t\n\t\t\t\t\n\t\t\t\t\n\t\t\t\t\n\t\t\t\t\n\t\t\t\t\n\t\t\t\t\t\t\t\t\t<a rel=\"noopener noreferrer nofollow\" href=\"https:\/\/telegram.me\/share\/url?url=https:\/\/revistaexpofrio.com\/como-optimizar-la-climatizacion-en-centros-comerciales\/\" target=\"_blank\" class=\" wd-social-icon social-tg\" aria-label=\"Telegram social link\">\n\t\t\t\t\t\t<span class=\"wd-icon\"><\/span>\n\t\t\t\t\t\t\t\t\t\t\t<\/a>\n\t\t\t\t\n\t\t\t\t\n\t\t\t<\/div>\n\n\t\t\t\t\t\t\t\t\t\t<\/div>\n\t\t\t\t\t\t\t\t<div class=\"tooltip-arrow\"><\/div>\n\t\t\t\t\t\t\t<\/div>\n\t\t\t\t\t\t<\/div>\n\t\t\t\t\t\n\t\t\t\t\t\t\t\t\t\t\t\t\t\t\t\t\t<div class=\"wd-post-reply wd-style-1\">\n\t\t\t\t\t\t\t<a href=\"https:\/\/revistaexpofrio.com\/como-optimizar-la-climatizacion-en-centros-comerciales\/#respond\"><span class=\"wd-replies-count\">0<\/span><\/a>\t\t\t\t\t\t<\/div>\n\t\t\t\t\t\t\t\t\t<\/div>\n\t\t\t\n\t\t\t\t\t\t\t\t\t\t\t\t<div class=\"wd-post-excerpt entry-content\">\n\t\t\t\t\t\tLG Global comparte recomendaciones para optimizar la climatizaci\u00f3n en centros comerciales, mejorando confort, eficiencia y sostenibilid...\t\t\t\t\t<\/div>\n\t\t\t\t\n\t\t\t\t\t\t\t\t\t\t\t\t\t\t<div class=\"wd-post-read-more wd-style-link read-more-section\">\n\t\t\t\t\t\t<a class=\"\" href=\"https:\/\/revistaexpofrio.com\/como-optimizar-la-climatizacion-en-centros-comerciales\/\">Continue reading<\/a>\t\t\t\t\t<\/div>\n\t\t\t\t\t\t\t\t\t\t\t\t\t<\/div>\n\t<\/div>\n<\/article>\n\n\t\t\t\t\t\t\t\t\t\t\t\n<article id=\"post-19279\" class=\"wd-post blog-design-masonry blog-post-loop blog-style-bg wd-add-shadow wd-col post-19279 post type-post status-publish format-standard has-post-thumbnail hentry category-noticias tag-ahr-expo-2025 tag-bombas-de-calor tag-lg-electronics\">\n\t<div class=\"wd-post-inner article-inner\">\n\t\t\t\t\t<div class=\"wd-post-thumb entry-header\">\n\t\t\t\t\t\t\t\t\t<div class=\"wd-post-img post-img-wrapp\">\n\t\t\t\t\t\t\t\t\t\t\t<\/div>\n\t\t\t\t\t\t\t\t\t\t<a class=\"wd-fill\" tabindex=\"-1\" href=\"https:\/\/revistaexpofrio.com\/lg-impulsa-el-futuro-de-las-bombas-de-calor\/\" aria-label=\"Link on post LG impulsa el futuro de las bombas de calor\"><\/a>\n\t\t\t\t\n\t\t\t\t\t\t\t\t\t\t\t\t<div class=\"wd-post-date wd-style-with-bg\">\n\t\t\t\t<span class=\"post-date-day\">\n\t\t\t\t\t24\t\t\t\t<\/span>\n\t\t\t\t<span class=\"post-date-month\">\n\t\t\t\t\tFeb\t\t\t\t<\/span>\n\t\t\t<\/div>\n\t\t\t\t\t\t\t\t\t<\/div>\n\t\t\n\t\t<div class=\"wd-post-content article-body-container\">\n\t\t\t\t\t\t\t<div class=\"wd-post-cat wd-style-with-bg meta-post-categories\">\n\t\t\t\t\t<a href=\"https:\/\/revistaexpofrio.com\/category\/noticias\/\" rel=\"category tag\">Noticias HVAC-R<\/a>\t\t\t\t<\/div>\n\t\t\t\n\t\t\t\t\t\t\t<h3 class=\"wd-post-title wd-entities-title title post-title\">\n\t\t\t\t\t<a href=\"https:\/\/revistaexpofrio.com\/lg-impulsa-el-futuro-de-las-bombas-de-calor\/\" rel=\"bookmark\">LG impulsa el futuro de las bombas de calor<\/a>\n\t\t\t\t<\/h3>\n\t\t\t\n\t\t\t\t\t\t\t<div class=\"wd-post-meta\">\n\t\t\t\t\t\t\t\t\t\t\t\t\t\t\t<div class=\"wd-post-author\">\n\t\t\t\t\t\t\t\t\t\t\t<span>Posted by<\/span>\n\t\t\n\t\t\t\t\t<img width=\"18\" height=\"18\" src=\"https:\/\/revistaexpofrio.com\/wp-content\/themes\/woodmart\/images\/lazy.svg\" class=\"avatar avatar-18 photo\" alt=\"author-avatar\" decoding=\"async\" srcset=\"\" sizes=\"(max-width: 18px) 100vw, 18px\" data-src=\"https:\/\/revistaexpofrio.com\/wp-content\/uploads\/2026\/01\/Foto-carnet.jpg-150x150.jpeg\" data-srcset=\"https:\/\/revistaexpofrio.com\/wp-content\/uploads\/2026\/01\/Foto-carnet.jpg-150x150.jpeg 150w, https:\/\/revistaexpofrio.com\/wp-content\/uploads\/2026\/01\/Foto-carnet.jpg-300x300.jpeg 300w, https:\/\/revistaexpofrio.com\/wp-content\/uploads\/2026\/01\/Foto-carnet.jpg-768x768.jpeg 768w, https:\/\/revistaexpofrio.com\/wp-content\/uploads\/2026\/01\/Foto-carnet.jpg.jpeg 800w\" \/>\t\t\n\t\t\t\t\t<a href=\"https:\/\/revistaexpofrio.com\/author\/carlos-hijar\/\" class=\"author\" rel=\"author\">Carlos H\u00edjar<\/a>\n\t\t\t\t\t\t\t\t\t<\/div>\n\t\t\t\t\t<div class=\"wd-modified-date\">\n\t\t\t\t\t\t\t\t<time class=\"updated\" datetime=\"2025-02-24T18:24:50-05:00\">\n\t\t\t24 febrero, 2025\t\t<\/time>\n\t\t\t\t\t\t\t<\/div>\n\n\t\t\t\t\t\t\t\t\t\t\t<div tabindex=\"0\" class=\"wd-post-share wd-tltp\">\n\t\t\t\t\t\t\t<div class=\"tooltip top\">\n\t\t\t\t\t\t\t\t<div class=\"tooltip-inner\">\n\t\t\t\t\t\t\t\t\t\t\t\t<div\n\t\t\t\t\t\tclass=\" wd-social-icons wd-style-default wd-size-small social-share wd-shape-circle color-scheme-light text-center\">\n\t\t\t\t\n\t\t\t\t\n\t\t\t\t\t\t\t\t\t<a rel=\"noopener noreferrer nofollow\" href=\"https:\/\/www.facebook.com\/sharer\/sharer.php?u=https:\/\/revistaexpofrio.com\/lg-impulsa-el-futuro-de-las-bombas-de-calor\/\" target=\"_blank\" class=\" wd-social-icon social-facebook\" aria-label=\"Facebook social link\">\n\t\t\t\t\t\t<span class=\"wd-icon\"><\/span>\n\t\t\t\t\t\t\t\t\t\t\t<\/a>\n\t\t\t\t\n\t\t\t\t\t\t\t\t\t<a rel=\"noopener noreferrer nofollow\" href=\"https:\/\/x.com\/share?url=https:\/\/revistaexpofrio.com\/lg-impulsa-el-futuro-de-las-bombas-de-calor\/\" target=\"_blank\" class=\" wd-social-icon social-twitter\" aria-label=\"X social link\">\n\t\t\t\t\t\t<span class=\"wd-icon\"><\/span>\n\t\t\t\t\t\t\t\t\t\t\t<\/a>\n\t\t\t\t\n\t\t\t\t\n\t\t\t\t\n\t\t\t\t\n\t\t\t\t\n\t\t\t\t\n\t\t\t\t\t\t\t\t\t<a rel=\"noopener noreferrer nofollow\" href=\"https:\/\/pinterest.com\/pin\/create\/button\/?url=https:\/\/revistaexpofrio.com\/lg-impulsa-el-futuro-de-las-bombas-de-calor\/&media=https:\/\/revistaexpofrio.com\/wp-includes\/images\/media\/default.svg&description=LG+impulsa+el+futuro+de+las+bombas+de+calor\" target=\"_blank\" class=\" wd-social-icon social-pinterest\" aria-label=\"Pinterest social link\">\n\t\t\t\t\t\t<span class=\"wd-icon\"><\/span>\n\t\t\t\t\t\t\t\t\t\t\t<\/a>\n\t\t\t\t\n\t\t\t\t\n\t\t\t\t\t\t\t\t\t<a rel=\"noopener noreferrer nofollow\" href=\"https:\/\/www.linkedin.com\/shareArticle?mini=true&url=https:\/\/revistaexpofrio.com\/lg-impulsa-el-futuro-de-las-bombas-de-calor\/\" target=\"_blank\" class=\" wd-social-icon social-linkedin\" aria-label=\"Linkedin social link\">\n\t\t\t\t\t\t<span class=\"wd-icon\"><\/span>\n\t\t\t\t\t\t\t\t\t\t\t<\/a>\n\t\t\t\t\n\t\t\t\t\n\t\t\t\t\n\t\t\t\t\n\t\t\t\t\n\t\t\t\t\n\t\t\t\t\n\t\t\t\t\n\t\t\t\t\n\t\t\t\t\n\t\t\t\t\n\t\t\t\t\n\t\t\t\t\n\t\t\t\t\n\t\t\t\t\n\t\t\t\t\t\t\t\t\t<a rel=\"noopener noreferrer nofollow\" href=\"https:\/\/telegram.me\/share\/url?url=https:\/\/revistaexpofrio.com\/lg-impulsa-el-futuro-de-las-bombas-de-calor\/\" target=\"_blank\" class=\" wd-social-icon social-tg\" aria-label=\"Telegram social link\">\n\t\t\t\t\t\t<span class=\"wd-icon\"><\/span>\n\t\t\t\t\t\t\t\t\t\t\t<\/a>\n\t\t\t\t\n\t\t\t\t\n\t\t\t<\/div>\n\n\t\t\t\t\t\t\t\t\t\t<\/div>\n\t\t\t\t\t\t\t\t<div class=\"tooltip-arrow\"><\/div>\n\t\t\t\t\t\t\t<\/div>\n\t\t\t\t\t\t<\/div>\n\t\t\t\t\t\n\t\t\t\t\t\t\t\t\t\t\t\t\t\t\t\t\t<div class=\"wd-post-reply wd-style-1\">\n\t\t\t\t\t\t\t<a href=\"https:\/\/revistaexpofrio.com\/lg-impulsa-el-futuro-de-las-bombas-de-calor\/#respond\"><span class=\"wd-replies-count\">0<\/span><\/a>\t\t\t\t\t\t<\/div>\n\t\t\t\t\t\t\t\t\t<\/div>\n\t\t\t\n\t\t\t\t\t\t\t\t\t\t\t\t<div class=\"wd-post-excerpt entry-content\">\n\t\t\t\t\t\tLG organiz\u00f3 una mesa redonda en la AHR Expo 2025 sobre el futuro de las bombas de calor y su impacto en la eficiencia energ\u00e9tica.\n\n\n\nEn...\t\t\t\t\t<\/div>\n\t\t\t\t\n\t\t\t\t\t\t\t\t\t\t\t\t\t\t<div class=\"wd-post-read-more wd-style-link read-more-section\">\n\t\t\t\t\t\t<a class=\"\" href=\"https:\/\/revistaexpofrio.com\/lg-impulsa-el-futuro-de-las-bombas-de-calor\/\">Continue reading<\/a>\t\t\t\t\t<\/div>\n\t\t\t\t\t\t\t\t\t\t\t\t\t<\/div>\n\t<\/div>\n<\/article>\n\n\t\t\t\t\t\n\t\t\t\t\t","status":"have-posts","nextPage":"https:\/\/revistaexpofrio.com\/tag\/lg-electronics\/page\/3\/?woo_ajax=1","currentPage":"https:\/\/revistaexpofrio.com\/tag\/lg-electronics\/page\/2"}